{"id":9416,"date":"2023-05-31T16:25:42","date_gmt":"2023-05-31T19:25:42","guid":{"rendered":"https:\/\/webvasco.com\/artigos\/?p=9416"},"modified":"2023-05-31T16:25:43","modified_gmt":"2023-05-31T19:25:43","slug":"elas-o-professor-cristiane-maluca","status":"publish","type":"post","link":"https:\/\/webvasco.com\/artigos\/temas\/elas-e-o-professor\/elas-o-professor-cristiane-maluca\/","title":{"rendered":"ELAS &#038; O PROFESSOR \u2013 CRISTIANE MALUCA"},"content":{"rendered":"\n<p><strong><u>ELAS &amp; O PROFESSOR<\/u><\/strong><\/p>\n\n\n\n<p><strong>POR LUIZ CARLOS ROCHA<\/strong><\/p>\n\n\n\n<p>A entrevista de maio de 2023, com Cristiane Corr\u00eaa dos Santos \u00e9 dedicada ao grande amor da minha vida, minha maior fonte de inspira\u00e7\u00e3o, meu mundo, meu tudo: \u00darsulla Rocha. Filha amada.<\/p>\n\n\n\n<p><strong>&nbsp;&nbsp;&nbsp; CRISTIANE MALUCA, <\/strong>40 anos,operadora de caixa de profiss\u00e3o, mas atualmente trabalha fazendo personagem vivo em festas infantis, solteira, sem filhos, do signo de Aries, cat\u00f3lica, moradora do bairro de Palhada, em Nova Igua\u00e7u\/RJ. Sua Escola de Samba do cora\u00e7\u00e3o \u00e9 a Beija-Flor de Nil\u00f3pilis. Nas horas vagas: gosta de &nbsp;fazer trabalhos volunt\u00e1rios dancinhas lives, ir ao teatro e \u00e9 claro passear. Seu prato predileto \u00e9 o Strogonoff.<\/p>\n\n\n\n<p><strong>&nbsp;&nbsp;&nbsp; Voc\u00ea teme o quinto rebaixamento do Vasco?<\/strong><\/p>\n\n\n\n<p>Se o time continuar desse jeito que est\u00e1 jogando com certeza vai cair.<\/p>\n\n\n\n<p><strong>&nbsp;&nbsp;&nbsp; O Cruzmaltino j\u00e1 est\u00e1 como o primeiro na tabela de classifica\u00e7\u00e3o dos possiveis rebaixados, com apenas 25% de aproveitamento, como evitar esse desastre?<\/strong><\/p>\n\n\n\n<p>O t\u00e9cnico tem de dar um incentivo, uma esp\u00e9cie de \u00e2nimo para os jogadores.&nbsp;<\/p>\n\n\n\n<p><strong>&nbsp;&nbsp;&nbsp; Na estr\u00e9ia do campeonato Brasileiro de 2023 o Vasco da Gama venceu o Atl\u00e9tico Mineiro (um dos candidatos ao t\u00edtulo) , em casa, por que o time caiu tanto de produ\u00e7\u00e3o?<\/strong><\/p>\n\n\n\n<p>Na minha opini\u00e3o ganhar de primeira n\u00e3o garante um t\u00edtulo. \u00c9 preciso ter parceria, acreditar que todo jogo \u00e9 dif\u00edcil, nunca \u00e9 f\u00e1cil e sempre ter dedica\u00e7\u00e3o e correr atr\u00e1s para dar o melhor.<\/p>\n\n\n\n<p><strong>&nbsp;&nbsp;&nbsp;&nbsp; Maur\u00edcio Barbieri deve continuar no comando da equipe?<\/strong><\/p>\n\n\n\n<p>Acho que o bom t\u00e9cnico tem de ter estrat\u00e9gias, ser inteligente nas escolhas. Estudar cada passo, cada regra. Ele est\u00e1 deixando a desejar&nbsp;.<\/p>\n\n\n\n<p><strong>&nbsp;&nbsp;&nbsp; O Gigante (atualmente An\u00e3o) da Colina precisa de um treinador de ponta?<\/strong><\/p>\n\n\n\n<p>Com certeza precisamos de um t\u00e9cnico para fazer a diferen\u00e7a. No Vasco a regra \u00e9 clara tem de ser inteligente e mostrar que n\u00e3o \u00e9 s\u00f3 uma folha de papel que faz a diferen\u00e7a, e sim muito comprometimento, estudos, estrat\u00e9gias e objetivos.<\/p>\n\n\n\n<p><strong>&nbsp;&nbsp;&nbsp; O respeito e a hierarquia entre t\u00e9cnico e atletas se perdeu?<\/strong><\/p>\n\n\n\n<p>Sim acho que primeiro de tudo o respeito tem de estar em primeiro lugar, tem de saber ouvir, mas tamb\u00e9m saber opinar para termos uni\u00e3o. Juntos somos mas fortes.&nbsp;<\/p>\n\n\n\n<p><strong>&nbsp;&nbsp;&nbsp; A atual diretoria de futebol \u00e9 t\u00e3o in\u00fatil e inoperante quanto as demais que por l\u00e1 passaram nos \u00faltimos 23 anos?<\/strong><\/p>\n\n\n\n<p>In\u00fatil e inoperante \u00e9 uma palavra muito forte, mas a diretoria poderia pegar os ensinamentos do eterno Eurico Miranda e Roberto Dinamite e colocar em pr\u00e1tica.<\/p>\n\n\n\n<p><strong>&nbsp;&nbsp;&nbsp; Quando os frutos da 777 Partners ir\u00e3o aparecer?<\/strong><\/p>\n\n\n\n<p>Espero que apare\u00e7am o mas r\u00e1pido poss\u00edvel.<\/p>\n\n\n\n<p><strong>&nbsp;&nbsp;&nbsp; At\u00e9 quando a Imensa Torcida Bem (in) Feliz ir\u00e1 sofrer?<\/strong><\/p>\n\n\n\n<p>Como sou vascaina de cora\u00e7\u00e3o, nunca deixarei de acreditar que vamos parar de sofrer. Vamos Vasco da Gama.&nbsp;<\/p>\n\n\n\n<p><strong>&nbsp;&nbsp;&nbsp; Voc\u00ea acredita na SAF do Vasco?<\/strong><\/p>\n\n\n\n<p>Temos de acreditar, pensamento positivo sempre.&nbsp;<\/p>\n\n\n\n<p><strong>&nbsp;&nbsp;&nbsp; Agora que n\u00e3o falta mais dinheiro, por que o Vasco da Gama n\u00e3o ganha de ningu\u00e9m? Falta vergonha?<\/strong><\/p>\n\n\n\n<p>Vasco da Gama \u00e9 o time que precisa de incentivos, de uni\u00e3o e for\u00e7a. Nosso time est\u00e1 muito desanimado e sem garra. Vamos time para cima deles!<\/p>\n\n\n\n<p><strong>&nbsp;&nbsp;&nbsp; O \u00eddolo Edmundo \u00e9 maluco ou consciente?<\/strong><\/p>\n\n\n\n<p>&nbsp; Edmundo foi e \u00e9 o meu \u00eddolo. O cara entrava em campo e brincava com a bola com toda a responsabilidade. Sabia o que estava fazendo. Edmundo \u00e9 animal. \u00c9 uns dos melhores jogadores do Vasco. Poderia ser nosso t\u00e9cnico, fica a dica.&nbsp;<\/p>\n\n\n\n<p><strong><u>FOTOGRAFIAS \u00a0FORNECIDAS PELO ARQUIVO PESSOAL DA ENTREVISTADA.<\/u><\/strong><\/p>\n\n\n\n<figure class=\"wp-block-gallery columns-2 is-cropped wp-block-gallery-1 is-layout-flex wp-block-gallery-is-layout-flex\"><ul class=\"blocks-gallery-grid\"><li class=\"blocks-gallery-item\"><figure><a href=\"https:\/\/webvasco.com\/artigos\/wp-content\/uploads\/2023\/05\/FB_IMG_1685284460501-1.jpg\"><img loading=\"lazy\" decoding=\"async\" width=\"480\" height=\"640\" src=\"https:\/\/webvasco.com\/artigos\/wp-content\/uploads\/2023\/05\/FB_IMG_1685284460501-1.jpg\" alt=\"\" data-id=\"9418\" data-full-url=\"https:\/\/webvasco.com\/artigos\/wp-content\/uploads\/2023\/05\/FB_IMG_1685284460501-1.jpg\" data-link=\"https:\/\/webvasco.com\/artigos\/?attachment_id=9418\" class=\"wp-image-9418\" srcset=\"https:\/\/webvasco.com\/artigos\/wp-content\/uploads\/2023\/05\/FB_IMG_1685284460501-1.jpg 480w, https:\/\/webvasco.com\/artigos\/wp-content\/uploads\/2023\/05\/FB_IMG_1685284460501-1-225x300.jpg 225w, https:\/\/webvasco.com\/artigos\/wp-content\/uploads\/2023\/05\/FB_IMG_1685284460501-1-113x150.jpg 113w\" sizes=\"auto, (max-width: 480px) 100vw, 480px\" \/><\/a><\/figure><\/li><li class=\"blocks-gallery-item\"><figure><a href=\"https:\/\/webvasco.com\/artigos\/wp-content\/uploads\/2023\/05\/FB_IMG_1685284647778.jpg\"><img loading=\"lazy\" decoding=\"async\" width=\"614\" height=\"1024\" src=\"https:\/\/webvasco.com\/artigos\/wp-content\/uploads\/2023\/05\/FB_IMG_1685284647778-614x1024.jpg\" alt=\"\" data-id=\"9419\" data-full-url=\"https:\/\/webvasco.com\/artigos\/wp-content\/uploads\/2023\/05\/FB_IMG_1685284647778.jpg\" data-link=\"https:\/\/webvasco.com\/artigos\/?attachment_id=9419\" class=\"wp-image-9419\" srcset=\"https:\/\/webvasco.com\/artigos\/wp-content\/uploads\/2023\/05\/FB_IMG_1685284647778-614x1024.jpg 614w, https:\/\/webvasco.com\/artigos\/wp-content\/uploads\/2023\/05\/FB_IMG_1685284647778-180x300.jpg 180w, https:\/\/webvasco.com\/artigos\/wp-content\/uploads\/2023\/05\/FB_IMG_1685284647778-90x150.jpg 90w, https:\/\/webvasco.com\/artigos\/wp-content\/uploads\/2023\/05\/FB_IMG_1685284647778.jpg 720w\" sizes=\"auto, (max-width: 614px) 100vw, 614px\" \/><\/a><\/figure><\/li><\/ul><\/figure>\n","protected":false},"excerpt":{"rendered":"<p>ELAS &amp; O PROFESSOR POR LUIZ CARLOS ROCHA A entrevista de maio de 2023, com&#8230;<\/p>\n","protected":false},"author":7,"featured_media":9419,"comment_status":"open","ping_status":"closed","sticky":false,"template":"","format":"standard","meta":{"footnotes":""},"categories":[27],"tags":[],"class_list":["post-9416","post","type-post","status-publish","format-standard","has-post-thumbnail","hentry","category-elas-e-o-professor"],"_links":{"self":[{"href":"https:\/\/webvasco.com\/artigos\/wp-json\/wp\/v2\/posts\/9416","targetHints":{"allow":["GET"]}}],"collection":[{"href":"https:\/\/webvasco.com\/artigos\/wp-json\/wp\/v2\/posts"}],"about":[{"href":"https:\/\/webvasco.com\/artigos\/wp-json\/wp\/v2\/types\/post"}],"author":[{"embeddable":true,"href":"https:\/\/webvasco.com\/artigos\/wp-json\/wp\/v2\/users\/7"}],"replies":[{"embeddable":true,"href":"https:\/\/webvasco.com\/artigos\/wp-json\/wp\/v2\/comments?post=9416"}],"version-history":[{"count":1,"href":"https:\/\/webvasco.com\/artigos\/wp-json\/wp\/v2\/posts\/9416\/revisions"}],"predecessor-version":[{"id":9420,"href":"https:\/\/webvasco.com\/artigos\/wp-json\/wp\/v2\/posts\/9416\/revisions\/9420"}],"wp:featuredmedia":[{"embeddable":true,"href":"https:\/\/webvasco.com\/artigos\/wp-json\/wp\/v2\/media\/9419"}],"wp:attachment":[{"href":"https:\/\/webvasco.com\/artigos\/wp-json\/wp\/v2\/media?parent=9416"}],"wp:term":[{"taxonomy":"category","embeddable":true,"href":"https:\/\/webvasco.com\/artigos\/wp-json\/wp\/v2\/categories?post=9416"},{"taxonomy":"post_tag","embeddable":true,"href":"https:\/\/webvasco.com\/artigos\/wp-json\/wp\/v2\/tags?post=9416"}],"curies":[{"name":"wp","href":"https:\/\/api.w.org\/{rel}","templated":true}]}}