{"id":9421,"date":"2023-06-28T19:10:00","date_gmt":"2023-06-28T22:10:00","guid":{"rendered":"https:\/\/webvasco.com\/artigos\/?p=9421"},"modified":"2023-06-28T19:10:02","modified_gmt":"2023-06-28T22:10:02","slug":"elas-o-professor-shirley","status":"publish","type":"post","link":"https:\/\/webvasco.com\/artigos\/temas\/elas-e-o-professor\/elas-o-professor-shirley\/","title":{"rendered":"ELAS &#038; O PROFESSOR \u2013 SHIRLEY"},"content":{"rendered":"\n<p><strong><u>ELAS &amp; O PROFESSOR<\/u><\/strong><\/p>\n\n\n\n<p><strong>POR LUIZ CARLOS ROCHA<\/strong><\/p>\n\n\n\n<p>A entrevista de junho de 2023, com &nbsp;Shilrey Gabriela Nunes de Assis Barros \u00e9 dedicada \u00e0 vasca\u00edna que mais amo no mundo: \u00darsulla Rocha, minha filha, meu amor infinito.<\/p>\n\n\n\n<p><strong>&nbsp;&nbsp;&nbsp; SHIRLEY, <\/strong>casada, 28 anos<strong>, <\/strong>balconista<strong>, &nbsp;<\/strong>mam\u00e3e da Brenda de 1 aninho<strong>, <\/strong>do signo de c\u00e2ncer, suas Escolas de Samba do cora\u00e7\u00e3o s\u00e3o a Mocidade Independente de Padre Miguel, moradora de Campo Grande\/RJ. Seus pratos prediletos s\u00e3o a lasanha e o empad\u00e3o. Nas horas vagas ela ama passear com a fam\u00edlia.<\/p>\n\n\n\n<p><strong>&nbsp;&nbsp;&nbsp; Voc\u00ea gostava do trabalho do Maur\u00edcio Barbieri? Acha ele bom treinador?<\/strong><\/p>\n\n\n\n<p>N\u00e3o, pois n\u00e3o sabia escalar o time.<\/p>\n\n\n\n<p><strong>&nbsp;&nbsp;&nbsp; Ele demorou para ser demitido, uma vez que teve 7 derrotas consecutivas?<\/strong><\/p>\n\n\n\n<p>Sim.&nbsp;<\/p>\n\n\n\n<p><strong>&nbsp;&nbsp;&nbsp; Qual o t\u00e9cnico ideal para assumir o Vasco da Gama?<\/strong><\/p>\n\n\n\n<p>Muricy Ramalho<\/p>\n\n\n\n<p><strong>&nbsp;&nbsp;&nbsp; Atualmente essa \u00e9 a pior campanha do Cruzmaltino nas \u00faltimas 20 edi\u00e7\u00f5es do Campeonato Brasileiro, voc\u00ea acredita que ainda dar\u00e1 tempo de reverter a situa\u00e7\u00e3o?<\/strong><\/p>\n\n\n\n<p>Sim.<\/p>\n\n\n\n<p><strong>&nbsp;&nbsp;&nbsp; H\u00e1 bons nomes no Brasil para comandar o Vasco, ou a diretoria precisar\u00e1 buscar fora?<\/strong><\/p>\n\n\n\n<p>Sim, h\u00e1.<\/p>\n\n\n\n<p><strong>&nbsp;&nbsp;&nbsp; \u00c9 muito cedo para questionar a 777 Partners ?<\/strong><\/p>\n\n\n\n<p>\u00c9.<\/p>\n\n\n\n<p><strong>&nbsp;&nbsp;&nbsp; O time \u00e9 t\u00e3o ruim assim ou falta vergonha e empenho?<\/strong><\/p>\n\n\n\n<p>&nbsp;Falta empenho.<\/p>\n\n\n\n<p><strong>&nbsp;&nbsp;&nbsp; S\u00f3 Jesus Salva? (No caso do Vasco o treinador Jorge Jesus)<\/strong><\/p>\n\n\n\n<p>S\u00f3 Jesus com a dire\u00e7\u00e3o.<\/p>\n\n\n\n<p><strong>&nbsp;&nbsp;&nbsp; Quais atletas do atual elenco voc\u00ea mandaria procurar o balc\u00e3o de empregos?<\/strong><\/p>\n\n\n\n<p>Ze Gabriel.&nbsp;<\/p>\n\n\n\n<p><strong>&nbsp;&nbsp;&nbsp; Em qual posi\u00e7\u00e3o na tabela de classifica\u00e7\u00e3o do Brasileir\u00e3o 2023 o Vasco ficar\u00e1?<\/strong><\/p>\n\n\n\n<p>D\u00e9cimo oitavo lugar.<\/p>\n\n\n\n<p><strong>&nbsp;&nbsp;&nbsp; Qual setor dentro de campo o Vasc\u00e3o \u00e9 mais deficiente?<\/strong><\/p>\n\n\n\n<p>A defesa.<\/p>\n\n\n\n<p><strong>&nbsp;&nbsp;&nbsp; O que te fez escolher torcer para o Gigante da Colina?<\/strong><\/p>\n\n\n\n<p>&nbsp;A hist\u00f3ria do Vasco.<\/p>\n\n\n\n<p><strong><u>FOTOGRAFIAS \u00a0FORNECIDAS PELO ARQUIVO PESSOAL DA ENTREVISTADA.<\/u><\/strong><\/p>\n\n\n\n<figure class=\"wp-block-gallery columns-2 is-cropped wp-block-gallery-1 is-layout-flex wp-block-gallery-is-layout-flex\"><ul class=\"blocks-gallery-grid\"><li class=\"blocks-gallery-item\"><figure><a href=\"https:\/\/webvasco.com\/artigos\/wp-content\/uploads\/2023\/06\/WhatsApp-Image-2023-06-28-at-18.06.27-1.jpeg\"><img loading=\"lazy\" decoding=\"async\" width=\"576\" height=\"1024\" src=\"https:\/\/webvasco.com\/artigos\/wp-content\/uploads\/2023\/06\/WhatsApp-Image-2023-06-28-at-18.06.27-1-576x1024.jpeg\" alt=\"\" data-id=\"9422\" data-full-url=\"https:\/\/webvasco.com\/artigos\/wp-content\/uploads\/2023\/06\/WhatsApp-Image-2023-06-28-at-18.06.27-1.jpeg\" data-link=\"https:\/\/webvasco.com\/artigos\/?attachment_id=9422\" class=\"wp-image-9422\" srcset=\"https:\/\/webvasco.com\/artigos\/wp-content\/uploads\/2023\/06\/WhatsApp-Image-2023-06-28-at-18.06.27-1-576x1024.jpeg 576w, https:\/\/webvasco.com\/artigos\/wp-content\/uploads\/2023\/06\/WhatsApp-Image-2023-06-28-at-18.06.27-1-169x300.jpeg 169w, https:\/\/webvasco.com\/artigos\/wp-content\/uploads\/2023\/06\/WhatsApp-Image-2023-06-28-at-18.06.27-1-84x150.jpeg 84w, https:\/\/webvasco.com\/artigos\/wp-content\/uploads\/2023\/06\/WhatsApp-Image-2023-06-28-at-18.06.27-1.jpeg 720w\" sizes=\"auto, (max-width: 576px) 100vw, 576px\" \/><\/a><\/figure><\/li><li class=\"blocks-gallery-item\"><figure><a href=\"https:\/\/webvasco.com\/artigos\/wp-content\/uploads\/2023\/06\/WhatsApp-Image-2023-06-28-at-18.06.27.jpeg\"><img loading=\"lazy\" decoding=\"async\" width=\"480\" height=\"864\" src=\"https:\/\/webvasco.com\/artigos\/wp-content\/uploads\/2023\/06\/WhatsApp-Image-2023-06-28-at-18.06.27.jpeg\" alt=\"\" data-id=\"9423\" data-full-url=\"https:\/\/webvasco.com\/artigos\/wp-content\/uploads\/2023\/06\/WhatsApp-Image-2023-06-28-at-18.06.27.jpeg\" data-link=\"https:\/\/webvasco.com\/artigos\/?attachment_id=9423\" class=\"wp-image-9423\" srcset=\"https:\/\/webvasco.com\/artigos\/wp-content\/uploads\/2023\/06\/WhatsApp-Image-2023-06-28-at-18.06.27.jpeg 480w, https:\/\/webvasco.com\/artigos\/wp-content\/uploads\/2023\/06\/WhatsApp-Image-2023-06-28-at-18.06.27-167x300.jpeg 167w, https:\/\/webvasco.com\/artigos\/wp-content\/uploads\/2023\/06\/WhatsApp-Image-2023-06-28-at-18.06.27-83x150.jpeg 83w\" sizes=\"auto, (max-width: 480px) 100vw, 480px\" \/><\/a><\/figure><\/li><\/ul><\/figure>\n","protected":false},"excerpt":{"rendered":"<p>ELAS &amp; O PROFESSOR POR LUIZ CARLOS ROCHA A entrevista de junho de 2023, com&#8230;<\/p>\n","protected":false},"author":7,"featured_media":9422,"comment_status":"open","ping_status":"closed","sticky":false,"template":"","format":"standard","meta":{"footnotes":""},"categories":[27],"tags":[],"class_list":["post-9421","post","type-post","status-publish","format-standard","has-post-thumbnail","hentry","category-elas-e-o-professor"],"_links":{"self":[{"href":"https:\/\/webvasco.com\/artigos\/wp-json\/wp\/v2\/posts\/9421","targetHints":{"allow":["GET"]}}],"collection":[{"href":"https:\/\/webvasco.com\/artigos\/wp-json\/wp\/v2\/posts"}],"about":[{"href":"https:\/\/webvasco.com\/artigos\/wp-json\/wp\/v2\/types\/post"}],"author":[{"embeddable":true,"href":"https:\/\/webvasco.com\/artigos\/wp-json\/wp\/v2\/users\/7"}],"replies":[{"embeddable":true,"href":"https:\/\/webvasco.com\/artigos\/wp-json\/wp\/v2\/comments?post=9421"}],"version-history":[{"count":1,"href":"https:\/\/webvasco.com\/artigos\/wp-json\/wp\/v2\/posts\/9421\/revisions"}],"predecessor-version":[{"id":9424,"href":"https:\/\/webvasco.com\/artigos\/wp-json\/wp\/v2\/posts\/9421\/revisions\/9424"}],"wp:featuredmedia":[{"embeddable":true,"href":"https:\/\/webvasco.com\/artigos\/wp-json\/wp\/v2\/media\/9422"}],"wp:attachment":[{"href":"https:\/\/webvasco.com\/artigos\/wp-json\/wp\/v2\/media?parent=9421"}],"wp:term":[{"taxonomy":"category","embeddable":true,"href":"https:\/\/webvasco.com\/artigos\/wp-json\/wp\/v2\/categories?post=9421"},{"taxonomy":"post_tag","embeddable":true,"href":"https:\/\/webvasco.com\/artigos\/wp-json\/wp\/v2\/tags?post=9421"}],"curies":[{"name":"wp","href":"https:\/\/api.w.org\/{rel}","templated":true}]}}