{"id":9425,"date":"2023-07-31T20:27:05","date_gmt":"2023-07-31T23:27:05","guid":{"rendered":"https:\/\/webvasco.com\/artigos\/?p=9425"},"modified":"2023-07-31T20:27:07","modified_gmt":"2023-07-31T23:27:07","slug":"elas-o-professor-eli","status":"publish","type":"post","link":"https:\/\/webvasco.com\/artigos\/temas\/elas-e-o-professor\/elas-o-professor-eli\/","title":{"rendered":"ELAS &#038; O PROFESSOR \u2013ELI"},"content":{"rendered":"\n<p>ELAS &amp; O PROFESSOR<\/p>\n\n\n\n<p>POR LUIZ CARLOS ROCHA<\/p>\n\n\n\n<p>A entrevista de julho de 2023, com Eliane de Vita Carvalho \u00e9 dedicada \u00e0 uma vasca\u00edna linda, que amo mais do que chocolate: \u00darsulla Rocha, minha filha, meu amor infinito, meu mundo!<\/p>\n\n\n\n<p>ELI, biom\u00e9dica, casada com a Marta, 52 anos, balconista, paulistana nata, mam\u00e3e da Laryssa, dona de um cachorrinho mega simp\u00e1tico, o Romeu, sua Escola de Samba do cora\u00e7\u00e3o \u00e9 o Acad\u00eamicos do Salgueiro, moradora de S\u00e3o Bernardo do Campo\/SP. Seu prato predileto \u00e9 o camar\u00e3o. Nas horas vagas ela ama viajar para algum lugar bem legal e ir as compras.<\/p>\n\n\n\n<pre class=\"wp-block-code\"><code>A sa\u00fade futebol\u00edstica do Vasco da Gama est\u00e1 doente h\u00e1 quanto tempo?<\/code><\/pre>\n\n\n\n<p>Desde de quando come\u00e7ou a temporada.<\/p>\n\n\n\n<pre class=\"wp-block-code\"><code>O futebol do clube \u00e9 o pulm\u00e3o social do Vasco?<\/code><\/pre>\n\n\n\n<p>Sim, porqu\u00ea \u00e9 o cart\u00e3o de visitas para os demais esportes, e de quebra \u00e9 a maior fonte de renda do clube.<\/p>\n\n\n\n<pre class=\"wp-block-code\"><code>O ataque do Cruzmaltino hoje \u00e9 apenas card\u00edaco?<\/code><\/pre>\n\n\n\n<p>O pior ataque da temporada, que tem uma dificuldade incr\u00edvel de marcar, realmente assistir a um jogo s\u00f3 na base do RIVOTRIL (destacou a doutora).<\/p>\n\n\n\n<pre class=\"wp-block-code\"><code>Podemos dizer que o Gigante da Colina vive um AVC (acidente vasca\u00edno cerebral) desde o ano 2000?<\/code><\/pre>\n\n\n\n<p>Acredito que estamos com problemas em v\u00e1rios pontos cruciais,que n\u00e3o deveriam ocorrer principalmente por estarmos de volta a s\u00e9rie A ,deveria ter sido um ano com mais planejamento focado nos nossos resultados. Pelo menos tentar permanecer na s\u00e9rie A, tendo principalmente um ataque mais competitivo e um time mais forte.<\/p>\n\n\n\n<pre class=\"wp-block-code\"><code>Qual o rem\u00e9dio para o clube sair da crise?<\/code><\/pre>\n\n\n\n<p>Eu diria que n\u00e3o existe uma f\u00f3rmula m\u00e1gica, mas come\u00e7a na contrata\u00e7\u00e3o de refor\u00e7os, na gest\u00e3o do clube com foco nos resultados, e trabalhar melhor o elenco, tendo um treinador que consiga motivar.<\/p>\n\n\n\n<pre class=\"wp-block-code\"><code>O Vasco t\u00eam cura?<\/code><\/pre>\n\n\n\n<p>N\u00e3o tem possibilidade de ganhar a s\u00e9rie A deste ano, mas precisar\u00e1 ter muito trabalho para se manter nela, sem um poss\u00edvel rebaixamento.<\/p>\n\n\n\n<pre class=\"wp-block-code\"><code>Devido aos erros recorrentes do presidente Jorge Salgado poder\u00edamos afirmar que ele n\u00e3o \u00e9 um Ser Humano e sim a Placenta?<\/code><\/pre>\n\n\n\n<p>Fico na d\u00favida (sorriu).<\/p>\n\n\n\n<pre class=\"wp-block-code\"><code>Eur\u00edco Miranda foi um c\u00e2ncer para o Vasco?<\/code><\/pre>\n\n\n\n<p>Sua gest\u00e3o foi apesar de pol\u00eamica, extremamente vitoriosa!<\/p>\n\n\n\n<pre class=\"wp-block-code\"><code>O Departamento Financeiro est\u00e1 com falta de ar?<\/code><\/pre>\n\n\n\n<p>Com o preju\u00edzo operacional no fim do ano passado, a assun\u00e7\u00e3o da d\u00edvida milhonaria retratado em seu balan\u00e7o, e v\u00e1rios trabalhos de pagamentos feitos por renegocia\u00e7\u00f5es\u2026 Eu diria que falta mais do que ar.<\/p>\n\n\n\n<pre class=\"wp-block-code\"><code>Qual a car\u00eancia do time?<\/code><\/pre>\n\n\n\n<p>Um t\u00e9cnico gestor, que possa dar ao time valores ,eixo ,foco al\u00e9m de bons refor\u00e7os \u00e9 claro. Mas acima de tudo tenha vontade.<\/p>\n\n\n\n<pre class=\"wp-block-code\"><code>Esse novo treinador (Ram\u00f3n Diaz) est\u00e1 imune das \u201cdoen\u00e7as da bola\u201d?<\/code><\/pre>\n\n\n\n<p>Tanto como jogador quanto como t\u00e9cnico, a carreira dele \u00e9 cercada de desafios. Foi um dos contempor\u00e2neos a desbravar e iniciar-se no Jap\u00e3o. Como jogador h\u00e1 muitos anos &#8211; atuou no mesmo per\u00edodo que Maradona &#8211; tem uma hist\u00f3ria bem interessante. Acredito que nesse momento desafiador, deve estar feliz em tentar resolver mais esse problema. Por ele contar com o todo o apoio da diretoria, acredito que consiga refor\u00e7os para trabalhar, livrando assim o Vasco do prov\u00e1vel rebaixamento.<\/p>\n\n\n\n<pre class=\"wp-block-code\"><code>Em 2024 o clube estar\u00e1 na Serie A ou B do Campeonato Brasileiro?<\/code><\/pre>\n\n\n\n<p>Se o time se esfor\u00e7ar juntamente com o t\u00e9cnico e desenvolver um trabalho de perman\u00eancia acredito que estaremos na s\u00e9rie A . Mas infelizmente acredito que n\u00e3o estaremos disputando sequer a Copa do Brasil.<\/p>\n\n\n\n<p><\/p>\n\n\n\n<figure class=\"wp-block-gallery columns-3 is-cropped wp-block-gallery-1 is-layout-flex wp-block-gallery-is-layout-flex\"><ul class=\"blocks-gallery-grid\"><li class=\"blocks-gallery-item\"><figure><a href=\"https:\/\/webvasco.com\/artigos\/wp-content\/uploads\/2023\/07\/WhatsApp-Image-2023-07-30-at-17.47.00.jpeg\"><img loading=\"lazy\" decoding=\"async\" width=\"1024\" height=\"576\" src=\"https:\/\/webvasco.com\/artigos\/wp-content\/uploads\/2023\/07\/WhatsApp-Image-2023-07-30-at-17.47.00-1024x576.jpeg\" alt=\"\" data-id=\"9426\" data-full-url=\"https:\/\/webvasco.com\/artigos\/wp-content\/uploads\/2023\/07\/WhatsApp-Image-2023-07-30-at-17.47.00.jpeg\" data-link=\"https:\/\/webvasco.com\/artigos\/?attachment_id=9426\" class=\"wp-image-9426\" srcset=\"https:\/\/webvasco.com\/artigos\/wp-content\/uploads\/2023\/07\/WhatsApp-Image-2023-07-30-at-17.47.00-1024x576.jpeg 1024w, https:\/\/webvasco.com\/artigos\/wp-content\/uploads\/2023\/07\/WhatsApp-Image-2023-07-30-at-17.47.00-300x169.jpeg 300w, https:\/\/webvasco.com\/artigos\/wp-content\/uploads\/2023\/07\/WhatsApp-Image-2023-07-30-at-17.47.00-150x84.jpeg 150w, https:\/\/webvasco.com\/artigos\/wp-content\/uploads\/2023\/07\/WhatsApp-Image-2023-07-30-at-17.47.00-768x432.jpeg 768w, https:\/\/webvasco.com\/artigos\/wp-content\/uploads\/2023\/07\/WhatsApp-Image-2023-07-30-at-17.47.00-1536x864.jpeg 1536w, https:\/\/webvasco.com\/artigos\/wp-content\/uploads\/2023\/07\/WhatsApp-Image-2023-07-30-at-17.47.00-1280x720.jpeg 1280w, https:\/\/webvasco.com\/artigos\/wp-content\/uploads\/2023\/07\/WhatsApp-Image-2023-07-30-at-17.47.00.jpeg 1600w\" sizes=\"auto, (max-width: 1024px) 100vw, 1024px\" \/><\/a><\/figure><\/li><li class=\"blocks-gallery-item\"><figure><a href=\"https:\/\/webvasco.com\/artigos\/wp-content\/uploads\/2023\/07\/WhatsApp-Image-2023-07-30-at-17.47.01.jpeg\"><img loading=\"lazy\" decoding=\"async\" width=\"576\" height=\"1024\" src=\"https:\/\/webvasco.com\/artigos\/wp-content\/uploads\/2023\/07\/WhatsApp-Image-2023-07-30-at-17.47.01-576x1024.jpeg\" alt=\"\" data-id=\"9427\" data-full-url=\"https:\/\/webvasco.com\/artigos\/wp-content\/uploads\/2023\/07\/WhatsApp-Image-2023-07-30-at-17.47.01.jpeg\" data-link=\"https:\/\/webvasco.com\/artigos\/?attachment_id=9427\" class=\"wp-image-9427\" srcset=\"https:\/\/webvasco.com\/artigos\/wp-content\/uploads\/2023\/07\/WhatsApp-Image-2023-07-30-at-17.47.01-576x1024.jpeg 576w, https:\/\/webvasco.com\/artigos\/wp-content\/uploads\/2023\/07\/WhatsApp-Image-2023-07-30-at-17.47.01-169x300.jpeg 169w, https:\/\/webvasco.com\/artigos\/wp-content\/uploads\/2023\/07\/WhatsApp-Image-2023-07-30-at-17.47.01-84x150.jpeg 84w, https:\/\/webvasco.com\/artigos\/wp-content\/uploads\/2023\/07\/WhatsApp-Image-2023-07-30-at-17.47.01-768x1365.jpeg 768w, https:\/\/webvasco.com\/artigos\/wp-content\/uploads\/2023\/07\/WhatsApp-Image-2023-07-30-at-17.47.01-864x1536.jpeg 864w, https:\/\/webvasco.com\/artigos\/wp-content\/uploads\/2023\/07\/WhatsApp-Image-2023-07-30-at-17.47.01.jpeg 900w\" sizes=\"auto, (max-width: 576px) 100vw, 576px\" \/><\/a><\/figure><\/li><li class=\"blocks-gallery-item\"><figure><a href=\"https:\/\/webvasco.com\/artigos\/wp-content\/uploads\/2023\/07\/WhatsApp-Image-2023-07-30-at-17.47.51.jpeg\"><img loading=\"lazy\" decoding=\"async\" width=\"576\" height=\"1024\" src=\"https:\/\/webvasco.com\/artigos\/wp-content\/uploads\/2023\/07\/WhatsApp-Image-2023-07-30-at-17.47.51-576x1024.jpeg\" alt=\"\" data-id=\"9428\" data-full-url=\"https:\/\/webvasco.com\/artigos\/wp-content\/uploads\/2023\/07\/WhatsApp-Image-2023-07-30-at-17.47.51.jpeg\" data-link=\"https:\/\/webvasco.com\/artigos\/?attachment_id=9428\" class=\"wp-image-9428\" srcset=\"https:\/\/webvasco.com\/artigos\/wp-content\/uploads\/2023\/07\/WhatsApp-Image-2023-07-30-at-17.47.51-576x1024.jpeg 576w, https:\/\/webvasco.com\/artigos\/wp-content\/uploads\/2023\/07\/WhatsApp-Image-2023-07-30-at-17.47.51-169x300.jpeg 169w, https:\/\/webvasco.com\/artigos\/wp-content\/uploads\/2023\/07\/WhatsApp-Image-2023-07-30-at-17.47.51-84x150.jpeg 84w, https:\/\/webvasco.com\/artigos\/wp-content\/uploads\/2023\/07\/WhatsApp-Image-2023-07-30-at-17.47.51-768x1365.jpeg 768w, https:\/\/webvasco.com\/artigos\/wp-content\/uploads\/2023\/07\/WhatsApp-Image-2023-07-30-at-17.47.51-864x1536.jpeg 864w, https:\/\/webvasco.com\/artigos\/wp-content\/uploads\/2023\/07\/WhatsApp-Image-2023-07-30-at-17.47.51.jpeg 900w\" sizes=\"auto, (max-width: 576px) 100vw, 576px\" \/><\/a><\/figure><\/li><\/ul><\/figure>\n","protected":false},"excerpt":{"rendered":"<p>ELAS &amp; O PROFESSOR POR LUIZ CARLOS ROCHA A entrevista de julho de 2023, com&#8230;<\/p>\n","protected":false},"author":7,"featured_media":9427,"comment_status":"open","ping_status":"closed","sticky":false,"template":"","format":"standard","meta":{"footnotes":""},"categories":[27],"tags":[],"class_list":["post-9425","post","type-post","status-publish","format-standard","has-post-thumbnail","hentry","category-elas-e-o-professor"],"_links":{"self":[{"href":"https:\/\/webvasco.com\/artigos\/wp-json\/wp\/v2\/posts\/9425","targetHints":{"allow":["GET"]}}],"collection":[{"href":"https:\/\/webvasco.com\/artigos\/wp-json\/wp\/v2\/posts"}],"about":[{"href":"https:\/\/webvasco.com\/artigos\/wp-json\/wp\/v2\/types\/post"}],"author":[{"embeddable":true,"href":"https:\/\/webvasco.com\/artigos\/wp-json\/wp\/v2\/users\/7"}],"replies":[{"embeddable":true,"href":"https:\/\/webvasco.com\/artigos\/wp-json\/wp\/v2\/comments?post=9425"}],"version-history":[{"count":1,"href":"https:\/\/webvasco.com\/artigos\/wp-json\/wp\/v2\/posts\/9425\/revisions"}],"predecessor-version":[{"id":9429,"href":"https:\/\/webvasco.com\/artigos\/wp-json\/wp\/v2\/posts\/9425\/revisions\/9429"}],"wp:featuredmedia":[{"embeddable":true,"href":"https:\/\/webvasco.com\/artigos\/wp-json\/wp\/v2\/media\/9427"}],"wp:attachment":[{"href":"https:\/\/webvasco.com\/artigos\/wp-json\/wp\/v2\/media?parent=9425"}],"wp:term":[{"taxonomy":"category","embeddable":true,"href":"https:\/\/webvasco.com\/artigos\/wp-json\/wp\/v2\/categories?post=9425"},{"taxonomy":"post_tag","embeddable":true,"href":"https:\/\/webvasco.com\/artigos\/wp-json\/wp\/v2\/tags?post=9425"}],"curies":[{"name":"wp","href":"https:\/\/api.w.org\/{rel}","templated":true}]}}