{"id":9431,"date":"2023-08-28T16:20:13","date_gmt":"2023-08-28T19:20:13","guid":{"rendered":"https:\/\/webvasco.com\/artigos\/?p=9431"},"modified":"2023-08-28T16:20:15","modified_gmt":"2023-08-28T19:20:15","slug":"elas-o-professor-shirlei","status":"publish","type":"post","link":"https:\/\/webvasco.com\/artigos\/temas\/elas-e-o-professor\/elas-o-professor-shirlei\/","title":{"rendered":"ELAS &#038; O PROFESSOR \u2013SHIRLEI"},"content":{"rendered":"\n<p><strong><u>ELAS &amp; O PROFESSOR<\/u><\/strong><\/p>\n\n\n\n<p><strong>POR LUIZ CARLOS ROCHA<\/strong><\/p>\n\n\n\n<p>A entrevista de agosto de 2023, com Shirlei Azevedo dos Santos \u00e9 dedicada \u00e0 uma vasca\u00edna linda, que \u00e9 a raz\u00e3o do meu viver, e toda a minha fonte de inspira\u00e7\u00e3o: \u00darsulla Rocha, minha filha, meu amor para toda a vida, que amo demais!<\/p>\n\n\n\n<p><strong>&nbsp;&nbsp;&nbsp; SHIRLEI, <\/strong>manicure,casada, mam\u00e3e de 2 filhos, 61 anos<strong>, &nbsp;<\/strong>moradora da Vila da Penha \/RJ,sua Escola de Samba do cora\u00e7\u00e3o \u00e9 a Portela, Seu prato predileto \u00e9 a bacalhoada (normal para quem \u00e9 filho de portugu\u00eas), e o seu signo \u00e9 Le\u00e3o. &nbsp;&nbsp;Nas horas vagas ela gosta muito de curtir a sua casa, mas tamb\u00e9m ir ver o Vasc\u00e3o jogar.<\/p>\n\n\n\n<p>&nbsp;&nbsp;&nbsp; <strong>As coisas mudar\u00e3o com a chegada de Dimitri Payet?<\/strong><\/p>\n\n\n\n<p>Com certeza, est\u00e1vamos precisando de um camisa 10.<\/p>\n\n\n\n<p>&nbsp;&nbsp;&nbsp; <strong>Payet \u00e9 o camisa 10 ideal ou d\u00e1 para o gasto, diante da realidade do Vasco da Gama?<\/strong><\/p>\n\n\n\n<p>Vou ser sincera . N\u00e3o sou de acompanhar clubes de fora, at\u00e9 porque &nbsp;meu tempo \u00e9 curto, mas fui pesquisar, vi v\u00e1rios v\u00eddeos dele. Na minha opini\u00e3o foi uma \u00f3tima contrata\u00e7\u00e3o.<\/p>\n\n\n\n<p>&nbsp;&nbsp;&nbsp; <strong>O treinador Ram\u00f3n D\u00edaz aproveitar\u00e1 melhor os jogadores do que o antigo<\/strong>?<\/p>\n\n\n\n<p>Sem d\u00favidas nenhuma.<\/p>\n\n\n\n<p><strong>&nbsp;&nbsp;&nbsp; Ele (Ram\u00f3n D\u00edaz) \u00e9&nbsp; melhor do que&nbsp; Maur\u00edcio Barbieri?<\/strong><\/p>\n\n\n\n<p>Quando falaram que iria contratar um t\u00e9cnico bom, nunca imaginei que seria o Barbieri. Quando anunciaram eu nem acreditei. Enfim, sem d\u00favidas que o Ram\u00f3n Diaz \u00e9 melhor, basta ver o time nas \u00faltimas partidas, tivemos uma evolu\u00e7\u00e3o muito boa.<\/p>\n\n\n\n<p>&nbsp;&nbsp;&nbsp; <strong>Por que a SAF (Sociedade An\u00f4nima do Futebol) deu certo no Botafogo e no Vasco n\u00e3o?&nbsp;<\/strong><\/p>\n\n\n\n<p>Primeiro quero dizer que sempre fui contra essa SAF, mas tor\u00e7o muito para dar certo. A SAF do Vasco contratou alguns jogadores errados porque foi muita incompet\u00eancia de alguns que l\u00e1 est\u00e3o . Quanto a SAF do Botafogo come\u00e7ou dessa forma tamb\u00e9m, com contrata\u00e7\u00f5es erradas, mas esse ano vem surpreendendo. Vamos surpreender tamb\u00e9m, basta saber administrar.<\/p>\n\n\n\n<p>&nbsp;&nbsp;&nbsp; <strong>Esse ano (2023) ter\u00e1 elei\u00e7\u00e3o para presidente do clube. Quem voc\u00ea espera ver na cadeira 01?<\/strong><\/p>\n\n\n\n<p>Eu espero que entre algu\u00e9m que ame o clube como n\u00f3s torcedores, &nbsp;e que tenha compet\u00eancia de administrar sem benef\u00edcios pr\u00f3prios, como nos \u00faltimos tempos,<\/p>\n\n\n\n<p>&nbsp;&nbsp;&nbsp; <strong>Quem foi o melhor vice-presidente de futebol do Cruzmaltino de todos os tempos?<\/strong><\/p>\n\n\n\n<p>Apesar de eu ter ran\u00e7o do Eurico Miranda, para mim foi ele. Como presidente n\u00e3o gostaria nem de comentar.<\/p>\n\n\n\n<p><strong>&nbsp;&nbsp;&nbsp; Pablo Vegetti j\u00e1 \u00e9 \u00eddolo do Gigante da Colina?<\/strong><\/p>\n\n\n\n<p>Acho que ainda \u00e9 cedo para falar de \u00eddolo. Ele \u00e9 bom jogador e vamos ver o desempenho.<\/p>\n\n\n\n<p>&nbsp;&nbsp;&nbsp; <strong>Qual atleta do atual plantel n\u00e3o merece vestir o manto sagrado vasca\u00edno?<\/strong><\/p>\n\n\n\n<p>S\u00e3o muitos (sorriu). Mas hoje digo que \u00e9 Robson Bambu, \u00e9 muito ruim.<\/p>\n\n\n\n<p><strong>&nbsp;&nbsp;&nbsp; O que \u00e9 mais importante: o jogador ter as m\u00e3os bonitas ou os p\u00e9s com pontaria e faro de gols?<\/strong><\/p>\n\n\n\n<p>Os p\u00e9s com pontaria e faro de gols.<\/p>\n\n\n\n<p><strong>&nbsp;&nbsp;&nbsp; Se o Frances (Payet) n\u00e3o fizer bonito dentro de campo posso pedir para o t\u00e9cnico que Risqu\u00e9 ele do time titular?<\/strong><\/p>\n\n\n\n<p>Ele vai fazer bonito. Caso aconte\u00e7a de n\u00e3o atuar bem, tentar conversar, porque as vezes o atleta com problema pessoal afeta seu rendimento em campo.<\/p>\n\n\n\n<p><strong>&nbsp;&nbsp;&nbsp; N\u00e3o \u00e9 s\u00f3 o Color que Ama futebol, toda a torcida vasca\u00edna tamb\u00e9m. Por esta raz\u00e3o \u00e9 que cobramos tanto Brilho nas m\u00e3os dos nossos arqueiros?<\/strong><\/p>\n\n\n\n<p>A paix\u00e3o pelo futebol muitas das vezes vem de pai pra filho ,no meu caso fui praticamente criada dentro de um campo de futebol, aonde meu pai tinha dois times, e onde ele fosse, l\u00e1 estava eu. Desta forma, fui crescendo amando o futebol e meu clube \u00e9 claro (sorriu). Ainda completou: Tudo come\u00e7a nas m\u00e3os dos nossos arqueiros, esse brilho \u00e9 importante porque se n\u00e3o fossem eles n\u00e3o ter\u00edamos essa emo\u00e7\u00e3o que vivemos com o futebol, pois s\u00e3o essas m\u00e3os que seguram nosso grito de gol.<\/p>\n\n\n\n<p><strong><u>FOTOGRAFIAS \u00a0FORNECIDAS PELO ARQUIVO PESSOAL DA ENTREVISTADA.<\/u><\/strong><\/p>\n\n\n\n<figure class=\"wp-block-gallery columns-2 is-cropped wp-block-gallery-1 is-layout-flex wp-block-gallery-is-layout-flex\"><ul class=\"blocks-gallery-grid\"><li class=\"blocks-gallery-item\"><figure><a href=\"https:\/\/webvasco.com\/artigos\/wp-content\/uploads\/2023\/08\/WhatsApp-Image-2023-08-20-at-22.23.42.jpeg\"><img loading=\"lazy\" decoding=\"async\" width=\"768\" height=\"1024\" src=\"https:\/\/webvasco.com\/artigos\/wp-content\/uploads\/2023\/08\/WhatsApp-Image-2023-08-20-at-22.23.42-768x1024.jpeg\" alt=\"\" data-id=\"9432\" data-full-url=\"https:\/\/webvasco.com\/artigos\/wp-content\/uploads\/2023\/08\/WhatsApp-Image-2023-08-20-at-22.23.42.jpeg\" data-link=\"https:\/\/webvasco.com\/artigos\/?attachment_id=9432\" class=\"wp-image-9432\" srcset=\"https:\/\/webvasco.com\/artigos\/wp-content\/uploads\/2023\/08\/WhatsApp-Image-2023-08-20-at-22.23.42-768x1024.jpeg 768w, https:\/\/webvasco.com\/artigos\/wp-content\/uploads\/2023\/08\/WhatsApp-Image-2023-08-20-at-22.23.42-225x300.jpeg 225w, https:\/\/webvasco.com\/artigos\/wp-content\/uploads\/2023\/08\/WhatsApp-Image-2023-08-20-at-22.23.42-113x150.jpeg 113w, https:\/\/webvasco.com\/artigos\/wp-content\/uploads\/2023\/08\/WhatsApp-Image-2023-08-20-at-22.23.42-1152x1536.jpeg 1152w, https:\/\/webvasco.com\/artigos\/wp-content\/uploads\/2023\/08\/WhatsApp-Image-2023-08-20-at-22.23.42-1024x1365.jpeg 1024w, https:\/\/webvasco.com\/artigos\/wp-content\/uploads\/2023\/08\/WhatsApp-Image-2023-08-20-at-22.23.42.jpeg 1200w\" sizes=\"auto, (max-width: 768px) 100vw, 768px\" \/><\/a><\/figure><\/li><li class=\"blocks-gallery-item\"><figure><a href=\"https:\/\/webvasco.com\/artigos\/wp-content\/uploads\/2023\/08\/WhatsApp-Image-2023-08-20-at-22.24.12.jpeg\"><img loading=\"lazy\" decoding=\"async\" width=\"720\" height=\"960\" src=\"https:\/\/webvasco.com\/artigos\/wp-content\/uploads\/2023\/08\/WhatsApp-Image-2023-08-20-at-22.24.12.jpeg\" alt=\"\" data-id=\"9433\" data-full-url=\"https:\/\/webvasco.com\/artigos\/wp-content\/uploads\/2023\/08\/WhatsApp-Image-2023-08-20-at-22.24.12.jpeg\" data-link=\"https:\/\/webvasco.com\/artigos\/?attachment_id=9433\" class=\"wp-image-9433\" srcset=\"https:\/\/webvasco.com\/artigos\/wp-content\/uploads\/2023\/08\/WhatsApp-Image-2023-08-20-at-22.24.12.jpeg 720w, https:\/\/webvasco.com\/artigos\/wp-content\/uploads\/2023\/08\/WhatsApp-Image-2023-08-20-at-22.24.12-225x300.jpeg 225w, https:\/\/webvasco.com\/artigos\/wp-content\/uploads\/2023\/08\/WhatsApp-Image-2023-08-20-at-22.24.12-113x150.jpeg 113w\" sizes=\"auto, (max-width: 720px) 100vw, 720px\" \/><\/a><\/figure><\/li><\/ul><\/figure>\n","protected":false},"excerpt":{"rendered":"<p>ELAS &amp; O PROFESSOR POR LUIZ CARLOS ROCHA A entrevista de agosto de 2023, com&#8230;<\/p>\n","protected":false},"author":7,"featured_media":9432,"comment_status":"open","ping_status":"closed","sticky":false,"template":"","format":"standard","meta":{"footnotes":""},"categories":[27],"tags":[],"class_list":["post-9431","post","type-post","status-publish","format-standard","has-post-thumbnail","hentry","category-elas-e-o-professor"],"_links":{"self":[{"href":"https:\/\/webvasco.com\/artigos\/wp-json\/wp\/v2\/posts\/9431","targetHints":{"allow":["GET"]}}],"collection":[{"href":"https:\/\/webvasco.com\/artigos\/wp-json\/wp\/v2\/posts"}],"about":[{"href":"https:\/\/webvasco.com\/artigos\/wp-json\/wp\/v2\/types\/post"}],"author":[{"embeddable":true,"href":"https:\/\/webvasco.com\/artigos\/wp-json\/wp\/v2\/users\/7"}],"replies":[{"embeddable":true,"href":"https:\/\/webvasco.com\/artigos\/wp-json\/wp\/v2\/comments?post=9431"}],"version-history":[{"count":1,"href":"https:\/\/webvasco.com\/artigos\/wp-json\/wp\/v2\/posts\/9431\/revisions"}],"predecessor-version":[{"id":9434,"href":"https:\/\/webvasco.com\/artigos\/wp-json\/wp\/v2\/posts\/9431\/revisions\/9434"}],"wp:featuredmedia":[{"embeddable":true,"href":"https:\/\/webvasco.com\/artigos\/wp-json\/wp\/v2\/media\/9432"}],"wp:attachment":[{"href":"https:\/\/webvasco.com\/artigos\/wp-json\/wp\/v2\/media?parent=9431"}],"wp:term":[{"taxonomy":"category","embeddable":true,"href":"https:\/\/webvasco.com\/artigos\/wp-json\/wp\/v2\/categories?post=9431"},{"taxonomy":"post_tag","embeddable":true,"href":"https:\/\/webvasco.com\/artigos\/wp-json\/wp\/v2\/tags?post=9431"}],"curies":[{"name":"wp","href":"https:\/\/api.w.org\/{rel}","templated":true}]}}