{"id":9435,"date":"2023-09-29T08:16:22","date_gmt":"2023-09-29T11:16:22","guid":{"rendered":"https:\/\/webvasco.com\/artigos\/?p=9435"},"modified":"2023-09-29T08:21:02","modified_gmt":"2023-09-29T11:21:02","slug":"elas-o-professor-fe","status":"publish","type":"post","link":"https:\/\/webvasco.com\/artigos\/temas\/elas-e-o-professor\/elas-o-professor-fe\/","title":{"rendered":"ELAS &#038; O PROFESSOR \u2013 F\u00ca"},"content":{"rendered":"\n<p><strong><u>ELAS &amp; O PROFESSOR<\/u><\/strong><\/p>\n\n\n\n<p><strong>POR LUIZ CARLOS ROCHA<\/strong><\/p>\n\n\n\n<p>A entrevista de setembro de 2023, com Fernanda Ferreira Couto Moreira \u00e9 dedicada \u00e0 mais especial das vasca\u00ednas, minha filha, meu amor infinito , minha maior fonte de inspira\u00e7\u00e3o. Enfim, meu mundo: <strong>\u00darsulla Rocha.<\/strong><\/p>\n\n\n\n<p><strong>F\u00ca, <\/strong>motorista de aplicativo, casada mam\u00e3e do Matheus e da Manu, 41 anos, de Religi\u00e3o Cat\u00f3lica, n\u00e3o sabe o signo, pois revelou n\u00e3o acreditar, moradora de Campo Grande-RJ. Nas horas vagas, costuma se reunir com seus amigos.\u00a0 N\u00e3o tem Escola de Samba do cora\u00e7\u00e3o, mas mas costumava torcer pela Mocidade, e t\u00eam simpatia pela Unidos da Tijuca por causa do Vasco. Quanto a gastronomia ela adora a Caldos, especialmente caldo verde e angu \u00e0 baiana.<\/p>\n\n\n\n<p><strong>&nbsp;&nbsp;&nbsp; O treinador Ram\u00f3n Diaz acertou mesmo o time do Vasco da Gama?<\/strong><\/p>\n\n\n\n<p>Sim. Ram\u00f3n, na minha opini\u00e3o, foi o gol perfeito do Vasco esse ano!<\/p>\n\n\n\n<p>Vision\u00e1rio, o treinador esbanja compet\u00eancia, al\u00e9m de ser um misto de autoridade e docilidade com seus atletas. Trouxe excelentes jogadores, tem uma capacidade extraordin\u00e1ria, quase celestial, de acreditar e recuperar, t\u00e9cnica e psicologicamente, pessoas antes consideradas pe\u00e7as nulas. Assisti a um v\u00eddeo no qual ele d\u00e1 uma bronca em seus jogadores pela m\u00e1 atua\u00e7\u00e3o contra o Am\u00e9rica Mineiro e ao finalizar o pux\u00e3o de orelhas, ele sorri e os parabeniza pelo resultado. Maravilhoso!<\/p>\n\n\n\n<p><strong>&nbsp;&nbsp;&nbsp; Gary Medel \u00e9 o Xerife da zaga vasca\u00edna?<\/strong><\/p>\n\n\n\n<p>Certamente. &nbsp;Acho que os zagueiros t\u00eam uma vida bem dif\u00edcil. \u00c9 uma posi\u00e7\u00e3o bastante ingrata. O jogador precisa estar focado na defesa enquanto observa a disposi\u00e7\u00e3o dos demais para iniciar de forma efetiva a rea\u00e7\u00e3o. Penso que Medel exerce muito bem esse papel: habilidoso na fun\u00e7\u00e3o propriamente dita e, o qu\u00ea considero fundamental, motiva o grupo. Vejo-o como uma pe\u00e7a edificante \u00e0 equipe.<\/p>\n\n\n\n<p><strong>&nbsp;&nbsp;&nbsp; Finalmente o Cruzmaltino saiu da Zona de Rebaixamento no Campeonato Brasileiro. Ser\u00e1 por quanto tempo?<\/strong><\/p>\n\n\n\n<p>Ser\u00e1 para sempre. Nunca mais ocuparemos esse lugar. N\u00e3o \u00e9 nosso. Nunca foi. Nem mesmo quando estivemos na s\u00e9rie B.&nbsp; Nosso papel no futebol \u00e9 de protagonista. Passamos por um bom tempo em sofrimento, mas quem \u00e9 gigante na ess\u00eancia, sabe seu tamanho e sabe tamb\u00e9m o lugar que ocupa no espa\u00e7o. Ram\u00f3n imprimiu uma nova cara ao Vasco. \u00c9 um time aguerrido, forte, resiliente. Esse \u00e9 o meu Vasco. O temido! T\u00e3o amado!&nbsp;Eu estava com saudades desse sentimento. Vasco n\u00e3o volta mais a esse lugar. Me chame de rom\u00e2ntica e\/ou iludida, mas eu acredito no trabalho dessa galera.&nbsp;<\/p>\n\n\n\n<p><strong>&nbsp;&nbsp;&nbsp; A rivalidade Uber e T\u00e1xi seria como Vasco e Flamengo?<\/strong><\/p>\n\n\n\n<p>Olha, sem clubismo aqui, serei muito sincera. Eu s\u00f3 amo quem admiro. E eu tenho muitos motivos pra amar o Vasco! N\u00e3o gosto do Flamengo. Particularmente, considero o Flamengo uma mentira inventada pela grande m\u00eddia.\u00a0Tima\u00e7o dos anos 80 e a partir de 2019. E s\u00f3 isso mesmo. Existe sim uma grande rivalidade entre Vasco e Flamengo. Isso, porque, o futebol mexe com as emo\u00e7\u00f5es. Mas n\u00e3o vejo como uma rivalidade leal. \u00a0Frases como &#8220;roubado \u00e9 mais gostoso&#8221; ou a torcida e o clube n\u00e3o se importarem e at\u00e9 ficarem felizes com o tal apito amigo, a mim pelo menos, incomoda.\u00a0Para ser rival do Vasco, teria de ser um grande clube, n\u00e3o somente em t\u00edtulos ou midiaticamente, mas em a\u00e7\u00f5es e dignidade. Entendo que ser grande vai bem al\u00e9m do futebol, e \u00e9 por isso que n\u00e3o enxergo essa rivalidade: Vasco \u00e9 muito maior! Vasco deveria ser ensinado nas escolas. Acho pouqu\u00edssimo prov\u00e1vel que o &#8220;grand\u00e3ozinho&#8221; Flamengo tivesse conseguido se manter de p\u00e9 se passasse por tudo o que o Vasco da Gama passou, exatamente da forma como foi, sem as famosas ajudinhas a que est\u00e1 acostumado. N\u00e3o vejo grandeza no Flamengo.<\/p>\n\n\n\n<p><strong>&nbsp;&nbsp;&nbsp; Qual a sua expectativa para a temporada 2024?<\/strong><\/p>\n\n\n\n<p>As melhores poss\u00edveis. Finalmente sa\u00edmos do purgat\u00f3rio futebol\u00edstico. Acredito em t\u00edtulos.&nbsp;Carioca (embora eu n\u00e3o confie nesse campeonato &#8211; penso que o Vasco deveria deixar os meninos dos juniores e jogadores pouco utilizados no profissional treinarem nessa disputa), Copa do Brasil, Brasileiro, Sulamericana. Vamos dar trabalho! O Vasco n\u00e3o \u00e9 mais aquele time em que os rivais j\u00e1 consideravam pontos garantidos. O Vasco, daqui para frente, ser\u00e1 temido e teremos boas participa\u00e7\u00f5es.<\/p>\n\n\n\n<p><strong>&nbsp;&nbsp;&nbsp; Qual atleta \u00e9 considerado um bom refor\u00e7o para o pr\u00f3ximo ano?<\/strong><\/p>\n\n\n\n<p>Aqui eu provavelmente n\u00e3o tenho muito a acrescentar, porque n\u00e3o acompanho muitos jogos, al\u00e9m do Vasco. Mas posso pedir Messi e CR7? Brincadeiras a parte, acho que podemos pensar em repatriar Douglas Luiz, tentar o Terans e observar o futebol argentino, que sempre traz boas ferramentas.<\/p>\n\n\n\n<p><strong>&nbsp;&nbsp;&nbsp; No que o Gigante da Colina ainda precisa melhorar?<\/strong><\/p>\n\n\n\n<p>A lateral direita ainda me incomoda. Acho interessante tamb\u00e9m pensar num cabe\u00e7a de \u00e1rea e num meia de cria\u00e7\u00e3o , porque, apesar do Payet ser acima da m\u00e9dia, n\u00e3o sabemos como ser\u00e1 ano que vem e n\u00e3o podemos ficar dependentes de jogador algum.&nbsp;Ah, n\u00e3o sei se Ivan permanece conosco. Se n\u00e3o, acho importante ter um bom goleiro, al\u00e9m do L\u00e9o Jardim (titular).<\/p>\n\n\n\n<p><strong>&nbsp;&nbsp;&nbsp; Em que momento o time vasca\u00edno entrou na contra m\u00e3o esse ano?<\/strong><\/p>\n\n\n\n<p>Quando contratou Luiz Melo, quando n\u00e3o demitiu Barbieri. Para in\u00edcio de conversa, penso que o cara que trabalha no Vasco precisa necessariamente ser vasca\u00edno. Se tiv\u00e9ssemos desde o in\u00edcio com a lideran\u00e7a que temos hoje, o cen\u00e1rio seria bem mais positivo.<\/p>\n\n\n\n<p><strong>&nbsp;&nbsp;&nbsp; O lema \u00e9 sempre atropelar o Fluminense?<\/strong><\/p>\n\n\n\n<p>Nem sei quem \u00e9 Fluminense.<\/p>\n\n\n\n<p><strong>&nbsp;&nbsp;&nbsp; O atacante Pedro Raul foi o grande barbeiro em 2023?<\/strong><\/p>\n\n\n\n<p>Olha, eu ainda acredito no Pedro Raul. Ningu\u00e9m desaprende a jogar futebol. \u00c0quela altura, n\u00e3o s\u00f3 ele, mas todo o time viveu um apag\u00e3o. Mas ele foi quem mais sofreu o ass\u00e9dio da torcida. Esper\u00e1vamos muito dele, e toda a press\u00e3o que colocamos (o que \u00e9 absolutamente normal) e a m\u00e1 fase acabaram afetando o psicol\u00f3gico do cara. E a\u00ed, se at\u00e9 voc\u00ea passa a duvidar de si, dificilmente a coisa anda. Mas acho que Pedro Raul, sob o comando de Ram\u00f3n, seria brilhante. Ainda pode ser. Quem sabe?<\/p>\n\n\n\n<p><strong>&nbsp;&nbsp;&nbsp; O sentimento do torcedor \u00e9 passageiro?<\/strong><\/p>\n\n\n\n<p>De alguns torcedores, com certeza. Mas estamos falando de Vasco n\u00e3o \u00e9? O sentimento do torcedor vasca\u00edno s\u00f3 aumenta. Uma torcida que passa 20 anos ao lado de seu clube, apoiando, chorando, edificando, brigando e etc, n\u00e3o pode ser considerada ef\u00eamera.&nbsp;A &nbsp;torcida do Vasc\u00e3o \u00e9 a maior do mundo, e seu sentimento \u00e9 forte e sincero e foi o que manteve o clube grande, apesar de tudo. O Vasco t\u00e1 no DNA da torcida. Essa torcida respira o Vasco.&nbsp; Isso \u00e9 eterno!<\/p>\n\n\n\n<p><strong>&nbsp;&nbsp;&nbsp; O cartola Paulo Bracks \u00e9 um bom condutor no cargo dele? Ou seja, est\u00e1 habilitado para trazer bons frutos para o Vasco da Gama?<\/strong><\/p>\n\n\n\n<p>Talvez. N\u00e3o tenho ainda uma opini\u00e3o fundamentada sobre ele, mas n\u00e3o sorrio quando penso nele. Atribuo muito ao Luiz Melo o fracasso o in\u00edcio do ano, mas o Bracks me soa ap\u00e1tico. N\u00e3o vejo ele como algu\u00e9m de atitude, que assume, que chama a responsabilidade. Tomara que ele consiga mudar minha vis\u00e3o.<\/p>\n\n\n\n<p><\/p>\n\n\n\n<p><strong><u>FOTOGRAFIAS \u00a0FORNECIDAS PELO ARQUIVO PESSOAL DA ENTREVISTADA.<\/u><\/strong><\/p>\n\n\n\n<figure class=\"wp-block-gallery columns-3 is-cropped wp-block-gallery-1 is-layout-flex wp-block-gallery-is-layout-flex\"><ul class=\"blocks-gallery-grid\"><li class=\"blocks-gallery-item\"><figure><a href=\"https:\/\/webvasco.com\/artigos\/wp-content\/uploads\/2023\/09\/WhatsApp-Image-2023-09-27-at-09.05.21.jpeg\"><img loading=\"lazy\" decoding=\"async\" width=\"678\" height=\"1024\" src=\"https:\/\/webvasco.com\/artigos\/wp-content\/uploads\/2023\/09\/WhatsApp-Image-2023-09-27-at-09.05.21-678x1024.jpeg\" alt=\"\" data-id=\"9436\" data-full-url=\"https:\/\/webvasco.com\/artigos\/wp-content\/uploads\/2023\/09\/WhatsApp-Image-2023-09-27-at-09.05.21.jpeg\" data-link=\"https:\/\/webvasco.com\/artigos\/?attachment_id=9436\" class=\"wp-image-9436\" srcset=\"https:\/\/webvasco.com\/artigos\/wp-content\/uploads\/2023\/09\/WhatsApp-Image-2023-09-27-at-09.05.21-678x1024.jpeg 678w, https:\/\/webvasco.com\/artigos\/wp-content\/uploads\/2023\/09\/WhatsApp-Image-2023-09-27-at-09.05.21-199x300.jpeg 199w, https:\/\/webvasco.com\/artigos\/wp-content\/uploads\/2023\/09\/WhatsApp-Image-2023-09-27-at-09.05.21-99x150.jpeg 99w, https:\/\/webvasco.com\/artigos\/wp-content\/uploads\/2023\/09\/WhatsApp-Image-2023-09-27-at-09.05.21-768x1161.jpeg 768w, https:\/\/webvasco.com\/artigos\/wp-content\/uploads\/2023\/09\/WhatsApp-Image-2023-09-27-at-09.05.21.jpeg 847w\" sizes=\"auto, (max-width: 678px) 100vw, 678px\" \/><\/a><\/figure><\/li><li class=\"blocks-gallery-item\"><figure><a href=\"https:\/\/webvasco.com\/artigos\/wp-content\/uploads\/2023\/09\/WhatsApp-Image-2023-09-27-at-09.05.22-1.jpeg\"><img loading=\"lazy\" decoding=\"async\" width=\"1024\" height=\"658\" src=\"https:\/\/webvasco.com\/artigos\/wp-content\/uploads\/2023\/09\/WhatsApp-Image-2023-09-27-at-09.05.22-1-1024x658.jpeg\" alt=\"\" data-id=\"9437\" data-full-url=\"https:\/\/webvasco.com\/artigos\/wp-content\/uploads\/2023\/09\/WhatsApp-Image-2023-09-27-at-09.05.22-1.jpeg\" data-link=\"https:\/\/webvasco.com\/artigos\/?attachment_id=9437\" class=\"wp-image-9437\" srcset=\"https:\/\/webvasco.com\/artigos\/wp-content\/uploads\/2023\/09\/WhatsApp-Image-2023-09-27-at-09.05.22-1-1024x658.jpeg 1024w, https:\/\/webvasco.com\/artigos\/wp-content\/uploads\/2023\/09\/WhatsApp-Image-2023-09-27-at-09.05.22-1-300x193.jpeg 300w, https:\/\/webvasco.com\/artigos\/wp-content\/uploads\/2023\/09\/WhatsApp-Image-2023-09-27-at-09.05.22-1-150x96.jpeg 150w, https:\/\/webvasco.com\/artigos\/wp-content\/uploads\/2023\/09\/WhatsApp-Image-2023-09-27-at-09.05.22-1-768x494.jpeg 768w, https:\/\/webvasco.com\/artigos\/wp-content\/uploads\/2023\/09\/WhatsApp-Image-2023-09-27-at-09.05.22-1.jpeg 1080w\" sizes=\"auto, (max-width: 1024px) 100vw, 1024px\" \/><\/a><\/figure><\/li><li class=\"blocks-gallery-item\"><figure><a href=\"https:\/\/webvasco.com\/artigos\/wp-content\/uploads\/2023\/09\/WhatsApp-Image-2023-09-27-at-09.05.22.jpeg\"><img loading=\"lazy\" decoding=\"async\" width=\"710\" height=\"1024\" src=\"https:\/\/webvasco.com\/artigos\/wp-content\/uploads\/2023\/09\/WhatsApp-Image-2023-09-27-at-09.05.22-710x1024.jpeg\" alt=\"\" data-id=\"9438\" data-full-url=\"https:\/\/webvasco.com\/artigos\/wp-content\/uploads\/2023\/09\/WhatsApp-Image-2023-09-27-at-09.05.22.jpeg\" data-link=\"https:\/\/webvasco.com\/artigos\/?attachment_id=9438\" class=\"wp-image-9438\" srcset=\"https:\/\/webvasco.com\/artigos\/wp-content\/uploads\/2023\/09\/WhatsApp-Image-2023-09-27-at-09.05.22-710x1024.jpeg 710w, https:\/\/webvasco.com\/artigos\/wp-content\/uploads\/2023\/09\/WhatsApp-Image-2023-09-27-at-09.05.22-208x300.jpeg 208w, https:\/\/webvasco.com\/artigos\/wp-content\/uploads\/2023\/09\/WhatsApp-Image-2023-09-27-at-09.05.22-104x150.jpeg 104w, https:\/\/webvasco.com\/artigos\/wp-content\/uploads\/2023\/09\/WhatsApp-Image-2023-09-27-at-09.05.22-768x1107.jpeg 768w, https:\/\/webvasco.com\/artigos\/wp-content\/uploads\/2023\/09\/WhatsApp-Image-2023-09-27-at-09.05.22.jpeg 888w\" sizes=\"auto, (max-width: 710px) 100vw, 710px\" \/><\/a><\/figure><\/li><li class=\"blocks-gallery-item\"><figure><a href=\"https:\/\/webvasco.com\/artigos\/wp-content\/uploads\/2023\/09\/WhatsApp-Image-2023-09-27-at-09.05.21-1.jpeg\"><img loading=\"lazy\" decoding=\"async\" width=\"688\" height=\"1024\" src=\"https:\/\/webvasco.com\/artigos\/wp-content\/uploads\/2023\/09\/WhatsApp-Image-2023-09-27-at-09.05.21-1-688x1024.jpeg\" alt=\"\" data-id=\"9439\" data-full-url=\"https:\/\/webvasco.com\/artigos\/wp-content\/uploads\/2023\/09\/WhatsApp-Image-2023-09-27-at-09.05.21-1.jpeg\" data-link=\"https:\/\/webvasco.com\/artigos\/?attachment_id=9439\" class=\"wp-image-9439\" srcset=\"https:\/\/webvasco.com\/artigos\/wp-content\/uploads\/2023\/09\/WhatsApp-Image-2023-09-27-at-09.05.21-1-688x1024.jpeg 688w, https:\/\/webvasco.com\/artigos\/wp-content\/uploads\/2023\/09\/WhatsApp-Image-2023-09-27-at-09.05.21-1-202x300.jpeg 202w, https:\/\/webvasco.com\/artigos\/wp-content\/uploads\/2023\/09\/WhatsApp-Image-2023-09-27-at-09.05.21-1-101x150.jpeg 101w, https:\/\/webvasco.com\/artigos\/wp-content\/uploads\/2023\/09\/WhatsApp-Image-2023-09-27-at-09.05.21-1-768x1143.jpeg 768w, https:\/\/webvasco.com\/artigos\/wp-content\/uploads\/2023\/09\/WhatsApp-Image-2023-09-27-at-09.05.21-1.jpeg 860w\" sizes=\"auto, (max-width: 688px) 100vw, 688px\" \/><\/a><\/figure><\/li><li class=\"blocks-gallery-item\"><figure><a href=\"https:\/\/webvasco.com\/artigos\/wp-content\/uploads\/2023\/09\/WhatsApp-Image-2023-09-27-at-09.05.21-2.jpeg\"><img loading=\"lazy\" decoding=\"async\" width=\"786\" height=\"1024\" src=\"https:\/\/webvasco.com\/artigos\/wp-content\/uploads\/2023\/09\/WhatsApp-Image-2023-09-27-at-09.05.21-2-786x1024.jpeg\" alt=\"\" data-id=\"9440\" data-full-url=\"https:\/\/webvasco.com\/artigos\/wp-content\/uploads\/2023\/09\/WhatsApp-Image-2023-09-27-at-09.05.21-2.jpeg\" data-link=\"https:\/\/webvasco.com\/artigos\/?attachment_id=9440\" class=\"wp-image-9440\" srcset=\"https:\/\/webvasco.com\/artigos\/wp-content\/uploads\/2023\/09\/WhatsApp-Image-2023-09-27-at-09.05.21-2-786x1024.jpeg 786w, https:\/\/webvasco.com\/artigos\/wp-content\/uploads\/2023\/09\/WhatsApp-Image-2023-09-27-at-09.05.21-2-230x300.jpeg 230w, https:\/\/webvasco.com\/artigos\/wp-content\/uploads\/2023\/09\/WhatsApp-Image-2023-09-27-at-09.05.21-2-115x150.jpeg 115w, https:\/\/webvasco.com\/artigos\/wp-content\/uploads\/2023\/09\/WhatsApp-Image-2023-09-27-at-09.05.21-2-768x1000.jpeg 768w, https:\/\/webvasco.com\/artigos\/wp-content\/uploads\/2023\/09\/WhatsApp-Image-2023-09-27-at-09.05.21-2.jpeg 976w\" sizes=\"auto, (max-width: 786px) 100vw, 786px\" \/><\/a><\/figure><\/li><\/ul><\/figure>\n","protected":false},"excerpt":{"rendered":"<p>ELAS &amp; O PROFESSOR POR LUIZ CARLOS ROCHA A entrevista de setembro de 2023, com&#8230;<\/p>\n","protected":false},"author":7,"featured_media":9436,"comment_status":"open","ping_status":"closed","sticky":false,"template":"","format":"standard","meta":{"footnotes":""},"categories":[27],"tags":[],"class_list":["post-9435","post","type-post","status-publish","format-standard","has-post-thumbnail","hentry","category-elas-e-o-professor"],"_links":{"self":[{"href":"https:\/\/webvasco.com\/artigos\/wp-json\/wp\/v2\/posts\/9435","targetHints":{"allow":["GET"]}}],"collection":[{"href":"https:\/\/webvasco.com\/artigos\/wp-json\/wp\/v2\/posts"}],"about":[{"href":"https:\/\/webvasco.com\/artigos\/wp-json\/wp\/v2\/types\/post"}],"author":[{"embeddable":true,"href":"https:\/\/webvasco.com\/artigos\/wp-json\/wp\/v2\/users\/7"}],"replies":[{"embeddable":true,"href":"https:\/\/webvasco.com\/artigos\/wp-json\/wp\/v2\/comments?post=9435"}],"version-history":[{"count":2,"href":"https:\/\/webvasco.com\/artigos\/wp-json\/wp\/v2\/posts\/9435\/revisions"}],"predecessor-version":[{"id":9443,"href":"https:\/\/webvasco.com\/artigos\/wp-json\/wp\/v2\/posts\/9435\/revisions\/9443"}],"wp:featuredmedia":[{"embeddable":true,"href":"https:\/\/webvasco.com\/artigos\/wp-json\/wp\/v2\/media\/9436"}],"wp:attachment":[{"href":"https:\/\/webvasco.com\/artigos\/wp-json\/wp\/v2\/media?parent=9435"}],"wp:term":[{"taxonomy":"category","embeddable":true,"href":"https:\/\/webvasco.com\/artigos\/wp-json\/wp\/v2\/categories?post=9435"},{"taxonomy":"post_tag","embeddable":true,"href":"https:\/\/webvasco.com\/artigos\/wp-json\/wp\/v2\/tags?post=9435"}],"curies":[{"name":"wp","href":"https:\/\/api.w.org\/{rel}","templated":true}]}}