{"id":944,"date":"2014-10-03T12:41:03","date_gmt":"2014-10-03T15:41:03","guid":{"rendered":"http:\/\/webvasco.com\/artigos\/?p=944"},"modified":"2014-10-03T12:55:15","modified_gmt":"2014-10-03T15:55:15","slug":"saiu-do-papel-a-revitalizao-do-entorno-de-so-janurio","status":"publish","type":"post","link":"https:\/\/webvasco.com\/artigos\/colunistas\/marcelopaiva\/saiu-do-papel-a-revitalizao-do-entorno-de-so-janurio\/","title":{"rendered":"SAIU DO PAPEL, A REVITALIZA&Ccedil;&Atilde;O DO ENTORNO DE S&Atilde;O JANU&Aacute;RIO!"},"content":{"rendered":"<div dir=\"ltr\">\n<div>\n<div>\n<div>\u00a0\u00a0\u00a0\u00a0 Caros Amigos Vasca\u00ednos:<\/p>\n<\/div>\n<p>\u00a0\u00a0\u00a0\u00a0 Finalmente, como Vasca\u00ednos Volunt\u00e1rios e Abnegados, obtemos uma GRANDE VIT\u00d3RIA na Quest\u00e3o da Revitaliza\u00e7\u00e3o do entorno do Est\u00e1dio, do nosso Clube amado!<\/p>\n<\/div>\n<div>\u00a0\u00a0\u00a0 <b>Saiu do papel, a REVITALIZA\u00c7\u00c3O DO ENTORNO DE S\u00c3O JANU\u00c1RIO E DA VILA DO MEXICANO<\/b>, embora GRANDE PARTE DA IMPRENSA (inclusive de Profissionais Vasca\u00ednos, LAMENTAVELMENTE) TENHAM DEIXADO PASSAR DESAPERCEBIDA, esta Informa\u00e7\u00e3o Importante! Mas vale ressaltar que, nunca \u00e9 tarde para se informar uma Benfeitoria!<\/div>\n<div><\/div>\n<p>\u00a0\u00a0\u00a0\u00a0 Trabalho este, de &quot;formiguinhas&quot;, como o nosso, de modo ABNEGADO, INCONDICIONAL E S\u00c1BIO, nas articula\u00e7\u00f5es do meu Grupo Volunt\u00e1rio e INDEPENDENTE, da Revitaliza\u00e7\u00e3o do entorno de SJ, perante o Poder P\u00fablico, CRVG (DIGA-SE DE PASSAGEM, <b>de parte desta Diretoria atual,<\/b> <b>sendo que se esta Diretoria, NA \u00cdNTEGRA, desse a ATEN\u00c7\u00c3O NECESS\u00c1RIA, a esta quest\u00e3o, J\u00c1 TER\u00cdAMOS RESOLVIDO ISTO DE UMA MANEIRA PONTUAL E IMEDIATA)<\/b> e de DEZENAS DE VASCA\u00cdNOS ABNEGADOS, que juntos conquistamos esta Benfeitoria, para aquela REGI\u00c3O ESQUECIDA PELO PODER P\u00daBLICO, h\u00e1 d\u00e9cadas!<\/p>\n<p>\u00a0\u00a0\u00a0\u00a0\u00a0 <br \/>\u00a0\u00a0\u00a0\u00a0 <img loading=\"lazy\" decoding=\"async\" alt=\"Imagem inline 1\" src=\"https:\/\/webvasco.com\/artigos\/wp-content\/uploads\/2014\/10\/image1.png\" height=\"246\" width=\"230\"\/><\/p>\n<\/div>\n<p>\u00a0\u00a0\u00a0\u00a0 Previs\u00e3o do novo Entorno de S\u00e3o Janu\u00e1rio<\/p>\n<div>\u00a0\u00a0\u00a0\u00a0 (Fonte: Portal da SMH &#8211; Prefeitura do Rio de Janeiro)<\/p>\n<p><\/div>\n<div>\u00a0\u00a0\u00a0\u00a0 Visualizem, o Di\u00e1rio Oficial do Munic\u00edpio do RJ, comunicando esta Linha de A\u00e7\u00e3o, no seguinte link:<\/p>\n<p>\u00a0\u00a0\u00a0\u00a0 <a href=\"http:\/\/doweb.rio.rj.gov.br\/visualizar_pdf.php?edi_id=2484&amp;page=73\" target=\"_blank\"> <\/a><a href=\"http:\/\/doweb.rio.rj.gov.br\/visualizar_pdf.php?edi_id=2484&amp;page=73\" >http:\/\/doweb.rio.rj.gov.br\/visualizar_pdf.php?edi_id=2484&amp;page=73<\/a><\/div>\n<div>\n<\/div>\n<div>\u00a0\u00a0\u00a0\u00a0 H\u00e1 de se ressaltar, que no atual projeto, <b>n\u00e3o existe a rua vindo da Av Brasil, acessando SJ, e outra transversal a esta, acessando a Rua Bela,<\/b> a qual acessaria a previs\u00e3o de uma Esta\u00e7\u00e3o de BRT, nas imedia\u00e7\u00f5es da Rua Bela.<\/p>\n<\/div>\n<div>\u00a0\u00a0\u00a0 <b>Seria IMPORTANTE E PONTUAL, SE RESGATAR O PROJETO ANTERIOR,<\/b> pois j\u00e1 que HAVER\u00c1 UM GRANDE IMPACTO DE OBRAS, nesta regi\u00e3o (Programa &quot;Minha casa, minha vida&quot; (no terreno da antiga Metal\u00fargica Rheem), 7.775 m de alimenta\u00e7\u00e3o de \u00c1gua, 7.238 m de Rede de Esgoto, 2.950 m de Rede de Drenagem, 26.800 m\u00b2 de Vias e Acessos Pavimentados, 421 Pontos de Ilumina\u00e7\u00e3o P\u00fablica, novas \u00c1reas de Lazer (sendo cinco Pra\u00e7as P\u00fablicas e duas Quadras Poliesportivas)), <b>DE SE INCLUIR AS DUAS RUAS CITADAS ACIMA!<\/b><\/p>\n<\/div>\n<div>\u00a0\u00a0\u00a0 <b>Embora, n\u00e3o esteja muito claro no Portal da Prefeitura, a mesma CITA que alguma Ruas GANHAR\u00c3O ACESSOS PARA A AV BRASIL!<\/b><\/p>\n<\/div>\n<div>\u00a0\u00a0 Vejam, o exposto acima, no seguinte Link:<\/p>\n<p>\u00a0\u00a0 <a href=\"http:\/\/www.rio.rj.gov.br\/web\/guest\/exibeconteudo?id=4822086\"><\/a><a href=\"http:\/\/www.rio.rj.gov.br\/web\/guest\/exibeconteudo?id=4822086\" >http:\/\/www.rio.rj.gov.br\/web\/guest\/exibeconteudo?id=4822086<\/a><\/p>\n<\/div>\n<div><\/div>\n<div>\u00a0\u00a0 Isto ser\u00e1 FUNDAMENTAL, em termos de ACESSIBILIDADE, para qualquer INTERVEN\u00c7\u00c3O FUTURA, no Est\u00e1dio de S\u00e3o Janu\u00e1rio, seja ela de Amplia\u00e7\u00e3o, Moderniza\u00e7\u00e3o ou at\u00e9 mesmo, da CONSTRU\u00c7\u00c3O DE UMA NOVA ARENA MULTI USO. A exemplo do que o nosso Clube, Co-Irm\u00e3o de SP (Sociedade Esportiva Palmeiras), est\u00e1 fazendo recentemente, nas suas depend\u00eancias (cujas mesmas, antes da nova Arena, S\u00c3O SIMILARES as do Est\u00e1dio de SJ)!<\/p>\n<p>\u00a0\u00a0\u00a0\u00a0 <img loading=\"lazy\" decoding=\"async\" alt=\"Imagem inline 2\" src=\"https:\/\/webvasco.com\/artigos\/wp-content\/uploads\/2014\/10\/image2.png\" height=\"272\" width=\"230\"\/><\/p>\n<\/div>\n<div>\u00a0\u00a0\u00a0\u00a0 Prefeito Eduardo Paes e Secret\u00e1rio Municipal<\/div>\n<div>\u00a0\u00a0\u00a0\u00a0 de Habita\u00e7\u00e3o, Pierre Batista, anunciando em <\/div>\n<div>\u00a0\u00a0\u00a0\u00a0 19\/07\/14, na Barreira do Vasco, a revitaliza\u00e7\u00e3o <\/div>\n<div>\u00a0\u00a0\u00a0\u00a0 do entorno de SJ<\/div>\n<div>\u00a0\u00a0\u00a0\u00a0 (Fonte: Portal da Prefeitura do RJ)<\/p>\n<p>\u00a0\u00a0\u00a0\u00a0\u00a0 <img loading=\"lazy\" decoding=\"async\" alt=\"Imagem inline 3\" src=\"https:\/\/webvasco.com\/artigos\/wp-content\/uploads\/2014\/10\/image.png\" height=\"261\" width=\"230\"\/><\/p>\n<\/div>\n<div>\u00a0\u00a0\u00a0\u00a0\u00a0 Detalhamento de como ser\u00e1 a Revitaliza\u00e7\u00e3o<\/div>\n<div>\u00a0\u00a0\u00a0\u00a0\u00a0 (Fonte: Portal da Prefeitura do RJ)<\/p>\n<p>\u00a0\u00a0\u00a0\u00a0\u00a0 <\/div>\n<div>\u00a0\u00a0\u00a0\u00a0 Concluindo, torcemos e ESTAREMOS COBRANDO DA PREFEITURA MUNICIPAL DO RJ, que esta OBRA, seja realizada DE MODO PONTUAL, que beneficie os Moradores e Trabalhadores daquela Regi\u00e3o, ao CRVG, ao Bairro de S\u00e3o Crist\u00f3v\u00e3o e principalmente a Cidade do Rio de Janeiro! A qual ser\u00e1 a mais BENEFICIADA, em fun\u00e7\u00e3o do RESGATE desta regi\u00e3o ESQUECIDA, h\u00e1 d\u00e9cadas, e tamb\u00e9m de ACESSIBILIZAR, uma Pra\u00e7a Esportiva, das MAIS IMPORTANTES S\u00d3CIO, CULTURAL E ESPORTIVA, do Rio de Janeiro e do Brasil!<\/p>\n<\/div>\n<div>\u00a0\u00a0\u00a0\u00a0 Parab\u00e9ns a todos os envolvidos, nesta conquista!<\/p>\n<\/div>\n<div>\u00a0\u00a0\u00a0\u00a0 <b>No link, abaixo, segue O EXEMPLO de que uma boa Id\u00e9ia, FUNDAMENTADA em se Beneficiar O COLETIVO, e n\u00e3o de A, B ou C, PODE E DEVE SER REALIZADA, como de fato est\u00e1 sendo realizada agora:<br \/><\/b><br \/>\u00a0\u00a0\u00a0\u00a0 <a href=\"http:\/\/www.webvasco.com\/social\/leia-no-webvasco\/colunas\/marcelo-paiva\/314-agora-e-oficial-autoridades-do-rio-de-janeiro-receberam-o-abaixo-assinado-pela-revitalizacao.html\" target=\"_blank\"><\/a><a href=\"http:\/\/www.webvasco.com\/social\/leia-no-webvasco\/colunas\/marcelo-paiva\/314-agora-e-oficial-autoridades-do-rio-de-janeiro-receberam-o-abaixo-assinado-pela-revitalizacao.html\" >http:\/\/www.webvasco.com\/social\/leia-no-webvasco\/colunas\/marcelo-paiva\/314-agora-e-oficial-autoridades-do-rio-de-janeiro-receberam-o-abaixo-assinado-pela-revitalizacao.html<\/a><\/div>\n<div><\/div>\n<div>\u00a0\u00a0\u00a0\u00a0 Sauda\u00e7\u00f5es Vasca\u00ednas a todos!<\/div>\n<div>\n<p><\/div>\n<\/div>\n<p><\/p>\n","protected":false},"excerpt":{"rendered":"<p>\u00a0\u00a0\u00a0\u00a0 Caros Amigos Vasca\u00ednos: \u00a0\u00a0\u00a0\u00a0 Finalmente, como Vasca\u00ednos Volunt\u00e1rios e Abnegados, obtemos uma GRANDE VIT\u00d3RIA&#8230;<\/p>\n","protected":false},"author":3,"featured_media":948,"comment_status":"open","ping_status":"closed","sticky":false,"template":"","format":"standard","meta":{"footnotes":""},"categories":[16],"tags":[],"class_list":["post-944","post","type-post","status-publish","format-standard","has-post-thumbnail","hentry","category-marcelopaiva"],"_links":{"self":[{"href":"https:\/\/webvasco.com\/artigos\/wp-json\/wp\/v2\/posts\/944","targetHints":{"allow":["GET"]}}],"collection":[{"href":"https:\/\/webvasco.com\/artigos\/wp-json\/wp\/v2\/posts"}],"about":[{"href":"https:\/\/webvasco.com\/artigos\/wp-json\/wp\/v2\/types\/post"}],"author":[{"embeddable":true,"href":"https:\/\/webvasco.com\/artigos\/wp-json\/wp\/v2\/users\/3"}],"replies":[{"embeddable":true,"href":"https:\/\/webvasco.com\/artigos\/wp-json\/wp\/v2\/comments?post=944"}],"version-history":[{"count":0,"href":"https:\/\/webvasco.com\/artigos\/wp-json\/wp\/v2\/posts\/944\/revisions"}],"wp:featuredmedia":[{"embeddable":true,"href":"https:\/\/webvasco.com\/artigos\/wp-json\/wp\/v2\/media\/948"}],"wp:attachment":[{"href":"https:\/\/webvasco.com\/artigos\/wp-json\/wp\/v2\/media?parent=944"}],"wp:term":[{"taxonomy":"category","embeddable":true,"href":"https:\/\/webvasco.com\/artigos\/wp-json\/wp\/v2\/categories?post=944"},{"taxonomy":"post_tag","embeddable":true,"href":"https:\/\/webvasco.com\/artigos\/wp-json\/wp\/v2\/tags?post=944"}],"curies":[{"name":"wp","href":"https:\/\/api.w.org\/{rel}","templated":true}]}}