{"id":9456,"date":"2023-11-28T18:51:03","date_gmt":"2023-11-28T21:51:03","guid":{"rendered":"https:\/\/webvasco.com\/artigos\/?p=9456"},"modified":"2023-11-28T18:51:05","modified_gmt":"2023-11-28T21:51:05","slug":"elas-o-professor-jully","status":"publish","type":"post","link":"https:\/\/webvasco.com\/artigos\/temas\/elas-e-o-professor\/elas-o-professor-jully\/","title":{"rendered":"ELAS &#038; O PROFESSOR \u2013JULLY"},"content":{"rendered":"\n<p><strong><u>ELAS &amp; O PROFESSOR<\/u><\/strong><\/p>\n\n\n\n<p><strong>POR LUIZ CARLOS ROCHA<\/strong><\/p>\n\n\n\n<p>A entrevista de novembro de 2023, com Juliana Pereira Gon\u00e7alves \u00e9 dedicada ao meu grande amor, minha fonte de inspira\u00e7\u00e3o, meu cora\u00e7\u00e3o fora do peito: <strong>\u00darsulla Rocha, Meu Amor infinito<\/strong>!<\/p>\n\n\n\n<p><strong>&nbsp;&nbsp;&nbsp; JULLY, <\/strong>promotora de vendas,casada com Gabriel&nbsp;mam\u00e3e da J\u00falia e mam\u00e3e de cora\u00e7\u00e3o do Felype e da Maria (enteados), 36 anos, de Religi\u00e3o Protestante, do&nbsp; signo de Aqu\u00e1rio (que segundo ela \u00e9 o mais simp\u00e1tico do Zod\u00edaco, revelou sorrindo), moradora do bairro Cabu\u00e7u, na cidade de Nova Igua\u00e7u\/RJ. Nas horas vagas, a vasca\u00edna gosta de curtir uma praia com a fam\u00edlia. Sua Escola de Samba do cora\u00e7\u00e3o &nbsp;\u00c9 a Beija-flor de Nil\u00f3polis. Quanto ao seu prato predileto, ela afirma com todas as letras que o tradicional churrasco sempre ser\u00e1 a prefer\u00eancia.<\/p>\n\n\n\n<p><strong>&nbsp;&nbsp;&nbsp; O Vasco da Gama se salvar\u00e1 do rebaixamento, no Campeonato Brasileiro de 2023?<\/strong><\/p>\n\n\n\n<p>Sim. Por todo trabalho feito pela equipe do Ram\u00f3n Diaz, n\u00e3o deixando de citar&nbsp; nossa torcida. Merecemos e permaneceremos na S\u00e9rie A.<\/p>\n\n\n\n<p><strong>&nbsp;&nbsp;&nbsp; Se o treinador Ram\u00f3n \u00c1ngel D\u00edaz estivesse no comando desde o in\u00edcio da competi\u00e7\u00e3o o Cruzmaltino estaria brigando pelas primeiras posi\u00e7\u00f5es na tabela de classifica\u00e7\u00e3o?<\/strong><\/p>\n\n\n\n<p>Sim. Talvez como surpresa. Ele vem sendo essencial para nosso ressurgimento no Campeonato. Al\u00e9m de ser um ex\u00edmio treinador, tamb\u00e9m gestor. T\u00eam o grupo com ele.<\/p>\n\n\n\n<p><strong>&nbsp;&nbsp;&nbsp; Do atual plantel, h\u00e1 algum atleta que deve ser titular absoluto?<\/strong><\/p>\n\n\n\n<p>Medel (Gary).<\/p>\n\n\n\n<p><strong>&nbsp;&nbsp;&nbsp; Como voc\u00ea v\u00ea o Vasco na pr\u00f3xima temporada?<\/strong><\/p>\n\n\n\n<p>Brigando por t\u00edtulos? Creio que ainda n\u00e3o. Estamos nos reestruturando, as coisas boas vir\u00e3o depois de um tempo de trabalho e equipe s\u00f3lida.<\/p>\n\n\n\n<p><strong>&nbsp;&nbsp;&nbsp; Pedrinho foi a melhor escolha para presidente?<\/strong><\/p>\n\n\n\n<p>Pelas amea\u00e7as que alegou sofrer em campanha, ficou claro que foi a melhor escolha. H\u00e1 &#8220;mist\u00e9rios&#8221; no Vasco que precisam ser desvendados, deixados \u00e0s claras. Ele veio sabendo desse desafio.<\/p>\n\n\n\n<p><strong>&nbsp;&nbsp;&nbsp; Pedrinho por ser ex-jogador, far\u00e1 uma administra\u00e7\u00e3o igual ou melhor do que o saudoso e tamb\u00e9m ex-jogador Roberto Dinamite?<\/strong><\/p>\n\n\n\n<p>Assim como Dinamite, Pedrinho \u00e9 honesto, pensa o melhor para o Vasco e exp\u00f5e isso com clareza. Por\u00e9m, sabemos do c\u00e2ncer administrativo instalado. Por mais que a 777 Partners tenha assumido, existem arestas a serem aparadas. Pedrinho tem for\u00e7a. Apesar de jovem \u00e9 maduro. Confio em sua gest\u00e3o e espero que n\u00e3o seja mais uma v\u00edtima do sistema.<\/p>\n\n\n\n<p><strong>&nbsp;&nbsp;&nbsp; O menino Pedrinho por ser agregador ter\u00e1 possibilidades de trazer um maior investimento financeiro para o clube?<\/strong><\/p>\n\n\n\n<p>Acredito que sim. Al\u00e9m de \u00f3tima imagem, passa confian\u00e7a a quem est\u00e1 disposto a escutar suas ideias e propostas.<\/p>\n\n\n\n<p><strong>&nbsp;&nbsp;&nbsp; Voc\u00ea acha que o presidente Jorge Salgado contribuiu em parte para a conquista da Libertadores do clube das Laranjeiras, uma vez, que praticamente deu o atleta&nbsp; Germ\u00e1n Ezequiel Cano para eles?<\/strong><\/p>\n\n\n\n<p>Em parte sim. Em 2020, mesmo Cano fazendo muitos gols, n\u00e3o foi o suficiente para permanecer na S\u00e9rie A, do Campeonato Brasileiro, e mesmo com o insucesso, jogou a Segunda Divis\u00e3o, e infelizmente o rendimento foi abaixo do que esper\u00e1vamos. O Vasco sabia do seu potencial, al\u00e9m do dinheiro, \u00e9 claro.<\/p>\n\n\n\n<p><strong>&nbsp;&nbsp;&nbsp; Qual o melhor presente de Natal que o Cruzmaltino pode lhe dar?<\/strong><\/p>\n\n\n\n<p>Nesse ano, &nbsp;a perman\u00eancia na S\u00e9rie A, sem d\u00favida.<\/p>\n\n\n\n<p><strong>&nbsp;&nbsp;&nbsp; Que contrata\u00e7\u00e3o voc\u00ea gostaria de ver em 2024?<\/strong><\/p>\n\n\n\n<p>Z\u00e9 Rafael e Juninho Capixaba. Gosto do futebol deles e acho que somaria.<\/p>\n\n\n\n<p><strong>Voc\u00ea t\u00eam esperan\u00e7a de viver dias de gl\u00f3rias como no passado?<\/strong><\/p>\n\n\n\n<p>Meu sonho, n\u00e3o s\u00f3 meu, mas de todos os vasca\u00ednos. Tenho convic\u00e7\u00e3o que essa instabilidade ir\u00e1 passar, e dias de Gl\u00f3ria est\u00e3o por vir.<\/p>\n\n\n\n<p><strong>&nbsp;&nbsp;&nbsp; Em sua casa, todos s\u00e3o vasca\u00ednos?<\/strong><\/p>\n\n\n\n<p>Sim. Aqui em casa s\u00f3 damos essa op\u00e7\u00e3o para as crian\u00e7as (concluiu a entrevista sorrindo).<\/p>\n\n\n\n<p><strong><u>FOTOGRAFIAS \u00a0FORNECIDAS PELO ARQUIVO PESSOAL DA ENTREVISTADA.<\/u><\/strong><\/p>\n\n\n\n<figure class=\"wp-block-gallery columns-3 is-cropped wp-block-gallery-1 is-layout-flex wp-block-gallery-is-layout-flex\"><ul class=\"blocks-gallery-grid\"><li class=\"blocks-gallery-item\"><figure><a href=\"https:\/\/webvasco.com\/artigos\/wp-content\/uploads\/2023\/11\/WhatsApp-Image-2023-11-27-at-16.19.12.jpeg\"><img loading=\"lazy\" decoding=\"async\" width=\"720\" height=\"960\" src=\"https:\/\/webvasco.com\/artigos\/wp-content\/uploads\/2023\/11\/WhatsApp-Image-2023-11-27-at-16.19.12.jpeg\" alt=\"\" data-id=\"9457\" data-full-url=\"https:\/\/webvasco.com\/artigos\/wp-content\/uploads\/2023\/11\/WhatsApp-Image-2023-11-27-at-16.19.12.jpeg\" data-link=\"https:\/\/webvasco.com\/artigos\/?attachment_id=9457\" class=\"wp-image-9457\" srcset=\"https:\/\/webvasco.com\/artigos\/wp-content\/uploads\/2023\/11\/WhatsApp-Image-2023-11-27-at-16.19.12.jpeg 720w, https:\/\/webvasco.com\/artigos\/wp-content\/uploads\/2023\/11\/WhatsApp-Image-2023-11-27-at-16.19.12-225x300.jpeg 225w, https:\/\/webvasco.com\/artigos\/wp-content\/uploads\/2023\/11\/WhatsApp-Image-2023-11-27-at-16.19.12-113x150.jpeg 113w\" sizes=\"auto, (max-width: 720px) 100vw, 720px\" \/><\/a><\/figure><\/li><li class=\"blocks-gallery-item\"><figure><a href=\"https:\/\/webvasco.com\/artigos\/wp-content\/uploads\/2023\/11\/WhatsApp-Image-2023-11-27-at-16.19.14-1.jpeg\"><img loading=\"lazy\" decoding=\"async\" width=\"1024\" height=\"576\" src=\"https:\/\/webvasco.com\/artigos\/wp-content\/uploads\/2023\/11\/WhatsApp-Image-2023-11-27-at-16.19.14-1-1024x576.jpeg\" alt=\"\" data-id=\"9458\" data-full-url=\"https:\/\/webvasco.com\/artigos\/wp-content\/uploads\/2023\/11\/WhatsApp-Image-2023-11-27-at-16.19.14-1.jpeg\" data-link=\"https:\/\/webvasco.com\/artigos\/?attachment_id=9458\" class=\"wp-image-9458\" srcset=\"https:\/\/webvasco.com\/artigos\/wp-content\/uploads\/2023\/11\/WhatsApp-Image-2023-11-27-at-16.19.14-1-1024x576.jpeg 1024w, https:\/\/webvasco.com\/artigos\/wp-content\/uploads\/2023\/11\/WhatsApp-Image-2023-11-27-at-16.19.14-1-300x169.jpeg 300w, https:\/\/webvasco.com\/artigos\/wp-content\/uploads\/2023\/11\/WhatsApp-Image-2023-11-27-at-16.19.14-1-150x84.jpeg 150w, https:\/\/webvasco.com\/artigos\/wp-content\/uploads\/2023\/11\/WhatsApp-Image-2023-11-27-at-16.19.14-1-768x432.jpeg 768w, https:\/\/webvasco.com\/artigos\/wp-content\/uploads\/2023\/11\/WhatsApp-Image-2023-11-27-at-16.19.14-1.jpeg 1032w\" sizes=\"auto, (max-width: 1024px) 100vw, 1024px\" \/><\/a><\/figure><\/li><li class=\"blocks-gallery-item\"><figure><a href=\"https:\/\/webvasco.com\/artigos\/wp-content\/uploads\/2023\/11\/WhatsApp-Image-2023-11-27-at-16.19.14.jpeg\"><img loading=\"lazy\" decoding=\"async\" width=\"1024\" height=\"768\" src=\"https:\/\/webvasco.com\/artigos\/wp-content\/uploads\/2023\/11\/WhatsApp-Image-2023-11-27-at-16.19.14-1024x768.jpeg\" alt=\"\" data-id=\"9459\" data-full-url=\"https:\/\/webvasco.com\/artigos\/wp-content\/uploads\/2023\/11\/WhatsApp-Image-2023-11-27-at-16.19.14.jpeg\" data-link=\"https:\/\/webvasco.com\/artigos\/?attachment_id=9459\" class=\"wp-image-9459\" srcset=\"https:\/\/webvasco.com\/artigos\/wp-content\/uploads\/2023\/11\/WhatsApp-Image-2023-11-27-at-16.19.14-1024x768.jpeg 1024w, https:\/\/webvasco.com\/artigos\/wp-content\/uploads\/2023\/11\/WhatsApp-Image-2023-11-27-at-16.19.14-300x225.jpeg 300w, https:\/\/webvasco.com\/artigos\/wp-content\/uploads\/2023\/11\/WhatsApp-Image-2023-11-27-at-16.19.14-150x113.jpeg 150w, https:\/\/webvasco.com\/artigos\/wp-content\/uploads\/2023\/11\/WhatsApp-Image-2023-11-27-at-16.19.14-768x576.jpeg 768w, https:\/\/webvasco.com\/artigos\/wp-content\/uploads\/2023\/11\/WhatsApp-Image-2023-11-27-at-16.19.14.jpeg 1280w\" sizes=\"auto, (max-width: 1024px) 100vw, 1024px\" \/><\/a><\/figure><\/li><li class=\"blocks-gallery-item\"><figure><a href=\"https:\/\/webvasco.com\/artigos\/wp-content\/uploads\/2023\/11\/WhatsApp-Image-2023-11-27-at-16.19.15-1.jpeg\"><img loading=\"lazy\" decoding=\"async\" width=\"1024\" height=\"1024\" src=\"https:\/\/webvasco.com\/artigos\/wp-content\/uploads\/2023\/11\/WhatsApp-Image-2023-11-27-at-16.19.15-1-1024x1024.jpeg\" alt=\"\" data-id=\"9460\" data-full-url=\"https:\/\/webvasco.com\/artigos\/wp-content\/uploads\/2023\/11\/WhatsApp-Image-2023-11-27-at-16.19.15-1.jpeg\" data-link=\"https:\/\/webvasco.com\/artigos\/?attachment_id=9460\" class=\"wp-image-9460\" srcset=\"https:\/\/webvasco.com\/artigos\/wp-content\/uploads\/2023\/11\/WhatsApp-Image-2023-11-27-at-16.19.15-1-1024x1024.jpeg 1024w, https:\/\/webvasco.com\/artigos\/wp-content\/uploads\/2023\/11\/WhatsApp-Image-2023-11-27-at-16.19.15-1-300x300.jpeg 300w, https:\/\/webvasco.com\/artigos\/wp-content\/uploads\/2023\/11\/WhatsApp-Image-2023-11-27-at-16.19.15-1-150x150.jpeg 150w, https:\/\/webvasco.com\/artigos\/wp-content\/uploads\/2023\/11\/WhatsApp-Image-2023-11-27-at-16.19.15-1-768x768.jpeg 768w, https:\/\/webvasco.com\/artigos\/wp-content\/uploads\/2023\/11\/WhatsApp-Image-2023-11-27-at-16.19.15-1.jpeg 1280w\" sizes=\"auto, (max-width: 1024px) 100vw, 1024px\" \/><\/a><\/figure><\/li><li class=\"blocks-gallery-item\"><figure><a href=\"https:\/\/webvasco.com\/artigos\/wp-content\/uploads\/2023\/11\/WhatsApp-Image-2023-11-27-at-16.19.15.jpeg\"><img loading=\"lazy\" decoding=\"async\" width=\"1024\" height=\"576\" src=\"https:\/\/webvasco.com\/artigos\/wp-content\/uploads\/2023\/11\/WhatsApp-Image-2023-11-27-at-16.19.15-1024x576.jpeg\" alt=\"\" data-id=\"9461\" data-full-url=\"https:\/\/webvasco.com\/artigos\/wp-content\/uploads\/2023\/11\/WhatsApp-Image-2023-11-27-at-16.19.15.jpeg\" data-link=\"https:\/\/webvasco.com\/artigos\/?attachment_id=9461\" class=\"wp-image-9461\" srcset=\"https:\/\/webvasco.com\/artigos\/wp-content\/uploads\/2023\/11\/WhatsApp-Image-2023-11-27-at-16.19.15-1024x576.jpeg 1024w, https:\/\/webvasco.com\/artigos\/wp-content\/uploads\/2023\/11\/WhatsApp-Image-2023-11-27-at-16.19.15-300x169.jpeg 300w, https:\/\/webvasco.com\/artigos\/wp-content\/uploads\/2023\/11\/WhatsApp-Image-2023-11-27-at-16.19.15-150x84.jpeg 150w, https:\/\/webvasco.com\/artigos\/wp-content\/uploads\/2023\/11\/WhatsApp-Image-2023-11-27-at-16.19.15-768x432.jpeg 768w, https:\/\/webvasco.com\/artigos\/wp-content\/uploads\/2023\/11\/WhatsApp-Image-2023-11-27-at-16.19.15.jpeg 1032w\" sizes=\"auto, (max-width: 1024px) 100vw, 1024px\" \/><\/a><\/figure><\/li><li class=\"blocks-gallery-item\"><figure><a href=\"https:\/\/webvasco.com\/artigos\/wp-content\/uploads\/2023\/11\/WhatsApp-Image-2023-11-27-at-16.27.32.jpeg\"><img loading=\"lazy\" decoding=\"async\" width=\"1024\" height=\"576\" src=\"https:\/\/webvasco.com\/artigos\/wp-content\/uploads\/2023\/11\/WhatsApp-Image-2023-11-27-at-16.27.32-1024x576.jpeg\" alt=\"\" data-id=\"9462\" data-full-url=\"https:\/\/webvasco.com\/artigos\/wp-content\/uploads\/2023\/11\/WhatsApp-Image-2023-11-27-at-16.27.32.jpeg\" data-link=\"https:\/\/webvasco.com\/artigos\/?attachment_id=9462\" class=\"wp-image-9462\" srcset=\"https:\/\/webvasco.com\/artigos\/wp-content\/uploads\/2023\/11\/WhatsApp-Image-2023-11-27-at-16.27.32-1024x576.jpeg 1024w, https:\/\/webvasco.com\/artigos\/wp-content\/uploads\/2023\/11\/WhatsApp-Image-2023-11-27-at-16.27.32-300x169.jpeg 300w, https:\/\/webvasco.com\/artigos\/wp-content\/uploads\/2023\/11\/WhatsApp-Image-2023-11-27-at-16.27.32-150x84.jpeg 150w, https:\/\/webvasco.com\/artigos\/wp-content\/uploads\/2023\/11\/WhatsApp-Image-2023-11-27-at-16.27.32-768x432.jpeg 768w, https:\/\/webvasco.com\/artigos\/wp-content\/uploads\/2023\/11\/WhatsApp-Image-2023-11-27-at-16.27.32.jpeg 1280w\" sizes=\"auto, (max-width: 1024px) 100vw, 1024px\" \/><\/a><\/figure><\/li><li class=\"blocks-gallery-item\"><figure><a href=\"https:\/\/webvasco.com\/artigos\/wp-content\/uploads\/2023\/11\/WhatsApp-Image-2023-11-27-at-16.29.39.jpeg\"><img loading=\"lazy\" decoding=\"async\" width=\"1024\" height=\"1024\" src=\"https:\/\/webvasco.com\/artigos\/wp-content\/uploads\/2023\/11\/WhatsApp-Image-2023-11-27-at-16.29.39-1024x1024.jpeg\" alt=\"\" data-id=\"9463\" data-full-url=\"https:\/\/webvasco.com\/artigos\/wp-content\/uploads\/2023\/11\/WhatsApp-Image-2023-11-27-at-16.29.39.jpeg\" data-link=\"https:\/\/webvasco.com\/artigos\/?attachment_id=9463\" class=\"wp-image-9463\" srcset=\"https:\/\/webvasco.com\/artigos\/wp-content\/uploads\/2023\/11\/WhatsApp-Image-2023-11-27-at-16.29.39-1024x1024.jpeg 1024w, https:\/\/webvasco.com\/artigos\/wp-content\/uploads\/2023\/11\/WhatsApp-Image-2023-11-27-at-16.29.39-300x300.jpeg 300w, https:\/\/webvasco.com\/artigos\/wp-content\/uploads\/2023\/11\/WhatsApp-Image-2023-11-27-at-16.29.39-150x150.jpeg 150w, https:\/\/webvasco.com\/artigos\/wp-content\/uploads\/2023\/11\/WhatsApp-Image-2023-11-27-at-16.29.39-768x768.jpeg 768w, https:\/\/webvasco.com\/artigos\/wp-content\/uploads\/2023\/11\/WhatsApp-Image-2023-11-27-at-16.29.39.jpeg 1280w\" sizes=\"auto, (max-width: 1024px) 100vw, 1024px\" \/><\/a><\/figure><\/li><\/ul><\/figure>\n","protected":false},"excerpt":{"rendered":"<p>ELAS &amp; O PROFESSOR POR LUIZ CARLOS ROCHA A entrevista de novembro de 2023, com&#8230;<\/p>\n","protected":false},"author":7,"featured_media":9460,"comment_status":"open","ping_status":"closed","sticky":false,"template":"","format":"standard","meta":{"footnotes":""},"categories":[27],"tags":[],"class_list":["post-9456","post","type-post","status-publish","format-standard","has-post-thumbnail","hentry","category-elas-e-o-professor"],"_links":{"self":[{"href":"https:\/\/webvasco.com\/artigos\/wp-json\/wp\/v2\/posts\/9456","targetHints":{"allow":["GET"]}}],"collection":[{"href":"https:\/\/webvasco.com\/artigos\/wp-json\/wp\/v2\/posts"}],"about":[{"href":"https:\/\/webvasco.com\/artigos\/wp-json\/wp\/v2\/types\/post"}],"author":[{"embeddable":true,"href":"https:\/\/webvasco.com\/artigos\/wp-json\/wp\/v2\/users\/7"}],"replies":[{"embeddable":true,"href":"https:\/\/webvasco.com\/artigos\/wp-json\/wp\/v2\/comments?post=9456"}],"version-history":[{"count":1,"href":"https:\/\/webvasco.com\/artigos\/wp-json\/wp\/v2\/posts\/9456\/revisions"}],"predecessor-version":[{"id":9464,"href":"https:\/\/webvasco.com\/artigos\/wp-json\/wp\/v2\/posts\/9456\/revisions\/9464"}],"wp:featuredmedia":[{"embeddable":true,"href":"https:\/\/webvasco.com\/artigos\/wp-json\/wp\/v2\/media\/9460"}],"wp:attachment":[{"href":"https:\/\/webvasco.com\/artigos\/wp-json\/wp\/v2\/media?parent=9456"}],"wp:term":[{"taxonomy":"category","embeddable":true,"href":"https:\/\/webvasco.com\/artigos\/wp-json\/wp\/v2\/categories?post=9456"},{"taxonomy":"post_tag","embeddable":true,"href":"https:\/\/webvasco.com\/artigos\/wp-json\/wp\/v2\/tags?post=9456"}],"curies":[{"name":"wp","href":"https:\/\/api.w.org\/{rel}","templated":true}]}}