{"id":951,"date":"2014-10-04T23:31:41","date_gmt":"2014-10-05T02:31:41","guid":{"rendered":"http:\/\/webvasco.com\/artigos\/?p=951"},"modified":"2014-10-04T23:44:55","modified_gmt":"2014-10-05T02:44:55","slug":"triste-fim","status":"publish","type":"post","link":"https:\/\/webvasco.com\/artigos\/colunistas\/luizcarlosrocha\/triste-fim\/","title":{"rendered":"TRISTE FIM!"},"content":{"rendered":"<div>\n<div style=\"color:#000; background-color:#fff; font-family:HelveticaNeue, Helvetica Neue, Helvetica, Arial, Lucida Grande, sans-serif;font-size:8px\">\n<div class=\"\" style=\"\"><span class=\"\" style=\"\"><br class=\"\" style=\"\"\/><\/span><\/div>\n<div class=\"\" style=\"text-align:justify;tab-stops:111.0pt\"><span style=\"font-size:16.0pt;line-height:115%;font-family:&quot;Arial&quot;,&quot;sans-serif&quot;\" class=\"\">&nbsp; &nbsp;&nbsp;\u201cTodo equipado, preparado na linha de partida. Daqui a pouco vai ser dada a sa\u00edda. Todo mundo nervoso e eu n\u00e3o t\u00f3 nem a\u00ed (O importante \u00e9 competir!). Ent\u00e3o t\u00e1, vamos l\u00e1, nem vou me preocupar. J\u00e1 t\u00e1 tudo armado pra eu me conformar. Eu vou tentar s\u00f3 pra n\u00e3o falar que eu nem sou atleta&#8230; Por isso eu sempre sou, terceiro! \u00d4ba-\u00d4ba!\u201d Essa can\u00e7\u00e3o feita pela Banda Ultraje a Rigor tempos atr\u00e1s gerou muita pol\u00eamica \u2013 e at\u00e9 alguns processos na esfera do direito civil \u2013 pois retratava a carreira vitoriosa e posteriormente falida de certo piloto (que por acaso \u00e9 vasca\u00edno) de F\u00f3rmula 1.&nbsp; Exatamente o que est\u00e1 acontecendo com o Vasco da Gama!<o:p class=\"\" style=\"\"><\/o:p><\/span><\/div>\n<div class=\"\" style=\"text-align:justify;tab-stops:111.0pt\"><span style=\"font-size:16.0pt;line-height:115%;font-family:&quot;Arial&quot;,&quot;sans-serif&quot;\" class=\"\">&nbsp;&nbsp;&nbsp; Ao empatar ontem, em S\u00e3o Janu\u00e1rio, com o Bragantino, por 2 a 2, ap\u00f3s estar perdendo sem gols at\u00e9 os 45 minutos da etapa final, ou seja, todo o tempo regulamentar e s\u00f3 conseguir diminuir com Lucas Crispim aos 46, e empatar aos 48 com Douglas Silva, o Cruzmaltino escreveu mais um cap\u00edtulo desta fat\u00eddica hist\u00f3ria de fal\u00eancia desportiva. Marcaram para o time de Bragan\u00e7a Paulista na partida que marcava a 27\u00aa Rodada do Campeonato Brasileiro, da S\u00e9rie B, os jogadores Geandro e Ant\u00f4nio Fl\u00e1vio.<o:p class=\"\" style=\"\"><\/o:p><\/span><\/div>\n<div class=\"\" style=\"text-align:justify;tab-stops:111.0pt\"><span style=\"font-size:16.0pt;line-height:115%;font-family:&quot;Arial&quot;,&quot;sans-serif&quot;\" class=\"\">&nbsp;&nbsp;&nbsp; Assim como na m\u00fasica do Ultraje, o piloto que em minha opini\u00e3o foi um dos melhores daquela modalidade perdendo apenas para o Alem\u00e3o, foi tricampe\u00e3o tanto quanto Senna com a diferen\u00e7a de n\u00e3o ter o carisma, que consequentemente colocou a m\u00eddia em seu desfavor. Naquela \u00e9poca de poucos recursos automobil\u00edsticos e n\u00e3o ser simp\u00e1tico mesmo assim conquistar tr\u00eas vers\u00f5es do Mundial \u00e9 porque o piloto era bom mesmo. Mas infelizmente caiu de produ\u00e7\u00e3o at\u00e9 ser decretado o fim de sua carreira. Nos mesmos moldes, mas adaptado ao futebol o Vasco n\u00e3o se deu conta que est\u00e1 caindo de produ\u00e7\u00e3o faz tempo, e que o fim est\u00e1 caminhando a largos passos. <o:p class=\"\" style=\"\"><\/o:p><\/span><\/div>\n<div class=\"\" style=\"text-align:justify;tab-stops:111.0pt\"><span style=\"font-size:16.0pt;line-height:115%;font-family:&quot;Arial&quot;,&quot;sans-serif&quot;\" class=\"\">&nbsp;&nbsp;&nbsp; Achar que o empate em casa \u00e9 bom, em plena Segundona \u00e9 se conformar com pouco! Talvez por estes e outros motivos que as multinacionais Nike e Adidas tenham desistido de fornecer o material esportivo para o clube. Ali\u00e1s, a Umbro fez a sua estreia ontem no que tange a confec\u00e7\u00e3o do novo manto sagrado. Outrora, o Gigante da Colina teria negociado com as marcas supracitadas e jamais estaria nesta pen\u00faria de t\u00edtulos. <o:p class=\"\" style=\"\"><\/o:p><\/span><\/div>\n<div class=\"\" style=\"text-align:justify;tab-stops:111.0pt\"><span style=\"font-size:16.0pt;line-height:115%;font-family:&quot;Arial&quot;,&quot;sans-serif&quot;\" class=\"\">&nbsp;&nbsp;&nbsp; O problema \u00e9 que h\u00e1 quem diga que com este apequenamento vis\u00edvel Roger Rocha Moreira e Cia. j\u00e1 podem elaborar uma nova can\u00e7\u00e3o de miserabilidade, ou melhor, do fim! Atitudes emergenciais precisam ser tomadas para que a marca consagrada Vasco da Gama seja eternizada como forte. Al\u00e9m da vaidade, da falta de vontade h\u00e1 tamb\u00e9m uma enorme crise pol\u00edtica, administrativa e, sobretudo, financeira que assola o clube. O pr\u00f3ximo desafio do Mach\u00e3o da Gama ser\u00e1 ter\u00e7a-feira, dia 07, diante da Portuguesa, l\u00e1. Espero que possamos trazer tr\u00eas pontos e somar aos 48 j\u00e1 garantidos na tabela de classifica\u00e7\u00e3o da competi\u00e7\u00e3o.<o:p class=\"\" style=\"\"><\/o:p><\/span><\/div>\n<div class=\"\" style=\"text-align:justify;tab-stops:111.0pt\"><span style=\"font-size:16.0pt;line-height:115%;font-family:&quot;Arial&quot;,&quot;sans-serif&quot;\" class=\"\">&nbsp;&nbsp;&nbsp; <o:p class=\"\" style=\"\"><\/o:p><\/span><\/div>\n<div class=\"\" style=\"text-align:justify;tab-stops:111.0pt\"><span style=\"font-size:16.0pt;line-height:115%;font-family:&quot;Arial&quot;,&quot;sans-serif&quot;\" class=\"\"><o:p class=\"\" style=\"\">&nbsp;<\/o:p><\/span><\/div>\n<div class=\"\" style=\"text-align:justify;tab-stops:111.0pt\"><span style=\"font-size:16.0pt;line-height:115%;font-family:&quot;Arial&quot;,&quot;sans-serif&quot;\" class=\"\"><o:p class=\"\" style=\"\">&nbsp;<\/o:p><\/span><\/div>\n<div class=\"\" style=\"text-align:justify;tab-stops:111.0pt\"><span style=\"font-size:16.0pt;line-height:115%;font-family:&quot;Arial&quot;,&quot;sans-serif&quot;\"   class=\"\">&nbsp;&nbsp;&nbsp;&nbsp;&nbsp;&nbsp;&nbsp;&nbsp;&nbsp;&nbsp;&nbsp;&nbsp;&nbsp;&nbsp;&nbsp;&nbsp;&nbsp;&nbsp;&nbsp;&nbsp;&nbsp;&nbsp;&nbsp;&nbsp; <o:p class=\"\" style=\"\"><\/o:p><\/span><\/div>\n<div class=\"\" style=\"text-align:justify;tab-stops:79.5pt\"><b class=\"\" style=\"\"><u class=\"\" style=\"\"><span style=\"font-size:16.0pt; line-height:115%;font-family:&quot;Arial&quot;,&quot;sans-serif&quot;\" class=\"\">COVARDIA:<\/span><\/u><\/b><span style=\"font-size:16.0pt;line-height:115%;font-family:&quot;Arial&quot;,&quot;sans-serif&quot;\" class=\"\"> GOSTARIA DE PEDIR A TODOS OS MEUS AMIGOS E LEITORES QUE TIRASSE UM TEMPINHO PARA LER A PETI\u00c7\u00c3O P\u00daBLICA, AO QUAL SEGUE ABAIXO O LINK. TAL DOCUMENTO REFERE-SE A UM ATO DE COVARDIA POR PARTE DA VOLKSWAGEN DO BRASIL EM COAUTORIA DA ABOLI\u00c7\u00c3O VE\u00cdCULOS (GRUPO AB) CONTRA ESTE VELHO JORNALISTA. A REFERIDA CONCESSION\u00c1RIA EST\u00c1 ME LESANDO DESDE FEVEREIRO DE 2013. MEU CARRO FOI BATIDO DENTRO DA OFICINA, FURTARAM ACESS\u00d3RIOS, TEM PROBLEMAS CAUSADOS POR ELES, AL\u00c9M DE DEFEITOS DE FABRICA\u00c7\u00c3O. O CARRO 0 KM COMPRADO POR MIM HOJE SE ENCONTRA NA OFICINA DA ABOLI\u00c7\u00c3O VE\u00cdCULOS (CENTRO DE NITER\u00d3I) <b class=\"\" style=\"\"><u class=\"\" style=\"\">DESDE 10 DE JUNHO DE 2013<\/u><\/b>, OU SEJA, H\u00c1 15 MESES. <b class=\"\" style=\"\"><u class=\"\" style=\"\">TEM APENAS 703 KM RODADOS<\/u><\/b> PARA COMPROVAR O CALV\u00c1RIO TENHO DOCUMENTOS, GRAVA\u00c7\u00d5ES DE AUDIO E V\u00cdDEO, MAIS DE 400 FOTOGRAFIAS E E-MAILS TROCADOS COM FUNCION\u00c1RIOS DO BAIXO, M\u00c9DIO E ALTO ESCAL\u00c3O DA EMPRESA. POR FAVOR, ASSINEM O DOCUMENTO PARA QUE OUTROS CONSUMIDORES N\u00c3O SEJAM LESADOS POR EMPRESAS DESTE N\u00cdVEL.&nbsp; <\/span><a href=\"https:\/\/secure.avaaz.org\/po\/petition\/Aos_Orgaos_de_Defesa_do_Consumidor_e_ao_Poder_Judiciario_JUSTICA_CONTRA_UMA_MARCA_E_SUA_REVENDERORA_QUE_DESCUMPREM_A_LEI\/?lJEcNfb&amp;pv=0\" class=\"\" style=\"\"><span style=\"font-size:16.0pt;line-height:115%;font-family:&quot;Arial&quot;,&quot;sans-serif&quot;\" class=\"\"><a href=\"https:\/\/secure.avaaz.org\/po\/petition\/Aos_Orgaos_de_Defesa_do_Consumidor_e_ao_Poder_Judiciario_JUSTICA_CONTRA_UMA_MARCA_E_SUA_REVENDERORA_QUE_DESCUMPREM_A_LEI\/?lJEcNfb&amp;pv=0\" >https:\/\/secure.avaaz.org\/po\/petition\/Aos_Orgaos_de_Defesa_do_Consumidor_e_ao_Poder_Judiciario_JUSTICA_CONTRA_UMA_MARCA_E_SUA_REVENDERORA_QUE_DESCUMPREM_A_LEI\/?lJEcNfb&amp;pv=0<\/a><\/span><\/a><span style=\"font-size:16.0pt;line-height:115%;font-family:&quot;Arial&quot;,&quot;sans-serif&quot;\" class=\"\"><o:p class=\"\" style=\"\"><\/o:p><\/span><\/div>\n<div class=\"\" style=\"text-align:justify;tab-stops:111.0pt\"><span style=\"font-size:16.0pt;line-height:115%;font-family:&quot;Arial&quot;,&quot;sans-serif&quot;\" class=\"\"><o:p class=\"\" style=\"\">&nbsp;<\/o:p><\/span><\/div>\n<div class=\"\" style=\"text-align:justify;tab-stops:111.0pt\"><b class=\"\"   style=\"\"><span style=\"font-size:16.0pt;line-height: 115%;font-family:&quot;Arial&quot;,&quot;sans-serif&quot;\" class=\"\">&nbsp;&nbsp;&nbsp;&nbsp;&nbsp;&nbsp;&nbsp;&nbsp;&nbsp;&nbsp;&nbsp;&nbsp;&nbsp;&nbsp;&nbsp;&nbsp;&nbsp;&nbsp;&nbsp;&nbsp;&nbsp;&nbsp;&nbsp;&nbsp; &nbsp;&nbsp;&nbsp;&nbsp;&nbsp;&nbsp; <o:p class=\"\" style=\"\"><\/o:p><\/span><\/b><\/div>\n<div style=\"background-color: transparent;\" class=\"\"><span class=\"\" style=\"\">                        <\/span><\/div>\n<div class=\"\" style=\"text-align:justify\"><b class=\"\" style=\"\"><span style=\"font-size:14.0pt;line-height:115%;font-family:&quot;Arial&quot;,&quot;sans-serif&quot;\" class=\"\">AP\u00d3S AS TODAS AS PARTIDAS DO VASC\u00c3O EM MEU PERFIL DO FACEBOOK (QUEM QUISER RECEBER AS CR\u00d4NICAS DE PRIMEIRA M\u00c3O \u00c9 S\u00d3 ME ADICIONAR), E NOS SITES WEBVASCO (www.webvasco.com), E VASCA\u00cdNOS UNIDOS (www.vascainosunidos.com.br) TEM A OPINI\u00c3O DO JORNALISTA LUIZ CARLOS ROCHA. LEIAM! COMPARTILHEM E CURTAM! VASCA\u00cdNOS UNIDOS JAMAIS SER\u00c3O VENCIDOS.<o:p class=\"\" style=\"\"><\/o:p><\/span><\/b><\/div>\n<div style=\"color: rgb(0, 0, 0); font-size: 8px; font-family: HelveticaNeue, 'Helvetica Neue', Helvetica, Arial, 'Lucida Grande', sans-serif; background-color: transparent; font-style: normal;\" class=\"\"><span class=\"\" style=\"\"><br class=\"\" style=\"\"\/><\/span><\/div>\n<div style=\"color: rgb(0, 0, 0); font-size: 8px; font-family: HelveticaNeue, 'Helvetica Neue', Helvetica, Arial, 'Lucida Grande', sans-serif; background-color: transparent; font-style: normal;\" class=\"\"><span class=\"\" style=\"\"><br class=\"\" style=\"\"\/><\/span><\/div>\n<div class=\"\" style=\"\"><\/div>\n<div class=\"\" style=\"\">&nbsp;<\/div>\n<div id=\"RTEContent\" class=\"\" style=\"\">\n<div class=\"\" style=\"\">\n<div class=\"\" style=\"\">\n<div class=\"\" style=\"\">\n<div align=\"center\" class=\"\" style=\"\"><br class=\"\" style=\"\"\/><\/div>\n<div align=\"center\" class=\"\" style=\"\"><br class=\"\" style=\"\"\/><\/div>\n<\/div>\n<\/div>\n<\/div>\n<\/div>\n<\/div>\n<\/div>\n<p><\/p>\n","protected":false},"excerpt":{"rendered":"<p>&nbsp; &nbsp;&nbsp;\u201cTodo equipado, preparado na linha de partida. Daqui a pouco vai ser dada a&#8230;<\/p>\n","protected":false},"author":7,"featured_media":58,"comment_status":"open","ping_status":"closed","sticky":false,"template":"","format":"standard","meta":{"footnotes":""},"categories":[4],"tags":[],"class_list":["post-951","post","type-post","status-publish","format-standard","has-post-thumbnail","hentry","category-luizcarlosrocha"],"_links":{"self":[{"href":"https:\/\/webvasco.com\/artigos\/wp-json\/wp\/v2\/posts\/951","targetHints":{"allow":["GET"]}}],"collection":[{"href":"https:\/\/webvasco.com\/artigos\/wp-json\/wp\/v2\/posts"}],"about":[{"href":"https:\/\/webvasco.com\/artigos\/wp-json\/wp\/v2\/types\/post"}],"author":[{"embeddable":true,"href":"https:\/\/webvasco.com\/artigos\/wp-json\/wp\/v2\/users\/7"}],"replies":[{"embeddable":true,"href":"https:\/\/webvasco.com\/artigos\/wp-json\/wp\/v2\/comments?post=951"}],"version-history":[{"count":0,"href":"https:\/\/webvasco.com\/artigos\/wp-json\/wp\/v2\/posts\/951\/revisions"}],"wp:featuredmedia":[{"embeddable":true,"href":"https:\/\/webvasco.com\/artigos\/wp-json\/wp\/v2\/media\/58"}],"wp:attachment":[{"href":"https:\/\/webvasco.com\/artigos\/wp-json\/wp\/v2\/media?parent=951"}],"wp:term":[{"taxonomy":"category","embeddable":true,"href":"https:\/\/webvasco.com\/artigos\/wp-json\/wp\/v2\/categories?post=951"},{"taxonomy":"post_tag","embeddable":true,"href":"https:\/\/webvasco.com\/artigos\/wp-json\/wp\/v2\/tags?post=951"}],"curies":[{"name":"wp","href":"https:\/\/api.w.org\/{rel}","templated":true}]}}