{"id":9516,"date":"2024-01-31T18:38:27","date_gmt":"2024-01-31T21:38:27","guid":{"rendered":"https:\/\/webvasco.com\/artigos\/?p=9516"},"modified":"2024-01-31T19:11:05","modified_gmt":"2024-01-31T22:11:05","slug":"elas-o-professor-jessica","status":"publish","type":"post","link":"https:\/\/webvasco.com\/artigos\/temas\/elas-e-o-professor\/elas-o-professor-jessica\/","title":{"rendered":"ELAS &#038; O PROFESSOR \u2013J\u00c9SSICA"},"content":{"rendered":"\n<p><strong><u>ELAS &amp; O PROFESSOR<\/u><\/strong><\/p>\n\n\n\n<p><strong>POR LUIZ CARLOS ROCHA<\/strong><\/p>\n\n\n\n<p>A entrevista de janeiro de 2024, com&nbsp;&nbsp;J\u00e9ssica Helena da Silva \u00e9 dedicada a minha fonte de inspira\u00e7\u00e3o, meu amor maior, minha raz\u00e3o de viver: \u00darsulla Rocha.<\/p>\n\n\n\n<p><strong>&nbsp;&nbsp;&nbsp;&nbsp;J\u00c9SSICA,&nbsp;<\/strong>aut\u00f4noma, trabalha em casa com papelaria personalizada.&nbsp;&nbsp;Faz topos de bolos e personalizados para festa, entre outras habilidades. Solteira, 35 anos, mam\u00e3e de 2 meninos: Davi de 6 aninhos (o anjinho azul) e do Guilherme um garot\u00e3o de 13 anos, que certamente ser\u00e1 fera no futebol. De Religi\u00e3o Protestante (popularmente chamada de Evang\u00e9lica), do&nbsp;&nbsp;signo de Sagit\u00e1rio (mas afirma n\u00e3o ser t\u00e3o ligada ao esoterismo), moradora do bairro Santa Cruz, Rio de Janeiro\/RJ. Nas horas vagas, a vasca\u00edna ama estar com a fam\u00edlia e amigos, uma resenha de fundo de quintal &#8211; segundo ela, uma &#8220;bagun\u00e7a&#8221;. Sorrir e ser feliz \u00e9 salutar para o bom funcionamento do corpo e da alma. Sua Escola de Samba do cora\u00e7\u00e3o \u00e9 a Unidos da Tijuca. Mesmo tendo a sua agremia\u00e7\u00e3o predileta, ao longo do desfile seus olhos brilham a cada apresenta\u00e7\u00e3o&nbsp;&nbsp;&#8211; ainda que concorrentes \u2013 pela magia de uma arte chamada Carnaval. Seus olhinhos brilham e se encantam. No que diz respeito ao seu prato predileto, ela \u00e9 bem decidida: lasanha.<\/p>\n\n\n\n<p><strong>&nbsp;&nbsp;&nbsp;&nbsp;&nbsp;&nbsp;&nbsp;&nbsp;Pedrinho est\u00e1 assumindo como novo presidente do Vasco, o que voc\u00ea espera dele?<\/strong><\/p>\n\n\n\n<p>Estou apostando que o amor que ele t\u00eam pelo clube e a vontade de fazer diferen\u00e7a, \u00e9 o que vai move-lo a nos colocar de volta ao topo. Vejo-o como um de n\u00f3s,&nbsp;&nbsp;um torcedor apaixonado, disposto a lutar pelo clube que ama, e espero que n\u00e3o se entregue a essa pol\u00edtica que vem nos &#8220;matando&#8221; nos ultimos anos n\u00e3o \u00e9? (sorriu)<\/p>\n\n\n\n<p><strong>&nbsp;&nbsp;&nbsp;&nbsp;Pedrinho foi a melhor op\u00e7\u00e3o para comandar o clube?<\/strong><\/p>\n\n\n\n<p>Sim, sem duvidas. Na minha opini\u00e3o&nbsp;n\u00e3o tinha outra op\u00e7\u00e3o.<\/p>\n\n\n\n<p><strong>&nbsp;&nbsp;&nbsp;&nbsp;Pedro Paulo de Oliveira, carinhosamente chamado de Pedrinho, \u00e9 amigo da Leila (do Palmeiras) e j\u00e1 fez alguns contatos. Voc\u00ea acredita que o Cruzmaltino ter\u00e1 o mesmo poder futebol\u00edstico que o Verd\u00e3o?<\/strong><\/p>\n\n\n\n<p>Cada clube tem sua hist\u00f3ria,&nbsp;&nbsp;ao meu ver n\u00e3o cabe compara\u00e7\u00f5es,&nbsp;&nbsp;por\u00e9m acredito que uma boa amizade, aliado a interesses positivos, apostando na mudan\u00e7a e no melhor para o nosso Vasco, \u00e9 v\u00e1lido. Que essa amizade venha pra somar.<\/p>\n\n\n\n<p><strong>&nbsp;&nbsp;&nbsp;&nbsp;O Ex-meia que atuava pelo lado canhoto, como mandat\u00e1rio far\u00e1 o papel de homenzinho ou um papel\u00e3o em sua gest\u00e3o?<\/strong><\/p>\n\n\n\n<p>Como uma boa Vasca\u00edna,&nbsp;&nbsp;acredito sempre! A minha aposta \u00e9 que ele n\u00e3o nos decepcione, e estou bem confiante que ele ainda nos mostrar\u00e1 que apostar nele, foi a melhor das decis\u00f5es.<\/p>\n\n\n\n<p><strong>&nbsp;&nbsp;&nbsp;&nbsp;Quem \u00e9 o verdadeiro embrulho no plantel vasca\u00edno?<\/strong><\/p>\n\n\n\n<p>Tivemos uma temporada ruim. Um ano decisivo com vota\u00e7\u00e3o, a press\u00e3o para n\u00e3o cair mais uma vez para a S\u00e9rie B, e isso influencia muito dentro do campo. Talvez julgar um embrulho pode ser muito forte diante de um cen\u00e1rio assim. Tivemos muitos erros e tem alguns que n\u00e3o levaria para essa nova temporada,&nbsp;&nbsp;dando oportunidades a quem realmente est\u00e1 querendo doar-se ao clube. Essa pergunta vou levar para 2024, com todas as mudan\u00e7as positivas que est\u00e3o por vir, da\u00ed sim ter a certeza de quem merece estar.<\/p>\n\n\n\n<p><strong>&nbsp;&nbsp;&nbsp;&nbsp;Dimitri Payet foi o melhor presente que o Vasc\u00e3o recebeu em 2023?<\/strong><\/p>\n\n\n\n<p>N\u00e3o achei. Quando recebi a not\u00edcia&nbsp;&nbsp;acreditei que poderia ser a nossa esperan\u00e7a da temporada. Mas vi muita m\u00eddia e pouco futebol. E continua assim. Quero acreditar que mudar\u00e1 agora nessa nova fase, melhorando o f\u00edsico e que melhore em campo tamb\u00e9m. Posso dizer que o presente nessa temporada que passou foi Vegetti. Que fez \u00f3timas jogadas e ajudou muito.<\/p>\n\n\n\n<p><strong>&nbsp;&nbsp;&nbsp;&nbsp;\u00c9 melhor passar uma borracha na quest\u00e3o da S\u00e9rie B (que assombra o time)?<\/strong><\/p>\n\n\n\n<p>N\u00e3o, assim como na vida, tamb\u00e9m \u00e9 no futebol &#8211; devemos aprender com as derrotas, analisar os erros, para n\u00e3o mais comete-los. Essas passagens pela S\u00e9rie B fazem parte da nossa hist\u00f3ria. Que fiquem apenas na lembran\u00e7a n\u00e3o \u00e9 ? Pelo amor de Deus! O Vasco precisa resgatar o posto de time grande que sempre foi. Mas n\u00e3o podemos deixar uma parte da nossa trajet\u00f3ria para tr\u00e1s. \u00c9 ruim, mas \u00e9 parte da nossa hist\u00f3ria, n\u00e3o tem jeito.<\/p>\n\n\n\n<p><strong>&nbsp;&nbsp;&nbsp;&nbsp;Erros e acertos devem ser anotados no caderninho para que no final de 2024 possamos avaliar o desempenho do Vasco?<\/strong><\/p>\n\n\n\n<p>Sem d\u00favidas, deve se feito isso a cada jogo para que n\u00e3o passe nada despercebido. S\u00f3 acho que essas anota\u00e7\u00f5es devem ser feitas ao longo da temporada, e j\u00e1 corrigida pela Comiss\u00e3o T\u00e9cnica a cada jogo e n\u00e3o s\u00f3 para o final porque n\u00e3o se deve admitir mais erros. Eles devem ser corrigidos a cada partida para que assim, quando chegar no final, termos entregue uma \u00f3tima temporada e n\u00e3o um sufoco como tem sido.<\/p>\n\n\n\n<p><strong>&nbsp;&nbsp;&nbsp;&nbsp;Qual foi a caneta dada por um atleta vasca\u00edno mais bonita que voc\u00ea j\u00e1 viu?<\/strong><\/p>\n\n\n\n<p>N\u00e3o me lembro de alguma caneta que tenha visto, por\u00e9m tem um v\u00eddeo que sempre vejo nas redes sociais que \u00e9 da caneta do Felipe no Borjas em 2010, foi um belo lance.<\/p>\n\n\n\n<p><strong>&nbsp;&nbsp;&nbsp;&nbsp;Muito se fala na reforma de S\u00e3o Janu\u00e1rio \u2013 agora na administra\u00e7\u00e3o do Pedrinho \u2013 se acontecer ser\u00e1 obra de um esquadro e um compasso perfeitos?<\/strong><\/p>\n\n\n\n<p>Acredito que sim. Sabemos que o Pedrinho \u00e9 um apaixonado pelo clube, sendo assim, ele vai imprimir esse amor nessa estrutura.&nbsp;&nbsp;\u00c9 o que se espera, uma obra a altura da hist\u00f3ria do Vasco da Gama.<\/p>\n\n\n\n<p><strong>&nbsp;&nbsp;&nbsp;&nbsp;Como jogador foi \u2013 indiscut\u00edvel &#8211; um craque. Como vasca\u00edno est\u00e1 mais do que provado. Como comentarista foi bom e eficiente. Pedrinho est\u00e1 preparado para a nova empreitada?<\/strong><\/p>\n\n\n\n<p>A pr\u00f3pria pergunta j\u00e1 se tem a resposta, se ele foi excel\u00eancia em todos esses pap\u00e9is, por qual motivo n\u00e3o acreditar que ele ser\u00e1 um \u00f3timo presidente? Quando se t\u00eam amor pelo que faz, n\u00e3o tem como dar errado. Estou confiante.<\/p>\n\n\n\n<p><strong>&nbsp;&nbsp;&nbsp;&nbsp;J\u00e1 podemos carimbar uma nova era vasca\u00edna?<\/strong><\/p>\n\n\n\n<p>Eu ouvi um am\u00e9m!? (sorriu novamente) Vejo o Vasc\u00e3o reerguendo-se,&nbsp;&nbsp;n\u00e3o s\u00f3 como o &#8221; time da virada&#8221;, mas como um time que carrega uma hist\u00f3ria, e que hist\u00f3ria!<\/p>\n\n\n\n<p><strong><u>FOTOGRAFIAS&nbsp;&nbsp;FORNECIDAS PELA ENTREVISTADA.<\/u><\/strong><\/p>\n\n\n\n<figure class=\"wp-block-gallery columns-3 is-cropped wp-block-gallery-1 is-layout-flex wp-block-gallery-is-layout-flex\"><ul class=\"blocks-gallery-grid\"><li class=\"blocks-gallery-item\"><figure><a href=\"https:\/\/webvasco.com\/artigos\/wp-content\/uploads\/2024\/01\/WhatsApp-Image-2024-01-22-at-19.16.51-1.jpeg\"><img loading=\"lazy\" decoding=\"async\" width=\"461\" height=\"1024\" src=\"https:\/\/webvasco.com\/artigos\/wp-content\/uploads\/2024\/01\/WhatsApp-Image-2024-01-22-at-19.16.51-1-461x1024.jpeg\" alt=\"\" data-id=\"9517\" data-full-url=\"https:\/\/webvasco.com\/artigos\/wp-content\/uploads\/2024\/01\/WhatsApp-Image-2024-01-22-at-19.16.51-1.jpeg\" data-link=\"https:\/\/webvasco.com\/artigos\/?attachment_id=9517\" class=\"wp-image-9517\" srcset=\"https:\/\/webvasco.com\/artigos\/wp-content\/uploads\/2024\/01\/WhatsApp-Image-2024-01-22-at-19.16.51-1-461x1024.jpeg 461w, https:\/\/webvasco.com\/artigos\/wp-content\/uploads\/2024\/01\/WhatsApp-Image-2024-01-22-at-19.16.51-1-135x300.jpeg 135w, https:\/\/webvasco.com\/artigos\/wp-content\/uploads\/2024\/01\/WhatsApp-Image-2024-01-22-at-19.16.51-1-68x150.jpeg 68w, https:\/\/webvasco.com\/artigos\/wp-content\/uploads\/2024\/01\/WhatsApp-Image-2024-01-22-at-19.16.51-1.jpeg 540w\" sizes=\"auto, (max-width: 461px) 100vw, 461px\" \/><\/a><\/figure><\/li><li class=\"blocks-gallery-item\"><figure><a href=\"https:\/\/webvasco.com\/artigos\/wp-content\/uploads\/2024\/01\/WhatsApp-Image-2024-01-22-at-19.16.51.jpeg\"><img loading=\"lazy\" decoding=\"async\" width=\"768\" height=\"1024\" src=\"https:\/\/webvasco.com\/artigos\/wp-content\/uploads\/2024\/01\/WhatsApp-Image-2024-01-22-at-19.16.51-768x1024.jpeg\" alt=\"\" data-id=\"9518\" data-full-url=\"https:\/\/webvasco.com\/artigos\/wp-content\/uploads\/2024\/01\/WhatsApp-Image-2024-01-22-at-19.16.51.jpeg\" data-link=\"https:\/\/webvasco.com\/artigos\/?attachment_id=9518\" class=\"wp-image-9518\" srcset=\"https:\/\/webvasco.com\/artigos\/wp-content\/uploads\/2024\/01\/WhatsApp-Image-2024-01-22-at-19.16.51-768x1024.jpeg 768w, https:\/\/webvasco.com\/artigos\/wp-content\/uploads\/2024\/01\/WhatsApp-Image-2024-01-22-at-19.16.51-225x300.jpeg 225w, https:\/\/webvasco.com\/artigos\/wp-content\/uploads\/2024\/01\/WhatsApp-Image-2024-01-22-at-19.16.51-113x150.jpeg 113w, https:\/\/webvasco.com\/artigos\/wp-content\/uploads\/2024\/01\/WhatsApp-Image-2024-01-22-at-19.16.51.jpeg 960w\" sizes=\"auto, (max-width: 768px) 100vw, 768px\" \/><\/a><\/figure><\/li><li class=\"blocks-gallery-item\"><figure><a href=\"https:\/\/webvasco.com\/artigos\/wp-content\/uploads\/2024\/01\/WhatsApp-Image-2024-01-22-at-19.16.53-1.jpeg\"><img loading=\"lazy\" decoding=\"async\" width=\"768\" height=\"1024\" src=\"https:\/\/webvasco.com\/artigos\/wp-content\/uploads\/2024\/01\/WhatsApp-Image-2024-01-22-at-19.16.53-1-768x1024.jpeg\" alt=\"\" data-id=\"9519\" data-full-url=\"https:\/\/webvasco.com\/artigos\/wp-content\/uploads\/2024\/01\/WhatsApp-Image-2024-01-22-at-19.16.53-1.jpeg\" data-link=\"https:\/\/webvasco.com\/artigos\/?attachment_id=9519\" class=\"wp-image-9519\" srcset=\"https:\/\/webvasco.com\/artigos\/wp-content\/uploads\/2024\/01\/WhatsApp-Image-2024-01-22-at-19.16.53-1-768x1024.jpeg 768w, https:\/\/webvasco.com\/artigos\/wp-content\/uploads\/2024\/01\/WhatsApp-Image-2024-01-22-at-19.16.53-1-225x300.jpeg 225w, https:\/\/webvasco.com\/artigos\/wp-content\/uploads\/2024\/01\/WhatsApp-Image-2024-01-22-at-19.16.53-1-113x150.jpeg 113w, https:\/\/webvasco.com\/artigos\/wp-content\/uploads\/2024\/01\/WhatsApp-Image-2024-01-22-at-19.16.53-1.jpeg 960w\" sizes=\"auto, (max-width: 768px) 100vw, 768px\" \/><\/a><\/figure><\/li><li class=\"blocks-gallery-item\"><figure><a href=\"https:\/\/webvasco.com\/artigos\/wp-content\/uploads\/2024\/01\/WhatsApp-Image-2024-01-22-at-19.16.53-2.jpeg\"><img loading=\"lazy\" decoding=\"async\" width=\"768\" height=\"1024\" src=\"https:\/\/webvasco.com\/artigos\/wp-content\/uploads\/2024\/01\/WhatsApp-Image-2024-01-22-at-19.16.53-2-768x1024.jpeg\" alt=\"\" data-id=\"9520\" data-full-url=\"https:\/\/webvasco.com\/artigos\/wp-content\/uploads\/2024\/01\/WhatsApp-Image-2024-01-22-at-19.16.53-2.jpeg\" data-link=\"https:\/\/webvasco.com\/artigos\/?attachment_id=9520\" class=\"wp-image-9520\" srcset=\"https:\/\/webvasco.com\/artigos\/wp-content\/uploads\/2024\/01\/WhatsApp-Image-2024-01-22-at-19.16.53-2-768x1024.jpeg 768w, https:\/\/webvasco.com\/artigos\/wp-content\/uploads\/2024\/01\/WhatsApp-Image-2024-01-22-at-19.16.53-2-225x300.jpeg 225w, https:\/\/webvasco.com\/artigos\/wp-content\/uploads\/2024\/01\/WhatsApp-Image-2024-01-22-at-19.16.53-2-113x150.jpeg 113w, https:\/\/webvasco.com\/artigos\/wp-content\/uploads\/2024\/01\/WhatsApp-Image-2024-01-22-at-19.16.53-2.jpeg 960w\" sizes=\"auto, (max-width: 768px) 100vw, 768px\" \/><\/a><\/figure><\/li><li class=\"blocks-gallery-item\"><figure><a href=\"https:\/\/webvasco.com\/artigos\/wp-content\/uploads\/2024\/01\/WhatsApp-Image-2024-01-22-at-19.16.53-3.jpeg\"><img loading=\"lazy\" decoding=\"async\" width=\"768\" height=\"1024\" src=\"https:\/\/webvasco.com\/artigos\/wp-content\/uploads\/2024\/01\/WhatsApp-Image-2024-01-22-at-19.16.53-3-768x1024.jpeg\" alt=\"\" data-id=\"9521\" data-full-url=\"https:\/\/webvasco.com\/artigos\/wp-content\/uploads\/2024\/01\/WhatsApp-Image-2024-01-22-at-19.16.53-3.jpeg\" data-link=\"https:\/\/webvasco.com\/artigos\/?attachment_id=9521\" class=\"wp-image-9521\" srcset=\"https:\/\/webvasco.com\/artigos\/wp-content\/uploads\/2024\/01\/WhatsApp-Image-2024-01-22-at-19.16.53-3-768x1024.jpeg 768w, https:\/\/webvasco.com\/artigos\/wp-content\/uploads\/2024\/01\/WhatsApp-Image-2024-01-22-at-19.16.53-3-225x300.jpeg 225w, https:\/\/webvasco.com\/artigos\/wp-content\/uploads\/2024\/01\/WhatsApp-Image-2024-01-22-at-19.16.53-3-113x150.jpeg 113w, https:\/\/webvasco.com\/artigos\/wp-content\/uploads\/2024\/01\/WhatsApp-Image-2024-01-22-at-19.16.53-3.jpeg 867w\" sizes=\"auto, (max-width: 768px) 100vw, 768px\" \/><\/a><\/figure><\/li><li class=\"blocks-gallery-item\"><figure><a href=\"https:\/\/webvasco.com\/artigos\/wp-content\/uploads\/2024\/01\/WhatsApp-Image-2024-01-22-at-19.16.53.jpeg\"><img loading=\"lazy\" decoding=\"async\" width=\"768\" height=\"1024\" src=\"https:\/\/webvasco.com\/artigos\/wp-content\/uploads\/2024\/01\/WhatsApp-Image-2024-01-22-at-19.16.53-768x1024.jpeg\" alt=\"\" data-id=\"9522\" data-full-url=\"https:\/\/webvasco.com\/artigos\/wp-content\/uploads\/2024\/01\/WhatsApp-Image-2024-01-22-at-19.16.53.jpeg\" data-link=\"https:\/\/webvasco.com\/artigos\/?attachment_id=9522\" class=\"wp-image-9522\" srcset=\"https:\/\/webvasco.com\/artigos\/wp-content\/uploads\/2024\/01\/WhatsApp-Image-2024-01-22-at-19.16.53-768x1024.jpeg 768w, https:\/\/webvasco.com\/artigos\/wp-content\/uploads\/2024\/01\/WhatsApp-Image-2024-01-22-at-19.16.53-225x300.jpeg 225w, https:\/\/webvasco.com\/artigos\/wp-content\/uploads\/2024\/01\/WhatsApp-Image-2024-01-22-at-19.16.53-113x150.jpeg 113w, https:\/\/webvasco.com\/artigos\/wp-content\/uploads\/2024\/01\/WhatsApp-Image-2024-01-22-at-19.16.53.jpeg 960w\" sizes=\"auto, (max-width: 768px) 100vw, 768px\" \/><\/a><\/figure><\/li><li class=\"blocks-gallery-item\"><figure><a href=\"https:\/\/webvasco.com\/artigos\/wp-content\/uploads\/2024\/01\/WhatsApp-Image-2024-01-22-at-19.16.55.jpeg\"><img loading=\"lazy\" decoding=\"async\" width=\"768\" height=\"1024\" src=\"https:\/\/webvasco.com\/artigos\/wp-content\/uploads\/2024\/01\/WhatsApp-Image-2024-01-22-at-19.16.55-768x1024.jpeg\" alt=\"\" data-id=\"9523\" data-full-url=\"https:\/\/webvasco.com\/artigos\/wp-content\/uploads\/2024\/01\/WhatsApp-Image-2024-01-22-at-19.16.55.jpeg\" data-link=\"https:\/\/webvasco.com\/artigos\/?attachment_id=9523\" class=\"wp-image-9523\" srcset=\"https:\/\/webvasco.com\/artigos\/wp-content\/uploads\/2024\/01\/WhatsApp-Image-2024-01-22-at-19.16.55-768x1024.jpeg 768w, https:\/\/webvasco.com\/artigos\/wp-content\/uploads\/2024\/01\/WhatsApp-Image-2024-01-22-at-19.16.55-225x300.jpeg 225w, https:\/\/webvasco.com\/artigos\/wp-content\/uploads\/2024\/01\/WhatsApp-Image-2024-01-22-at-19.16.55-113x150.jpeg 113w, https:\/\/webvasco.com\/artigos\/wp-content\/uploads\/2024\/01\/WhatsApp-Image-2024-01-22-at-19.16.55.jpeg 960w\" sizes=\"auto, (max-width: 768px) 100vw, 768px\" \/><\/a><\/figure><\/li><li class=\"blocks-gallery-item\"><figure><a href=\"https:\/\/webvasco.com\/artigos\/wp-content\/uploads\/2024\/01\/WhatsApp-Image-2024-01-22-at-19.16.57.jpeg\"><img loading=\"lazy\" decoding=\"async\" width=\"1024\" height=\"573\" src=\"https:\/\/webvasco.com\/artigos\/wp-content\/uploads\/2024\/01\/WhatsApp-Image-2024-01-22-at-19.16.57-1024x573.jpeg\" alt=\"\" data-id=\"9524\" data-full-url=\"https:\/\/webvasco.com\/artigos\/wp-content\/uploads\/2024\/01\/WhatsApp-Image-2024-01-22-at-19.16.57.jpeg\" data-link=\"https:\/\/webvasco.com\/artigos\/?attachment_id=9524\" class=\"wp-image-9524\" srcset=\"https:\/\/webvasco.com\/artigos\/wp-content\/uploads\/2024\/01\/WhatsApp-Image-2024-01-22-at-19.16.57-1024x573.jpeg 1024w, https:\/\/webvasco.com\/artigos\/wp-content\/uploads\/2024\/01\/WhatsApp-Image-2024-01-22-at-19.16.57-300x168.jpeg 300w, https:\/\/webvasco.com\/artigos\/wp-content\/uploads\/2024\/01\/WhatsApp-Image-2024-01-22-at-19.16.57-150x84.jpeg 150w, https:\/\/webvasco.com\/artigos\/wp-content\/uploads\/2024\/01\/WhatsApp-Image-2024-01-22-at-19.16.57-768x430.jpeg 768w, https:\/\/webvasco.com\/artigos\/wp-content\/uploads\/2024\/01\/WhatsApp-Image-2024-01-22-at-19.16.57.jpeg 1080w\" sizes=\"auto, (max-width: 1024px) 100vw, 1024px\" \/><\/a><\/figure><\/li><\/ul><\/figure>\n\n\n\n<p><\/p>\n","protected":false},"excerpt":{"rendered":"<p>ELAS &amp; O PROFESSOR POR LUIZ CARLOS ROCHA A entrevista de janeiro de 2024, com&nbsp;&nbsp;J\u00e9ssica&#8230;<\/p>\n","protected":false},"author":7,"featured_media":9520,"comment_status":"open","ping_status":"closed","sticky":false,"template":"","format":"standard","meta":{"footnotes":""},"categories":[27],"tags":[],"class_list":["post-9516","post","type-post","status-publish","format-standard","has-post-thumbnail","hentry","category-elas-e-o-professor"],"_links":{"self":[{"href":"https:\/\/webvasco.com\/artigos\/wp-json\/wp\/v2\/posts\/9516","targetHints":{"allow":["GET"]}}],"collection":[{"href":"https:\/\/webvasco.com\/artigos\/wp-json\/wp\/v2\/posts"}],"about":[{"href":"https:\/\/webvasco.com\/artigos\/wp-json\/wp\/v2\/types\/post"}],"author":[{"embeddable":true,"href":"https:\/\/webvasco.com\/artigos\/wp-json\/wp\/v2\/users\/7"}],"replies":[{"embeddable":true,"href":"https:\/\/webvasco.com\/artigos\/wp-json\/wp\/v2\/comments?post=9516"}],"version-history":[{"count":4,"href":"https:\/\/webvasco.com\/artigos\/wp-json\/wp\/v2\/posts\/9516\/revisions"}],"predecessor-version":[{"id":9529,"href":"https:\/\/webvasco.com\/artigos\/wp-json\/wp\/v2\/posts\/9516\/revisions\/9529"}],"wp:featuredmedia":[{"embeddable":true,"href":"https:\/\/webvasco.com\/artigos\/wp-json\/wp\/v2\/media\/9520"}],"wp:attachment":[{"href":"https:\/\/webvasco.com\/artigos\/wp-json\/wp\/v2\/media?parent=9516"}],"wp:term":[{"taxonomy":"category","embeddable":true,"href":"https:\/\/webvasco.com\/artigos\/wp-json\/wp\/v2\/categories?post=9516"},{"taxonomy":"post_tag","embeddable":true,"href":"https:\/\/webvasco.com\/artigos\/wp-json\/wp\/v2\/tags?post=9516"}],"curies":[{"name":"wp","href":"https:\/\/api.w.org\/{rel}","templated":true}]}}