{"id":953,"date":"2014-10-11T00:39:59","date_gmt":"2014-10-11T03:39:59","guid":{"rendered":"http:\/\/webvasco.com\/artigos\/?p=953"},"modified":"2014-10-11T01:01:06","modified_gmt":"2014-10-11T04:01:06","slug":"todos-contra-ns-2","status":"publish","type":"post","link":"https:\/\/webvasco.com\/artigos\/colunistas\/luizcarlosrocha\/todos-contra-ns-2\/","title":{"rendered":"TODOS CONTRA N&Oacute;S!"},"content":{"rendered":"<div>\n<div style=\"color:#000; background-color:#fff; font-family:HelveticaNeue, Helvetica Neue, Helvetica, Arial, Lucida Grande, sans-serif;font-size:8px\">\n<div class=\"\" style=\"text-align:justify;tab-stops:111.0pt\"><span style=\"font-size:16.0pt;line-height:115%;font-family:&quot;Arial&quot;,&quot;sans-serif&quot;\" class=\"\">&nbsp; &nbsp;&nbsp;\u201cN\u00e3o \u00e9 mole n\u00e3o, aqui no Rio ningu\u00e9m ganha do Vasc\u00e3o!\u201d. Essa era a frase preferida da torcida nos anos 90. De fato hoje foi assim. Com gols marcados por Douglas aos 40 minutos da etapa complementar e Edmilson quatro minutos depois, o Vasco venceu o Boa Esporte\/MG, em S\u00e3o Janu\u00e1rio, em partida v\u00e1lida pela 29\u00aa Rodada do Campeonato Brasileiro, da S\u00e9rie B e assumiu de uma vez por todas a lideran\u00e7a da competi\u00e7\u00e3o!<o:p class=\"\" style=\"\"><\/o:p><\/span><\/div>\n<div class=\"\" style=\"text-align:justify;tab-stops:111.0pt\"><span style=\"font-size:16.0pt;line-height:115%;font-family:&quot;Arial&quot;,&quot;sans-serif&quot;\" class=\"\">&nbsp;&nbsp;&nbsp; Agora o Cruzmaltino soma 54 pontos na tabela. Depende apenas do seu elenco para sagrar-se campe\u00e3o da modalidade e ter acesso a Elite do futebol brasileiro, leia-se Primeira Divis\u00e3o. Continuo afirmando que o plantel n\u00e3o tem grandes craques. Mas algumas pe\u00e7as s\u00e3o fundamentais para o equil\u00edbrio neste momento do Brasileir\u00e3o.&nbsp; A reposi\u00e7\u00e3o na maioria das vezes est\u00e1 sendo bem recompensada.<o:p class=\"\" style=\"\"><\/o:p><\/span><\/div>\n<div class=\"\" style=\"text-align:justify;tab-stops:111.0pt\"><span style=\"font-size:16.0pt;line-height:115%;font-family:&quot;Arial&quot;,&quot;sans-serif&quot;\" class=\"\">&nbsp;&nbsp;&nbsp; Se continuar neste ritmo de pegada h\u00e1 grande chance de triunfo em dezembro. N\u00e3o vejo muita t\u00e9cnica, mas a t\u00e1tica de jogo compensa e com isso os pontos est\u00e3o sendo conquistados. Bem na base da vontade. Da ra\u00e7a. Da camisa. Enfim, das tradi\u00e7\u00f5es vasca\u00ednas que s\u00e3o de conquistar sempre com muito esfor\u00e7o! Com isso, agora s\u00e3o todos contra n\u00f3s. <o:p class=\"\" style=\"\"><\/o:p><\/span><\/div>\n<div class=\"\" style=\"text-align:justify;tab-stops:111.0pt\"><span style=\"font-size:16.0pt;line-height:115%;font-family:&quot;Arial&quot;,&quot;sans-serif&quot;\" class=\"\">&nbsp;&nbsp;&nbsp; A institui\u00e7\u00e3o Vasco da Gama \u00e9 muito maior do que os advers\u00e1rios pensam. \u00c9 do tamanho da for\u00e7a de sua torcida! Se as principais diverg\u00eancias pol\u00edticas se unissem o Gigante da Colina seria imbat\u00edvel. H\u00e1 correntes inteligentes que se somadas o Vasco teria o poderio econ\u00f4mico comparado a clubes europeus. Mas infelizmente os cartolas \u2013 por vaidades e guerras pessoais \u2013 querem o poder exclusivamente para si e\/ou para os que apoiam seus atos! Na maioria das vezes esquecem que o homem nasce, cresce, vive e morre. Mas a institui\u00e7\u00e3o s\u00f3lida \u00e9 eterna! Logo, os mandat\u00e1rios vivem a muta\u00e7\u00e3o do cargo e do poder. J\u00e1 a Pessoa Vasco da Gama \u00e9 infinita, pois haver\u00e1 sempre um cora\u00e7\u00e3o batendo por ela.<o:p class=\"\" style=\"\"><\/o:p><\/span><\/div>\n<div class=\"\" style=\"text-align:justify;tab-stops:111.0pt\"><span style=\"font-size:16.0pt;line-height:115%;font-family:&quot;Arial&quot;,&quot;sans-serif&quot;\" class=\"\">&nbsp;&nbsp;&nbsp; O pr\u00f3ximo desafio da equipe de S\u00e3o Janu\u00e1rio ser\u00e1 no s\u00e1bado, dia 18 de outubro, \u00e0s 16h20m, na Arena Pernambuco, diante do Santa Cruz. Certamente traremos mais tr\u00eas pontos de l\u00e1. <o:p class=\"\" style=\"\"><\/o:p><\/span><\/div>\n<div class=\"\" style=\"text-align:justify;tab-stops:111.0pt\"><b class=\"\" style=\"\"><u class=\"\" style=\"\"><span style=\"font-size:16.0pt; line-height:115%;font-family:&quot;Arial&quot;,&quot;sans-serif&quot;\" class=\"\">DEDICA\u00c7\u00c3O:<\/span><\/u><\/b><span style=\"font-size:16.0pt;line-height:115%;font-family:&quot;Arial&quot;,&quot;sans-serif&quot;\" class=\"\"> A cr\u00f4nica de hoje \u00e9 <u class=\"\" style=\"\">EXCLUSIVAMENTE <\/u>dedicada a uma princesa que desde a sua concep\u00e7\u00e3o j\u00e1 era vasca\u00edna. Que escutou ainda na barriga da m\u00e3e todos os dias o hino do Vasco. Que teve toda a equipe m\u00e9dica no dia do parto os torcedores mais ferrenhos do Cruzmaltino, que inclusive durante o nascimento dela convers\u00e1vamos sobre o jogo daquele dia. Essa gatinha teve em seu enxoval vestido, calcinha, chupeta, toalha, biqu\u00edni, baldinho de praia, bon\u00e9 e etc, tudo com o escudo vasca\u00edno. Que vibra ao ver o gol do Vasco e sabe cantarolar algumas m\u00fasicas importantes. Dedico \u00e0 cr\u00f4nica de hoje &#8211; e se estivesse na Comiss\u00e3o T\u00e9cnica &#8211; tamb\u00e9m dedicaria o jogo a princesa <b class=\"\" style=\"\"><u class=\"\" style=\"\">\u00daRSULLA LUIZA<\/u><\/b> em comemora\u00e7\u00e3o ao seu terceiro anivers\u00e1rio! Parab\u00e9ns minha filha linda! Te amo!<o:p class=\"\" style=\"\"><\/o:p><\/span><\/div>\n<div class=\"\" style=\"text-align:justify;tab-stops:111.0pt\"><span style=\"font-size:16.0pt;line-height:115%;font-family:&quot;Arial&quot;,&quot;sans-serif&quot;\" class=\"\"><o:p class=\"\" style=\"\">&nbsp;<\/o:p><\/span><\/div>\n<div class=\"\" style=\"text-align:justify;tab-stops:111.0pt\"><span style=\"font-size:16.0pt;line-height:115%;font-family:&quot;Arial&quot;,&quot;sans-serif&quot;\" class=\"\">&nbsp;&nbsp;&nbsp;&nbsp;&nbsp;&nbsp;&nbsp;&nbsp;&nbsp;&nbsp;&nbsp;&nbsp;&nbsp;&nbsp;&nbsp;&nbsp;&nbsp;&nbsp;&nbsp;&nbsp;&nbsp;&nbsp;&nbsp;&nbsp; <o:p class=\"\" style=\"\"><\/o:p><\/span><\/div>\n<div class=\"\" style=\"text-align:justify;tab-stops:79.5pt\"><b class=\"\" style=\"\"><u class=\"\" style=\"\"><span style=\"font-size:16.0pt; line-height:115%;font-family:&quot;Arial&quot;,&quot;sans-serif&quot;\" class=\"\">COVARDIA:<\/span><\/u><\/b><span style=\"font-size:16.0pt;line-height:115%;font-family:&quot;Arial&quot;,&quot;sans-serif&quot;\" class=\"\"> GOSTARIA DE PEDIR A TODOS OS MEUS AMIGOS E LEITORES QUE TIRASSE UM TEMPINHO PARA LER A PETI\u00c7\u00c3O P\u00daBLICA, AO QUAL SEGUE ABAIXO O LINK. TAL DOCUMENTO REFERE-SE A UM ATO DE COVARDIA POR PARTE DA VOLKSWAGEN DO BRASIL EM COAUTORIA DA ABOLI\u00c7\u00c3O VE\u00cdCULOS (GRUPO AB) CONTRA ESTE VELHO JORNALISTA. A REFERIDA CONCESSION\u00c1RIA EST\u00c1 ME LESANDO DESDE FEVEREIRO DE 2013. MEU CARRO FOI BATIDO DENTRO DA OFICINA, FURTARAM ACESS\u00d3RIOS, TEM PROBLEMAS CAUSADOS POR ELES, AL\u00c9M DE DEFEITOS DE FABRICA\u00c7\u00c3O. O CARRO 0 KM COMPRADO POR MIM HOJE SE ENCONTRA NA OFICINA DA ABOLI\u00c7\u00c3O VE\u00cdCULOS (CENTRO DE NITER\u00d3I) <b class=\"\" style=\"\"><u class=\"\" style=\"\">DESDE 10 DE JUNHO DE 2013<\/u><\/b>, OU SEJA, H\u00c1 15 MESES. <b class=\"\" style=\"\"><u class=\"\" style=\"\">TEM APENAS 703 KM RODADOS<\/u><\/b> PARA COMPROVAR O CALV\u00c1RIO TENHO DOCUMENTOS, GRAVA\u00c7\u00d5ES DE AUDIO E V\u00cdDEO, MAIS DE 400 FOTOGRAFIAS E E-MAILS TROCADOS COM FUNCION\u00c1RIOS DO BAIXO, M\u00c9DIO E ALTO ESCAL\u00c3O DA EMPRESA. POR FAVOR, ASSINEM O DOCUMENTO PARA QUE OUTROS CONSUMIDORES N\u00c3O SEJAM LESADOS POR EMPRESAS DESTE N\u00cdVEL.&nbsp; <\/span><a href=\"https:\/\/secure.avaaz.org\/po\/petition\/Aos_Orgaos_de_Defesa_do_Consumidor_e_ao_Poder_Judiciario_JUSTICA_CONTRA_UMA_MARCA_E_SUA_REVENDERORA_QUE_DESCUMPREM_A_LEI\/?lJEcNfb&amp;pv=0\" class=\"\" style=\"\"><span style=\"font-size:16.0pt;line-height:115%;font-family:&quot;Arial&quot;,&quot;sans-serif&quot;\" class=\"\"><a href=\"https:\/\/secure.avaaz.org\/po\/petition\/Aos_Orgaos_de_Defesa_do_Consumidor_e_ao_Poder_Judiciario_JUSTICA_CONTRA_UMA_MARCA_E_SUA_REVENDERORA_QUE_DESCUMPREM_A_LEI\/?lJEcNfb&amp;pv=0\" >https:\/\/secure.avaaz.org\/po\/petition\/Aos_Orgaos_de_Defesa_do_Consumidor_e_ao_Poder_Judiciario_JUSTICA_CONTRA_UMA_MARCA_E_SUA_REVENDERORA_QUE_DESCUMPREM_A_LEI\/?lJEcNfb&amp;pv=0<\/a><\/span><\/a><span style=\"font-size:16.0pt;line-height:115%;font-family:&quot;Arial&quot;,&quot;sans-serif&quot;\" class=\"\"><o:p class=\"\" style=\"\"><\/o:p><\/span><\/div>\n<div class=\"\" style=\"text-align:justify;tab-stops:111.0pt\"><span style=\"font-size:16.0pt;line-height:115%;font-family:&quot;Arial&quot;,&quot;sans-serif&quot;\" class=\"\"><o:p class=\"\" style=\"\">&nbsp;<\/o:p><\/span><\/div>\n<div class=\"\" style=\"text-align:justify;tab-stops:111.0pt\"><b class=\"\"   style=\"\"><span style=\"font-size:16.0pt;line-height: 115%;font-family:&quot;Arial&quot;,&quot;sans-serif&quot;\" class=\"\">&nbsp;&nbsp;&nbsp;&nbsp;&nbsp;&nbsp;&nbsp;&nbsp;&nbsp;&nbsp;&nbsp;&nbsp;&nbsp;&nbsp;&nbsp;&nbsp;&nbsp;&nbsp;&nbsp;&nbsp;&nbsp;&nbsp;&nbsp;&nbsp; &nbsp;&nbsp;&nbsp;&nbsp;&nbsp;&nbsp; <o:p class=\"\" style=\"\"><\/o:p><\/span><\/b><\/div>\n<div class=\"\" style=\"\"><span class=\"\" style=\"\">                      <\/span><\/div>\n<div class=\"\" style=\"text-align:justify\"><b class=\"\" style=\"\"><span style=\"font-size:14.0pt;line-height:115%;font-family:&quot;Arial&quot;,&quot;sans-serif&quot;\" class=\"\">AP\u00d3S AS TODAS AS PARTIDAS DO VASC\u00c3O EM MEU PERFIL DO FACEBOOK (QUEM QUISER RECEBER AS CR\u00d4NICAS DE PRIMEIRA M\u00c3O \u00c9 S\u00d3 ME ADICIONAR), E NOS SITES WEBVASCO (www.webvasco.com), E VASCA\u00cdNOS UNIDOS (www.vascainosunidos.com.br) TEM A OPINI\u00c3O DO JORNALISTA LUIZ CARLOS ROCHA. LEIAM! COMPARTILHEM E CURTAM! VASCA\u00cdNOS UNIDOS JAMAIS SER\u00c3O VENCIDOS.<o:p class=\"\" style=\"\"><\/o:p><\/span><\/b><\/div>\n<div style=\"color: rgb(0, 0, 0); font-size: 8px; font-family: HelveticaNeue, 'Helvetica Neue', Helvetica, Arial, 'Lucida Grande', sans-serif; background-color: transparent; font-style: normal;\" class=\"\"><span class=\"\" style=\"\"><br class=\"\" style=\"\"\/><\/span><\/div>\n<div style=\"color: rgb(0, 0, 0); font-size: 8px; font-family: HelveticaNeue, 'Helvetica Neue', Helvetica, Arial, 'Lucida Grande', sans-serif; background-color: transparent; font-style: normal;\" class=\"\"><span class=\"\" style=\"\"><br class=\"\" style=\"\"\/><\/span><\/div>\n<div class=\"\" style=\"\"><\/div>\n<div class=\"\" style=\"\">&nbsp;<\/div>\n<div id=\"RTEContent\" class=\"\" style=\"\">\n<div class=\"\" style=\"\">\n<div class=\"\" style=\"\">\n<div class=\"\" style=\"\">\n<div align=\"center\" class=\"\" style=\"\"><br class=\"\" style=\"\"\/><\/div>\n<div align=\"center\" class=\"\" style=\"\"><br class=\"\" style=\"\"\/><\/div>\n<\/div>\n<\/div>\n<\/div>\n<\/div>\n<\/div>\n<\/div>\n<p><\/p>\n","protected":false},"excerpt":{"rendered":"<p>&nbsp; &nbsp;&nbsp;\u201cN\u00e3o \u00e9 mole n\u00e3o, aqui no Rio ningu\u00e9m ganha do Vasc\u00e3o!\u201d. Essa era a&#8230;<\/p>\n","protected":false},"author":7,"featured_media":58,"comment_status":"open","ping_status":"closed","sticky":false,"template":"","format":"standard","meta":{"footnotes":""},"categories":[4],"tags":[],"class_list":["post-953","post","type-post","status-publish","format-standard","has-post-thumbnail","hentry","category-luizcarlosrocha"],"_links":{"self":[{"href":"https:\/\/webvasco.com\/artigos\/wp-json\/wp\/v2\/posts\/953","targetHints":{"allow":["GET"]}}],"collection":[{"href":"https:\/\/webvasco.com\/artigos\/wp-json\/wp\/v2\/posts"}],"about":[{"href":"https:\/\/webvasco.com\/artigos\/wp-json\/wp\/v2\/types\/post"}],"author":[{"embeddable":true,"href":"https:\/\/webvasco.com\/artigos\/wp-json\/wp\/v2\/users\/7"}],"replies":[{"embeddable":true,"href":"https:\/\/webvasco.com\/artigos\/wp-json\/wp\/v2\/comments?post=953"}],"version-history":[{"count":0,"href":"https:\/\/webvasco.com\/artigos\/wp-json\/wp\/v2\/posts\/953\/revisions"}],"wp:featuredmedia":[{"embeddable":true,"href":"https:\/\/webvasco.com\/artigos\/wp-json\/wp\/v2\/media\/58"}],"wp:attachment":[{"href":"https:\/\/webvasco.com\/artigos\/wp-json\/wp\/v2\/media?parent=953"}],"wp:term":[{"taxonomy":"category","embeddable":true,"href":"https:\/\/webvasco.com\/artigos\/wp-json\/wp\/v2\/categories?post=953"},{"taxonomy":"post_tag","embeddable":true,"href":"https:\/\/webvasco.com\/artigos\/wp-json\/wp\/v2\/tags?post=953"}],"curies":[{"name":"wp","href":"https:\/\/api.w.org\/{rel}","templated":true}]}}