{"id":9537,"date":"2024-02-28T18:54:30","date_gmt":"2024-02-28T21:54:30","guid":{"rendered":"https:\/\/webvasco.com\/artigos\/?p=9537"},"modified":"2024-02-28T18:54:31","modified_gmt":"2024-02-28T21:54:31","slug":"elas-o-professor-sandra","status":"publish","type":"post","link":"https:\/\/webvasco.com\/artigos\/temas\/elas-e-o-professor\/elas-o-professor-sandra\/","title":{"rendered":"ELAS &#038; O PROFESSOR \u2013SANDRA"},"content":{"rendered":"\n<p><strong><u>ELAS &amp; O PROFESSOR<\/u><\/strong><\/p>\n\n\n\n<p><strong>POR LUIZ CARLOS ROCHA<\/strong><\/p>\n\n\n\n<p>A entrevista de fevereiro de 2024, com Sandra Cristina Ramos \u00e9 dedicada ao amor da minha vida, meu cora\u00e7\u00e3ozinho fora do peito, minha filhotinha: \u00darsulla Rocha.<\/p>\n\n\n\n<p><strong>&nbsp;&nbsp;&nbsp;&nbsp;SANDRA,&nbsp;<\/strong>professora<strong>&nbsp;,&nbsp;<\/strong>solteira, 48 anos, mam\u00e3e da Lav\u00ednia (tamb\u00e9m vasca\u00edna), de religi\u00e3o n\u00e3o citada, do&nbsp;&nbsp;signo de Sagit\u00e1rio,&nbsp;&nbsp;moradora do Rio de Janeiro\/RJ. Nas horas vagas, a vasca\u00edna gosta de assistir filmes. Sua Escola de Samba do cora\u00e7\u00e3o \u00e9 a Mocidade Independente de Padre Miguel. N\u00e3o informou seu prato predileto. A professora afirmou que \u00e9 vasca\u00edna por heran\u00e7a familiar, por isso essa enorme paix\u00e3o pelo clube.<\/p>\n\n\n\n<p><strong>&nbsp;&nbsp;&nbsp;&nbsp;Dimitri Payet foi a melhor contrata\u00e7\u00e3o do Vasco da Gama em 2023?<\/strong><\/p>\n\n\n\n<p>Tenho at\u00e9 medo do v\u00edcio Payet.<\/p>\n\n\n\n<p><strong>&nbsp;&nbsp;&nbsp;O que voc\u00ea espera do time nessa temporada?<\/strong><\/p>\n\n\n\n<p>N\u00e3o sofrer com a S\u00e9rie B.<\/p>\n\n\n\n<p><strong>&nbsp;&nbsp;&nbsp;Voc\u00ea est\u00e1 gostando do Pedrinho como presidente do clube?<\/strong><\/p>\n\n\n\n<p>Sim.<\/p>\n\n\n\n<p><strong>&nbsp;&nbsp;&nbsp;Qual jogador voc\u00ea gostaria de ver atuando com a camisa vasca\u00edna em 2024, dentro das possibilidades financeiras?<\/strong><\/p>\n\n\n\n<p>Philippe Coutinho.<\/p>\n\n\n\n<p><strong>&nbsp;&nbsp;&nbsp;O novo treinador da Sele\u00e7\u00e3o Brasileira, Dorival J\u00fanior, por ter sido campe\u00e3o da Copa do Brasil, com o Cruzmaltino, olhar\u00e1 S\u00e3o Janu\u00e1rio com carinho quando for fazer as convoca\u00e7\u00f5es?<\/strong><\/p>\n\n\n\n<p>\u00c9 o que espero.<\/p>\n\n\n\n<p><strong>&nbsp;&nbsp;&nbsp;Ram\u00f3n Diaz \u00e9 um bom professor?<\/strong><\/p>\n\n\n\n<p>Gosto da firmeza e das atitudes dele.<\/p>\n\n\n\n<p><strong>&nbsp;&nbsp;&nbsp;Em analogia ao col\u00e9gio, no final de 2024, quais os atletas que passar\u00e3o de ano, quais os que ficar\u00e3o em recupera\u00e7\u00e3o e quais ser\u00e3o reprovados?<\/strong><\/p>\n\n\n\n<p>Espero.<\/p>\n\n\n\n<p><strong>&nbsp;&nbsp;&nbsp;A atual diretoria do Vasco traz mais confian\u00e7a para o torcedor?<\/strong><\/p>\n\n\n\n<p>A torcida vasca\u00edna \u00e9 uma m\u00e3e. Acredita no potencial dos filhos.<\/p>\n\n\n\n<p><strong>&nbsp;&nbsp;&nbsp;Qual setor dentro de campo precisa de refor\u00e7o?<\/strong><\/p>\n\n\n\n<p>A lateral.<\/p>\n\n\n\n<p><strong>&nbsp;&nbsp;&nbsp;O Campeonato carioca \u00e9 um teste para o Campeonato Brasileiro?<\/strong><\/p>\n\n\n\n<p>Os dois devem ser levados a s\u00e9rio.<\/p>\n\n\n\n<p><strong>&nbsp;&nbsp;&nbsp;Pablo Vegetti \u00e9 um centroavante a toda prova?<\/strong><\/p>\n\n\n\n<p>Com certeza. Ai do Vasco sem Vegetti.<\/p>\n\n\n\n<p><strong>&nbsp;&nbsp;&nbsp;Ser\u00e1 que vamos utilizar da matem\u00e1tica para sair do sufoco nas competi\u00e7\u00f5es nesta temporada?<\/strong><\/p>\n\n\n\n<p>O Vasco \u00e9 o&nbsp;&nbsp;time da virada.&nbsp;&nbsp;Espero que possamos virar sempre.<\/p>\n\n\n\n<p><strong><u>FOTOGRAFIAS\u00a0\u00a0FORNECIDAS PELA ENTREVISTADA.<\/u><\/strong><\/p>\n\n\n\n<figure class=\"wp-block-gallery columns-3 is-cropped wp-block-gallery-1 is-layout-flex wp-block-gallery-is-layout-flex\"><ul class=\"blocks-gallery-grid\"><li class=\"blocks-gallery-item\"><figure><img loading=\"lazy\" decoding=\"async\" width=\"680\" height=\"1024\" src=\"https:\/\/webvasco.com\/artigos\/wp-content\/uploads\/2024\/02\/WhatsApp-Image-2024-02-26-at-11.00.43-680x1024.jpeg\" alt=\"\" data-id=\"9538\" data-full-url=\"https:\/\/webvasco.com\/artigos\/wp-content\/uploads\/2024\/02\/WhatsApp-Image-2024-02-26-at-11.00.43.jpeg\" data-link=\"https:\/\/webvasco.com\/artigos\/?attachment_id=9538\" class=\"wp-image-9538\" srcset=\"https:\/\/webvasco.com\/artigos\/wp-content\/uploads\/2024\/02\/WhatsApp-Image-2024-02-26-at-11.00.43-680x1024.jpeg 680w, https:\/\/webvasco.com\/artigos\/wp-content\/uploads\/2024\/02\/WhatsApp-Image-2024-02-26-at-11.00.43-199x300.jpeg 199w, https:\/\/webvasco.com\/artigos\/wp-content\/uploads\/2024\/02\/WhatsApp-Image-2024-02-26-at-11.00.43-100x150.jpeg 100w, https:\/\/webvasco.com\/artigos\/wp-content\/uploads\/2024\/02\/WhatsApp-Image-2024-02-26-at-11.00.43.jpeg 720w\" sizes=\"auto, (max-width: 680px) 100vw, 680px\" \/><\/figure><\/li><li class=\"blocks-gallery-item\"><figure><img loading=\"lazy\" decoding=\"async\" width=\"720\" height=\"995\" src=\"https:\/\/webvasco.com\/artigos\/wp-content\/uploads\/2024\/02\/WhatsApp-Image-2024-02-26-at-11.00.07.jpeg\" alt=\"\" data-id=\"9539\" data-full-url=\"https:\/\/webvasco.com\/artigos\/wp-content\/uploads\/2024\/02\/WhatsApp-Image-2024-02-26-at-11.00.07.jpeg\" data-link=\"https:\/\/webvasco.com\/artigos\/?attachment_id=9539\" class=\"wp-image-9539\" srcset=\"https:\/\/webvasco.com\/artigos\/wp-content\/uploads\/2024\/02\/WhatsApp-Image-2024-02-26-at-11.00.07.jpeg 720w, https:\/\/webvasco.com\/artigos\/wp-content\/uploads\/2024\/02\/WhatsApp-Image-2024-02-26-at-11.00.07-217x300.jpeg 217w, https:\/\/webvasco.com\/artigos\/wp-content\/uploads\/2024\/02\/WhatsApp-Image-2024-02-26-at-11.00.07-109x150.jpeg 109w\" sizes=\"auto, (max-width: 720px) 100vw, 720px\" \/><\/figure><\/li><li class=\"blocks-gallery-item\"><figure><img loading=\"lazy\" decoding=\"async\" width=\"517\" height=\"690\" src=\"https:\/\/webvasco.com\/artigos\/wp-content\/uploads\/2024\/02\/WhatsApp-Image-2024-02-26-at-11.00.25.jpeg\" alt=\"\" data-id=\"9540\" data-full-url=\"https:\/\/webvasco.com\/artigos\/wp-content\/uploads\/2024\/02\/WhatsApp-Image-2024-02-26-at-11.00.25.jpeg\" data-link=\"https:\/\/webvasco.com\/artigos\/?attachment_id=9540\" class=\"wp-image-9540\" srcset=\"https:\/\/webvasco.com\/artigos\/wp-content\/uploads\/2024\/02\/WhatsApp-Image-2024-02-26-at-11.00.25.jpeg 517w, https:\/\/webvasco.com\/artigos\/wp-content\/uploads\/2024\/02\/WhatsApp-Image-2024-02-26-at-11.00.25-225x300.jpeg 225w, https:\/\/webvasco.com\/artigos\/wp-content\/uploads\/2024\/02\/WhatsApp-Image-2024-02-26-at-11.00.25-112x150.jpeg 112w\" sizes=\"auto, (max-width: 517px) 100vw, 517px\" \/><\/figure><\/li><\/ul><\/figure>\n","protected":false},"excerpt":{"rendered":"<p>ELAS &amp; O PROFESSOR POR LUIZ CARLOS ROCHA A entrevista de fevereiro de 2024, com&#8230;<\/p>\n","protected":false},"author":7,"featured_media":9540,"comment_status":"open","ping_status":"closed","sticky":false,"template":"","format":"standard","meta":{"footnotes":""},"categories":[27],"tags":[],"class_list":["post-9537","post","type-post","status-publish","format-standard","has-post-thumbnail","hentry","category-elas-e-o-professor"],"_links":{"self":[{"href":"https:\/\/webvasco.com\/artigos\/wp-json\/wp\/v2\/posts\/9537","targetHints":{"allow":["GET"]}}],"collection":[{"href":"https:\/\/webvasco.com\/artigos\/wp-json\/wp\/v2\/posts"}],"about":[{"href":"https:\/\/webvasco.com\/artigos\/wp-json\/wp\/v2\/types\/post"}],"author":[{"embeddable":true,"href":"https:\/\/webvasco.com\/artigos\/wp-json\/wp\/v2\/users\/7"}],"replies":[{"embeddable":true,"href":"https:\/\/webvasco.com\/artigos\/wp-json\/wp\/v2\/comments?post=9537"}],"version-history":[{"count":1,"href":"https:\/\/webvasco.com\/artigos\/wp-json\/wp\/v2\/posts\/9537\/revisions"}],"predecessor-version":[{"id":9541,"href":"https:\/\/webvasco.com\/artigos\/wp-json\/wp\/v2\/posts\/9537\/revisions\/9541"}],"wp:featuredmedia":[{"embeddable":true,"href":"https:\/\/webvasco.com\/artigos\/wp-json\/wp\/v2\/media\/9540"}],"wp:attachment":[{"href":"https:\/\/webvasco.com\/artigos\/wp-json\/wp\/v2\/media?parent=9537"}],"wp:term":[{"taxonomy":"category","embeddable":true,"href":"https:\/\/webvasco.com\/artigos\/wp-json\/wp\/v2\/categories?post=9537"},{"taxonomy":"post_tag","embeddable":true,"href":"https:\/\/webvasco.com\/artigos\/wp-json\/wp\/v2\/tags?post=9537"}],"curies":[{"name":"wp","href":"https:\/\/api.w.org\/{rel}","templated":true}]}}