{"id":9542,"date":"2024-03-31T12:59:35","date_gmt":"2024-03-31T15:59:35","guid":{"rendered":"https:\/\/webvasco.com\/artigos\/?p=9542"},"modified":"2024-03-31T12:59:37","modified_gmt":"2024-03-31T15:59:37","slug":"elas-o-professor-vania","status":"publish","type":"post","link":"https:\/\/webvasco.com\/artigos\/temas\/elas-e-o-professor\/elas-o-professor-vania\/","title":{"rendered":"ELAS &#038; O PROFESSOR \u2013 V\u00c2NIA"},"content":{"rendered":"\n<p><strong><u>ELAS &amp; O PROFESSOR<\/u><\/strong><\/p>\n\n\n\n<p><strong>POR LUIZ CARLOS ROCHA<\/strong><\/p>\n\n\n\n<p>A entrevista de mar\u00e7o de 2024, com V\u00e2nia Figueiredo \u00e9 dedicada ao meu amor maior. Aquele que \u00e9 meu cora\u00e7\u00e3ozinho fora do peito: \u00darsulla Rocha.<\/p>\n\n\n\n<p><strong>&nbsp;&nbsp;&nbsp; V\u00c2NIA, <\/strong>contadora<strong> , <\/strong>solteira, n\u00e3o informou idade, mam\u00e3e do Guilherme (de 7 aninhos), de religi\u00e3o protestante, do&nbsp; signo de C\u00e2ncer, &nbsp;moradora do Rio de Janeiro\/RJ. Nas horas vagas, gosta de ver filme, ler e ir a praia. Disse n\u00e3o ter Escola de Samba do cora\u00e7\u00e3o. Seu prato predileto \u00e9 o bom a velho churrasco.<\/p>\n\n\n\n<p><strong>&nbsp; O Vasco da Gama deixou de contabilizar sucessos?<\/strong><\/p>\n\n\n\n<p>Deixou.<\/p>\n\n\n\n<p><strong>&nbsp;&nbsp;&nbsp; Como voc\u00ea avalia a gest\u00e3o do Pedrinho?<\/strong><\/p>\n\n\n\n<p>Sem avalia\u00e7\u00e3o relevante visto que a 777 manda mais que ele.<\/p>\n\n\n\n<p><strong>&nbsp;&nbsp;&nbsp; A 777&nbsp; Partners \u00e9 um mal necess\u00e1rio?<\/strong><\/p>\n\n\n\n<p>Sim.<\/p>\n\n\n\n<p><strong>&nbsp;&nbsp;&nbsp; Porque o Cruzmaltino n\u00e3o chegou as finais do Campeonato Carioca 2024?<\/strong><\/p>\n\n\n\n<p>Por op\u00e7\u00f5es erradas na escala\u00e7\u00e3o do time.<\/p>\n\n\n\n<p><strong>&nbsp;&nbsp;&nbsp; O time do Nova Igua\u00e7u \u00e9 bem melhor do que o do Gigante da Colina?<\/strong><\/p>\n\n\n\n<p>Mais organizado taticamente.<\/p>\n\n\n\n<p><strong>&nbsp;&nbsp;&nbsp; Quando o entorno de S\u00e3o Janu\u00e1rio for revitalizado o torcedor vasca\u00edno frequentar\u00e1 mais os jogos?<\/strong><\/p>\n\n\n\n<p>Sim.<\/p>\n\n\n\n<p><strong>&nbsp;&nbsp;&nbsp; Qual patrocinador voc\u00ea gostaria de ver sua marca estampada na camisa do Vasc\u00e3o?<\/strong><\/p>\n\n\n\n<p>Nike.<\/p>\n\n\n\n<p><strong>&nbsp;&nbsp;&nbsp; Qual a receita financeira ideal para que o Vasco volte a ser competitivo?<\/strong><\/p>\n\n\n\n<p>Acho que acima de uns 4 milh\u00f5es mensais.<\/p>\n\n\n\n<p><strong>&nbsp;&nbsp;&nbsp; Dimitri Payet j\u00e1 \u00e9 um \u00eddolo do clube?<\/strong><\/p>\n\n\n\n<p>N\u00e3o.<\/p>\n\n\n\n<p><strong>&nbsp;&nbsp;&nbsp; O atual plantel far\u00e1 bonito no Campeonato Brasileiro ou passar\u00e1 vergonha?<\/strong><\/p>\n\n\n\n<p>Passar\u00e1 vergonha.<\/p>\n\n\n\n<p><strong>&nbsp;&nbsp;&nbsp; A politica (politicagem) vasca\u00edna atrapalha o bom andamento desportivo do Vasco?<\/strong><\/p>\n\n\n\n<p>&nbsp;Sim.<\/p>\n\n\n\n<p><strong>&nbsp;&nbsp;&nbsp; Depois de Roberto Dinamite, quem foi o maior atleta vasca\u00edno?<\/strong><\/p>\n\n\n\n<p>Edmundo.<\/p>\n\n\n\n<p><strong><u>FOTOGRAFIAS \u00a0FORNECIDAS PELA ENTREVISTADA.<\/u><\/strong><\/p>\n\n\n\n<figure class=\"wp-block-gallery columns-3 is-cropped wp-block-gallery-1 is-layout-flex wp-block-gallery-is-layout-flex\"><ul class=\"blocks-gallery-grid\"><li class=\"blocks-gallery-item\"><figure><a href=\"https:\/\/webvasco.com\/artigos\/wp-content\/uploads\/2024\/03\/WhatsApp-Image-2024-03-29-at-15.41.45.jpeg\"><img loading=\"lazy\" decoding=\"async\" width=\"576\" height=\"1024\" src=\"https:\/\/webvasco.com\/artigos\/wp-content\/uploads\/2024\/03\/WhatsApp-Image-2024-03-29-at-15.41.45-576x1024.jpeg\" alt=\"\" data-id=\"9543\" data-full-url=\"https:\/\/webvasco.com\/artigos\/wp-content\/uploads\/2024\/03\/WhatsApp-Image-2024-03-29-at-15.41.45.jpeg\" data-link=\"https:\/\/webvasco.com\/artigos\/?attachment_id=9543\" class=\"wp-image-9543\" srcset=\"https:\/\/webvasco.com\/artigos\/wp-content\/uploads\/2024\/03\/WhatsApp-Image-2024-03-29-at-15.41.45-576x1024.jpeg 576w, https:\/\/webvasco.com\/artigos\/wp-content\/uploads\/2024\/03\/WhatsApp-Image-2024-03-29-at-15.41.45-169x300.jpeg 169w, https:\/\/webvasco.com\/artigos\/wp-content\/uploads\/2024\/03\/WhatsApp-Image-2024-03-29-at-15.41.45-84x150.jpeg 84w, https:\/\/webvasco.com\/artigos\/wp-content\/uploads\/2024\/03\/WhatsApp-Image-2024-03-29-at-15.41.45-768x1366.jpeg 768w, https:\/\/webvasco.com\/artigos\/wp-content\/uploads\/2024\/03\/WhatsApp-Image-2024-03-29-at-15.41.45-864x1536.jpeg 864w, https:\/\/webvasco.com\/artigos\/wp-content\/uploads\/2024\/03\/WhatsApp-Image-2024-03-29-at-15.41.45.jpeg 899w\" sizes=\"auto, (max-width: 576px) 100vw, 576px\" \/><\/a><\/figure><\/li><li class=\"blocks-gallery-item\"><figure><a href=\"https:\/\/webvasco.com\/artigos\/wp-content\/uploads\/2024\/03\/WhatsApp-Image-2024-03-29-at-15.42.06.jpeg\"><img loading=\"lazy\" decoding=\"async\" width=\"769\" height=\"1000\" src=\"https:\/\/webvasco.com\/artigos\/wp-content\/uploads\/2024\/03\/WhatsApp-Image-2024-03-29-at-15.42.06.jpeg\" alt=\"\" data-id=\"9544\" data-full-url=\"https:\/\/webvasco.com\/artigos\/wp-content\/uploads\/2024\/03\/WhatsApp-Image-2024-03-29-at-15.42.06.jpeg\" data-link=\"https:\/\/webvasco.com\/artigos\/?attachment_id=9544\" class=\"wp-image-9544\" srcset=\"https:\/\/webvasco.com\/artigos\/wp-content\/uploads\/2024\/03\/WhatsApp-Image-2024-03-29-at-15.42.06.jpeg 769w, https:\/\/webvasco.com\/artigos\/wp-content\/uploads\/2024\/03\/WhatsApp-Image-2024-03-29-at-15.42.06-231x300.jpeg 231w, https:\/\/webvasco.com\/artigos\/wp-content\/uploads\/2024\/03\/WhatsApp-Image-2024-03-29-at-15.42.06-115x150.jpeg 115w\" sizes=\"auto, (max-width: 769px) 100vw, 769px\" \/><\/a><\/figure><\/li><li class=\"blocks-gallery-item\"><figure><a href=\"https:\/\/webvasco.com\/artigos\/wp-content\/uploads\/2024\/03\/WhatsApp-Image-2024-03-29-at-15.48.11.jpeg\"><img loading=\"lazy\" decoding=\"async\" width=\"768\" height=\"1024\" src=\"https:\/\/webvasco.com\/artigos\/wp-content\/uploads\/2024\/03\/WhatsApp-Image-2024-03-29-at-15.48.11-768x1024.jpeg\" alt=\"\" data-id=\"9545\" data-full-url=\"https:\/\/webvasco.com\/artigos\/wp-content\/uploads\/2024\/03\/WhatsApp-Image-2024-03-29-at-15.48.11.jpeg\" data-link=\"https:\/\/webvasco.com\/artigos\/?attachment_id=9545\" class=\"wp-image-9545\" srcset=\"https:\/\/webvasco.com\/artigos\/wp-content\/uploads\/2024\/03\/WhatsApp-Image-2024-03-29-at-15.48.11-768x1024.jpeg 768w, https:\/\/webvasco.com\/artigos\/wp-content\/uploads\/2024\/03\/WhatsApp-Image-2024-03-29-at-15.48.11-225x300.jpeg 225w, https:\/\/webvasco.com\/artigos\/wp-content\/uploads\/2024\/03\/WhatsApp-Image-2024-03-29-at-15.48.11-113x150.jpeg 113w, https:\/\/webvasco.com\/artigos\/wp-content\/uploads\/2024\/03\/WhatsApp-Image-2024-03-29-at-15.48.11.jpeg 978w\" sizes=\"auto, (max-width: 768px) 100vw, 768px\" \/><\/a><\/figure><\/li><\/ul><\/figure>\n\n\n\n<p><\/p>\n","protected":false},"excerpt":{"rendered":"<p>ELAS &amp; O PROFESSOR POR LUIZ CARLOS ROCHA A entrevista de mar\u00e7o de 2024, com&#8230;<\/p>\n","protected":false},"author":7,"featured_media":9543,"comment_status":"open","ping_status":"closed","sticky":false,"template":"","format":"standard","meta":{"footnotes":""},"categories":[27],"tags":[],"class_list":["post-9542","post","type-post","status-publish","format-standard","has-post-thumbnail","hentry","category-elas-e-o-professor"],"_links":{"self":[{"href":"https:\/\/webvasco.com\/artigos\/wp-json\/wp\/v2\/posts\/9542","targetHints":{"allow":["GET"]}}],"collection":[{"href":"https:\/\/webvasco.com\/artigos\/wp-json\/wp\/v2\/posts"}],"about":[{"href":"https:\/\/webvasco.com\/artigos\/wp-json\/wp\/v2\/types\/post"}],"author":[{"embeddable":true,"href":"https:\/\/webvasco.com\/artigos\/wp-json\/wp\/v2\/users\/7"}],"replies":[{"embeddable":true,"href":"https:\/\/webvasco.com\/artigos\/wp-json\/wp\/v2\/comments?post=9542"}],"version-history":[{"count":1,"href":"https:\/\/webvasco.com\/artigos\/wp-json\/wp\/v2\/posts\/9542\/revisions"}],"predecessor-version":[{"id":9546,"href":"https:\/\/webvasco.com\/artigos\/wp-json\/wp\/v2\/posts\/9542\/revisions\/9546"}],"wp:featuredmedia":[{"embeddable":true,"href":"https:\/\/webvasco.com\/artigos\/wp-json\/wp\/v2\/media\/9543"}],"wp:attachment":[{"href":"https:\/\/webvasco.com\/artigos\/wp-json\/wp\/v2\/media?parent=9542"}],"wp:term":[{"taxonomy":"category","embeddable":true,"href":"https:\/\/webvasco.com\/artigos\/wp-json\/wp\/v2\/categories?post=9542"},{"taxonomy":"post_tag","embeddable":true,"href":"https:\/\/webvasco.com\/artigos\/wp-json\/wp\/v2\/tags?post=9542"}],"curies":[{"name":"wp","href":"https:\/\/api.w.org\/{rel}","templated":true}]}}