{"id":9547,"date":"2024-04-12T08:32:53","date_gmt":"2024-04-12T11:32:53","guid":{"rendered":"https:\/\/webvasco.com\/artigos\/?p=9547"},"modified":"2024-04-12T09:07:59","modified_gmt":"2024-04-12T12:07:59","slug":"o-grupo-voluntario-de-revitalizacao-do-entorno-do-estadio-de-sao-januario-gvresj-se-reune-com-o-club-de-regatas-vasco-da-gama-e-a-equipe-tecnica-da-ampliacao-do-estadio-de-sao-januario","status":"publish","type":"post","link":"https:\/\/webvasco.com\/artigos\/colunistas\/marcelopaiva\/o-grupo-voluntario-de-revitalizacao-do-entorno-do-estadio-de-sao-januario-gvresj-se-reune-com-o-club-de-regatas-vasco-da-gama-e-a-equipe-tecnica-da-ampliacao-do-estadio-de-sao-januario\/","title":{"rendered":"O Grupo Volunt\u00e1rio de Revitaliza\u00e7\u00e3o do Entorno do Est\u00e1dio de S\u00e3o Janu\u00e1rio (GVRESJ) se re\u00fane com o Club de Regatas Vasco da Gama e a Equipe T\u00e9cnica da Amplia\u00e7\u00e3o do Est\u00e1dio de S\u00e3o Janu\u00e1rio."},"content":{"rendered":"\n<p>Por Marcelo Paiva e Phillipi Labanca<\/p>\n\n\n\n<p>\u00a0\u00a0\u00a0\u00a0\u00a0 Nesta quinta feira, 11 de abril de 2024, reuniram-se em um escrit\u00f3rio empresarial, no bairro da Barra da Tijuca, Rio de Janeiro, os Srs.: Eng.\u00ba Civil, Dr. Marcelo Paiva e o Publicit\u00e1rio, profissional de Comunica\u00e7\u00e3o e Marketing, Sr. Phillipi Labanca Cantanhede, representando o GVRESJ (o Grupo Volunt\u00e1rio pela Revitaliza\u00e7\u00e3o do Entorno do Est\u00e1dio de S\u00e3o Janu\u00e1rio), o Assessor da Presid\u00eancia do Club de Regatas Vasco da Gama (CRVG), Sr. Thiago Nascimento e os Srs., Arquitetos\/Urbanistas, Dr. S\u00e9rgio Dias e Dr. Fernando Costa, o Arquiteto William Freixo, ambos representando a Equipe T\u00e9cnica que est\u00e3o a frente da Amplia\u00e7\u00e3o\/Moderniza\u00e7\u00e3o do Est\u00e1dio de S\u00e3o Janu\u00e1rio, pertencente ao Club de Regatas Vasco da Gama (CRVG).<\/p>\n\n\n\n<div class=\"wp-block-image\"><figure class=\"aligncenter size-large\"><img loading=\"lazy\" decoding=\"async\" width=\"688\" height=\"387\" src=\"https:\/\/webvasco.com\/artigos\/wp-content\/uploads\/2024\/04\/Imagem7.jpg\" alt=\"\n\" class=\"wp-image-9554\" srcset=\"https:\/\/webvasco.com\/artigos\/wp-content\/uploads\/2024\/04\/Imagem7.jpg 688w, https:\/\/webvasco.com\/artigos\/wp-content\/uploads\/2024\/04\/Imagem7-300x169.jpg 300w, https:\/\/webvasco.com\/artigos\/wp-content\/uploads\/2024\/04\/Imagem7-150x84.jpg 150w\" sizes=\"auto, (max-width: 688px) 100vw, 688px\" \/><figcaption>Da esquerda para a direita: Arquiteto Urbanista \u2013 Dr. Fernando Costa, Assessor do Presidente do CRVG \u2013 Sr. Thiago Nascimento, Comunica\u00e7\u00e3o\/Marketing \u2013 Sr. Phillipi Labanca (GVRESJ), Eng.\u00ba Civil \u2013 Dr. Marcelo Paiva (GVRESJ), Arquiteto Urbanista \u2013 Dr. S\u00e9rgio Dias e Arquiteto \u2013 Dr. William Freixo<br \/>Fonte: GVRESJ.<\/figcaption><\/figure><\/div>\n\n\n\n<p>&nbsp;&nbsp;&nbsp;&nbsp;&nbsp; Foi uma importante reuni\u00e3o t\u00e9cnica onde o GVRESJ, em seus 13 anos de trabalho volunt\u00e1rio, passou a sua expertise e as suas articula\u00e7\u00f5es &#8211; ao longo desse tempo de representatividade da comunidade do bairro de S\u00e3o Crist\u00f3v\u00e3o, a experi\u00eancia, especialidades, viv\u00eancia e habilidades t\u00e9cnicas de sua equipe &#8211; de modo a agregar valores a equipe de Amplia\u00e7\u00e3o\/Moderniza\u00e7\u00e3o do Est\u00e1dio de SJ (CRVG), referente ao segmento de Acessibilidade e Mobilidade Urbana, que ir\u00e3o permitir um acesso a facilitar o fluxo dos torcedores antes das partidas de futebol da equipe do Vasco da Gama e o seu escoamento. E ao final das partidas, com o objetivo de gerar uma perfeita fluidez de deslocamento de entrada e de sa\u00edda, tanto do equipamento esportivo quanto da regi\u00e3o do bairro, para outras regi\u00f5es da cidade.<\/p>\n\n\n\n<p>&nbsp;&nbsp;&nbsp;&nbsp;&nbsp; Independente da vis\u00e3o destes profissionais que estar\u00e3o preparando o complemento do projeto definitivo da reforma do est\u00e1dio de S\u00e3o Janu\u00e1rio, com muita compet\u00eancia, at\u00e9 pela vasta experi\u00eancia, refor\u00e7amos a ideia de que haver\u00e1 a necessidade de uma adapta\u00e7\u00e3o da acessibilidade de acordo com a capacidade nominal da amplia\u00e7\u00e3o\/moderniza\u00e7\u00e3o desta reforma, uma vez que o nosso est\u00e1dio, ainda com a capacidade atual, de 22 mil expectadores, passar\u00e1 para uma capacidade de 47 mil e 800 expectadores, cuja obra dobrar\u00e1 os problemas de deslocamentos, se nada de significativo for feito a prop\u00f3sito, no aspecto urban\u00edstico.<\/p>\n\n\n\n<div class=\"wp-block-image\"><figure class=\"aligncenter size-large\"><img loading=\"lazy\" decoding=\"async\" width=\"704\" height=\"450\" src=\"https:\/\/webvasco.com\/artigos\/wp-content\/uploads\/2024\/04\/Imagem6.jpg\" alt=\"\" class=\"wp-image-9553\" srcset=\"https:\/\/webvasco.com\/artigos\/wp-content\/uploads\/2024\/04\/Imagem6.jpg 704w, https:\/\/webvasco.com\/artigos\/wp-content\/uploads\/2024\/04\/Imagem6-300x192.jpg 300w, https:\/\/webvasco.com\/artigos\/wp-content\/uploads\/2024\/04\/Imagem6-150x96.jpg 150w\" sizes=\"auto, (max-width: 704px) 100vw, 704px\" \/><figcaption>Imagem ilustrativa relativa ao Projeto de Revitaliza\u00e7\u00e3o do Entorno de SJ, da Prefeitura do Rio de Janeiro, no aspecto de Acessibilidade (quando o CRVG estava previsto para realizar o Rugby Rio 2016).<br \/>Fonte: Google Maps &#8211; lustra\u00e7\u00e3o:GVRESJ<\/figcaption><\/figure><\/div>\n\n\n\n<p>&nbsp;&nbsp;&nbsp;&nbsp;&nbsp; Houve uma sinergia positiva de todos presentes, nesta reuni\u00e3o, nas articula\u00e7\u00f5es visando os m\u00ednimos detalhes que enriquecer\u00e3o construtivamente a reforma do nosso est\u00e1dio, simultaneamente as obras necess\u00e1rias do seu entorno.<\/p>\n\n\n\n<p>&nbsp;&nbsp;&nbsp;&nbsp;&nbsp; Lembramos tamb\u00e9m que a C\u00e2mara Municipal da Cidade do Rio de Janeiro, visando o tr\u00e2mite do \u201cPotencial Construtivo\u201d, estar\u00e1 a qualquer momento divulgando as datas das audi\u00eancias p\u00fablicas, sendo a primeira, na C\u00e2mara dos Vereadores, a segunda, no bairro de S\u00e3o Crist\u00f3v\u00e3o, mais precisamente no bairro Vasco da Gama, onde se situa o Est\u00e1dio de S\u00e3o Janu\u00e1rio e, a terceira, no bairro da Barra da Tijuca, onde ser\u00e1 destinado o \u201cPotencial Construtivo\u201d do Club de Regatas Vasco da Gama (CRVG).<\/p>\n\n\n\n<div class=\"wp-block-image\"><figure class=\"aligncenter size-large\"><img loading=\"lazy\" decoding=\"async\" width=\"687\" height=\"386\" src=\"https:\/\/webvasco.com\/artigos\/wp-content\/uploads\/2024\/04\/Imagem5.jpg\" alt=\"\" class=\"wp-image-9552\" srcset=\"https:\/\/webvasco.com\/artigos\/wp-content\/uploads\/2024\/04\/Imagem5.jpg 687w, https:\/\/webvasco.com\/artigos\/wp-content\/uploads\/2024\/04\/Imagem5-300x169.jpg 300w, https:\/\/webvasco.com\/artigos\/wp-content\/uploads\/2024\/04\/Imagem5-150x84.jpg 150w\" sizes=\"auto, (max-width: 687px) 100vw, 687px\" \/><figcaption>C\u00e2mara Municipal da Cidade do Rio de Janeiro \u2013 local onde ser\u00e1<br \/>Votado o potencial Construtivo, ap\u00f3s as Audi\u00eancias P\u00fablicas, para a aprova\u00e7\u00e3o do \u201cPotencial Construtivo\u201d.<br \/>Fonte: GVRESJ<\/figcaption><\/figure><\/div>\n\n\n\n<p>&nbsp;&nbsp;&nbsp;&nbsp;&nbsp; Lembramos que ser\u00e1 importante haver uma <strong>presen\u00e7a<\/strong> <strong>expressiva <\/strong>de cidad\u00e3os, nestas audi\u00eancias p\u00fablicas, para que a sociedade tenha o conhecimento deste prop\u00f3sito, de modo a que todos possam esclarecer suas d\u00favidas pertinentes e apresentarem poss\u00edveis sugest\u00f5es.<\/p>\n\n\n\n<p>&nbsp;&nbsp;&nbsp;&nbsp;&nbsp; Enfaticamente, <strong>todos<\/strong> sair\u00e3o ganhando com a potencializa\u00e7\u00e3o de investimentos p\u00fablicos\/ privados numa regi\u00e3o da cidade <strong>esquecida <\/strong>h\u00e1 mais de <strong>setenta (70) anos<\/strong>.<\/p>\n\n\n\n<p>&nbsp;&nbsp;&nbsp;&nbsp;&nbsp; Passadas as tr\u00eas etapas (tr\u00eas audi\u00eancias p\u00fablicas), j\u00e1 avaliadas as cr\u00edticas e sugest\u00f5es dos cidad\u00e3os, posteriormente os tr\u00e2mites do processo, haver\u00e1 o pr\u00f3ximo e \u00faltimo passo, a vota\u00e7\u00e3o no plen\u00e1rio da C\u00e2mara, tendo a aprova\u00e7\u00e3o positiva ou negativa do \u201cPotencial Construtivo\u201d pelos Vereadores. Isto ter\u00e1 que ser realizado at\u00e9 o fim do primeiro semestre, em virtude do segundo semestre haver a corrida eleitoral, em se tratando de um ano onde ocorrer\u00e3o Elei\u00e7\u00f5es Municipais.<\/p>\n\n\n\n<p>&nbsp;&nbsp;&nbsp;&nbsp;&nbsp; Lembrando que dos cinquenta e um (51) Vereadores do munic\u00edpio da cidade do Rio de Janeiro, se houver um n\u00famero maior ou igual a vinte seis (26) votos, o \u201cPotencial Construtivo\u201d ser\u00e1 absolutamente Aprovado.<\/p>\n\n\n\n<p>O \u00faltimo tr\u00e2mite ser\u00e1 a C\u00e2mara dos Vereadores enviar a aprova\u00e7\u00e3o para o Prefeito da Cidade do Rio de Janeiro, o Sr. Eduardo Paes, para que o pr\u00f3prio <strong>aprove por decreto<\/strong> a raz\u00e3o do Potencial Construtivo.<\/p>\n\n\n\n<div class=\"wp-block-image\"><figure class=\"aligncenter size-large\"><img loading=\"lazy\" decoding=\"async\" width=\"678\" height=\"452\" src=\"https:\/\/webvasco.com\/artigos\/wp-content\/uploads\/2024\/04\/Imagem4.jpg\" alt=\"\" class=\"wp-image-9551\" srcset=\"https:\/\/webvasco.com\/artigos\/wp-content\/uploads\/2024\/04\/Imagem4.jpg 678w, https:\/\/webvasco.com\/artigos\/wp-content\/uploads\/2024\/04\/Imagem4-300x200.jpg 300w, https:\/\/webvasco.com\/artigos\/wp-content\/uploads\/2024\/04\/Imagem4-150x100.jpg 150w\" sizes=\"auto, (max-width: 678px) 100vw, 678px\" \/><figcaption>Pr\u00e9dio da Prefeitura Municipal da Cidade do Rio de Janeiro.<br \/>Fonte: Google<\/figcaption><\/figure><\/div>\n\n\n\n<p>&nbsp;&nbsp;&nbsp;&nbsp;&nbsp; Quem efetivamente ganhar\u00e1 com este nobre prop\u00f3sito: O Club de Regatas Vasco da Gama (CRVG); que ir\u00e1 arrecadar recursos financeiros para \u00fanica e exclusivamente reformar o seu est\u00e1dio e o seu Entorno; os moradores vizinhos ao clube e, consequentemente; a popula\u00e7\u00e3o com essa nova realiza\u00e7\u00e3o. Assim poder\u00e3o fazer a aquisi\u00e7\u00e3o do seu excedente de metragem quadrada para poss\u00edveis compradores usarem o seu Potencial Construtivo, em outras localidades da Cidade do Rio de Janeiro.<\/p>\n\n\n\n<p>&nbsp;&nbsp;&nbsp;&nbsp;&nbsp;&nbsp; O Potencial Construtivo dar\u00e1 uma nova din\u00e2mica ao Rio de Janeiro, P\u00f3s-Pandemia, com a gera\u00e7\u00e3o de renda, gera\u00e7\u00e3o de empregos (via Constru\u00e7\u00e3o Civil), <strong>aquecendo<\/strong> a economia do munic\u00edpio, <strong>gerando Impostos<\/strong>, os quais consequentemente <strong>ser\u00e3o revertidos<\/strong> para a popula\u00e7\u00e3o nos segmentos de educa\u00e7\u00e3o, sa\u00fade, transporte, esporte, cultura, saneamento b\u00e1sico, entre outros importantes que ir\u00e3o gerar um significativo lastro financeiro para o desenvolvimento do munic\u00edpio Carioca.<\/p>\n\n\n\n<div class=\"wp-block-image\"><figure class=\"aligncenter size-large\"><img loading=\"lazy\" decoding=\"async\" width=\"681\" height=\"383\" src=\"https:\/\/webvasco.com\/artigos\/wp-content\/uploads\/2024\/04\/Imagem3.jpg\" alt=\"\" class=\"wp-image-9550\" srcset=\"https:\/\/webvasco.com\/artigos\/wp-content\/uploads\/2024\/04\/Imagem3.jpg 681w, https:\/\/webvasco.com\/artigos\/wp-content\/uploads\/2024\/04\/Imagem3-300x169.jpg 300w, https:\/\/webvasco.com\/artigos\/wp-content\/uploads\/2024\/04\/Imagem3-150x84.jpg 150w\" sizes=\"auto, (max-width: 681px) 100vw, 681px\" \/><figcaption>Vis\u00e3o interna do projeto do Novo Est\u00e1dio de S\u00e3o Janu\u00e1rio, com a \u00e1rea social preservada e adaptada com camarotes. Fonte: Google<\/figcaption><\/figure><\/div>\n\n\n\n<p><\/p>\n\n\n\n<div class=\"wp-block-image\"><figure class=\"aligncenter size-large\"><img loading=\"lazy\" decoding=\"async\" width=\"574\" height=\"574\" src=\"https:\/\/webvasco.com\/artigos\/wp-content\/uploads\/2024\/04\/Imagem2.jpg\" alt=\"\" class=\"wp-image-9549\" srcset=\"https:\/\/webvasco.com\/artigos\/wp-content\/uploads\/2024\/04\/Imagem2.jpg 574w, https:\/\/webvasco.com\/artigos\/wp-content\/uploads\/2024\/04\/Imagem2-300x300.jpg 300w, https:\/\/webvasco.com\/artigos\/wp-content\/uploads\/2024\/04\/Imagem2-150x150.jpg 150w\" sizes=\"auto, (max-width: 574px) 100vw, 574px\" \/><figcaption>GVRESJ e Assessoria da Presid\u00eancia do<br \/>CRVG. Fonte: GVRESJ<\/figcaption><\/figure><\/div>\n\n\n\n<p> <\/p>\n\n\n\n<div class=\"wp-block-image\"><figure class=\"aligncenter size-large\"><img loading=\"lazy\" decoding=\"async\" width=\"596\" height=\"335\" src=\"https:\/\/webvasco.com\/artigos\/wp-content\/uploads\/2024\/04\/Imagem1.jpg\" alt=\"\" class=\"wp-image-9548\" srcset=\"https:\/\/webvasco.com\/artigos\/wp-content\/uploads\/2024\/04\/Imagem1.jpg 596w, https:\/\/webvasco.com\/artigos\/wp-content\/uploads\/2024\/04\/Imagem1-300x169.jpg 300w, https:\/\/webvasco.com\/artigos\/wp-content\/uploads\/2024\/04\/Imagem1-150x84.jpg 150w\" sizes=\"auto, (max-width: 596px) 100vw, 596px\" \/><figcaption>GVRESJ e Equipe T\u00e9cnica da Amplia\u00e7\u00e3o\/Moderniza\u00e7\u00e3o do Est\u00e1dio de S\u00e3o Janu\u00e1rio.<br \/>Fonte: GVRESJ.<\/figcaption><\/figure><\/div>\n\n\n\n<p>&nbsp;&nbsp;&nbsp;&nbsp;&nbsp; Para finalizar, o Grupo Volunt\u00e1rio pela Revitaliza\u00e7\u00e3o do Entorno de S\u00e3o Janu\u00e1rio (GVRESJ) agradece publicamente a recep\u00e7\u00e3o do Club de Regatas Vasco da Gama (CRVG) e a Equipe T\u00e9cnica da Amplia\u00e7\u00e3o\/Moderniza\u00e7\u00e3o do Est\u00e1dio de S\u00e3o Janu\u00e1rio e do seu Entorno, para nos ouvirem e debatermos demandas pertinentes e t\u00e3o importantes para os cidad\u00e3os e, principalmente, para os torcedores Vasca\u00ednos em todo Brasil.<\/p>\n\n\n\n<p>\u00a0\u00a0\u00a0\u00a0\u00a0 Esta sinergia de ambos trabalhando com <strong>compet\u00eancia e altru\u00edsmo incondicional <\/strong>consistir\u00e1 em sua ess\u00eancia, para um futuro vencedor do nosso clube, nos seus esportes amadores e ol\u00edmpicos e no seu futebol amador e profissional, com a moderniza\u00e7\u00e3o e amplia\u00e7\u00e3o do nosso emblem\u00e1tico e hist\u00f3rico est\u00e1dio, o qual far\u00e1 o seu centen\u00e1rio no ano de 2027.<\/p>\n\n\n\n<p>&nbsp;&nbsp;&nbsp;&nbsp;&nbsp; Essa \u00e9 a nobreza do nosso gigante clube, que tem no seu DNA centen\u00e1rio, a alma vencedora na amplitude do esporte, na sua consci\u00eancia social e na grandeza de sua rica e magn\u00edfica hist\u00f3ria institucional, na participa\u00e7\u00e3o de um Brasil, de norte a sul, melhor, mais plural e diversificado.<\/p>\n\n\n\n<p>&nbsp;&nbsp;&nbsp;&nbsp;&nbsp; Sauda\u00e7\u00f5es Vasca\u00ednas!<\/p>\n","protected":false},"excerpt":{"rendered":"<p>Por Marcelo Paiva e Phillipi Labanca \u00a0\u00a0\u00a0\u00a0\u00a0 Nesta quinta feira, 11 de abril de 2024,&#8230;<\/p>\n","protected":false},"author":3,"featured_media":9554,"comment_status":"open","ping_status":"closed","sticky":false,"template":"","format":"standard","meta":{"footnotes":""},"categories":[16],"tags":[],"class_list":["post-9547","post","type-post","status-publish","format-standard","has-post-thumbnail","hentry","category-marcelopaiva"],"_links":{"self":[{"href":"https:\/\/webvasco.com\/artigos\/wp-json\/wp\/v2\/posts\/9547","targetHints":{"allow":["GET"]}}],"collection":[{"href":"https:\/\/webvasco.com\/artigos\/wp-json\/wp\/v2\/posts"}],"about":[{"href":"https:\/\/webvasco.com\/artigos\/wp-json\/wp\/v2\/types\/post"}],"author":[{"embeddable":true,"href":"https:\/\/webvasco.com\/artigos\/wp-json\/wp\/v2\/users\/3"}],"replies":[{"embeddable":true,"href":"https:\/\/webvasco.com\/artigos\/wp-json\/wp\/v2\/comments?post=9547"}],"version-history":[{"count":3,"href":"https:\/\/webvasco.com\/artigos\/wp-json\/wp\/v2\/posts\/9547\/revisions"}],"predecessor-version":[{"id":9559,"href":"https:\/\/webvasco.com\/artigos\/wp-json\/wp\/v2\/posts\/9547\/revisions\/9559"}],"wp:featuredmedia":[{"embeddable":true,"href":"https:\/\/webvasco.com\/artigos\/wp-json\/wp\/v2\/media\/9554"}],"wp:attachment":[{"href":"https:\/\/webvasco.com\/artigos\/wp-json\/wp\/v2\/media?parent=9547"}],"wp:term":[{"taxonomy":"category","embeddable":true,"href":"https:\/\/webvasco.com\/artigos\/wp-json\/wp\/v2\/categories?post=9547"},{"taxonomy":"post_tag","embeddable":true,"href":"https:\/\/webvasco.com\/artigos\/wp-json\/wp\/v2\/tags?post=9547"}],"curies":[{"name":"wp","href":"https:\/\/api.w.org\/{rel}","templated":true}]}}