{"id":956,"date":"2014-10-19T08:32:05","date_gmt":"2014-10-19T11:32:05","guid":{"rendered":"http:\/\/webvasco.com\/artigos\/?p=956"},"modified":"2014-10-19T08:54:52","modified_gmt":"2014-10-19T11:54:52","slug":"santa-pacincia","status":"publish","type":"post","link":"https:\/\/webvasco.com\/artigos\/colunistas\/santa-pacincia\/","title":{"rendered":"Santa paci&ecirc;ncia!"},"content":{"rendered":"<div dir=\"ltr\">\n<div>\n<p style=\"margin:0px 0px 24px;padding:0px;border:0px;font-family:&#39;Times New Roman&#39;;font-size:15px;font-stretch:inherit;line-height:24.2999992370605px;vertical-align:baseline;color:rgb(51,51,51)\">\u00c9 o que resta para o torcedor vasca\u00edno, nessa reta final de S\u00e9rie B: uma dose redobrada de \u201cSanta\u201d paci\u00eancia (ainda maior do que estamos tendo ao longo desses \u00faltimos quatorze anos de muito mais sofrimento do que raz\u00f5es para nos orgulharmos) para que esse ano se acabe o quanto antes. E que todos possamos, ao final dele, ter a sensa\u00e7\u00e3o de al\u00edvio com o menos pior dos resultados poss\u00edveis, que \u00e9 o retorno ao lugar do qual\u00a0<strong style=\"margin:0px;padding:0px;border:0px;font-family:inherit;font-size:inherit;font-style:inherit;font-variant:inherit;font-stretch:inherit;line-height:inherit;vertical-align:baseline\">jamais<\/strong>\u00a0dever\u00edamos ter sa\u00eddo nem uma vez, quanto mais duas vezes, que \u00e9 a Primeira Divis\u00e3o do futebol brasileiro.<\/p>\n<p style=\"margin:0px 0px 24px;padding:0px;border:0px;font-family:&#39;Times New Roman&#39;;font-size:15px;font-stretch:inherit;line-height:24.2999992370605px;vertical-align:baseline;color:rgb(51,51,51)\">Coisa melhor do que isso, sinceramente, n\u00f3s n\u00e3o podemos nos iludir, porque n\u00e3o vir\u00e1. Ficaremos arrastados, ali no \u201cbolo\u201d com os que disputam uma das vagas \u00e0 elite, sem empolgar, sem \u201carrancar\u201d uma sequ\u00eancia de vit\u00f3rias\u2026isso porque n\u00e3o h\u00e1 aquele sentimento por parte dos jogadores, e creio que nem hoje por parte de n\u00f3s, torcedores, de que o time v\u00e1 \u201cdeslanchar\u201d e impor a superioridade de sua hist\u00f3ria de lutas e t\u00edtulos conquistados; num\u00e9rica de sua torcida e at\u00e9 mesmo t\u00e9cnica de seu time na busca por tais resultados. N\u00e3o foi assim durante trinta rodadas; n\u00e3o ser\u00e1 assim, agora, no momento em que todos contam os jogos para o final.<\/p>\n<p style=\"margin:0px 0px 24px;padding:0px;border:0px;font-family:&#39;Times New Roman&#39;;font-size:15px;font-stretch:inherit;line-height:24.2999992370605px;vertical-align:baseline;color:rgb(51,51,51)\">Mas o que \u00e9 pior nessa hist\u00f3ria toda n\u00e3o \u00e9 nem o fato de n\u00e3o subir (caso assim se concretize) como campe\u00e3o. Inegavelmente para aqueles que ainda creem na grandeza de um clube, outrora, um dos mais respeitados do mundo, o que chateia \u00e9 a sensa\u00e7\u00e3o de passividade e conformismo que tomou conta de todos. Ser\u00e1 a primeira vez, ao menos na era dos pontos corridos tamb\u00e9m nessa divis\u00e3o, que um clube considerado um dos gigantes do futebol brasileiro acede ao seu devido lugar sem conquistar o t\u00edtulo da divis\u00e3o inferior. O Vasco poder\u00e1 at\u00e9 mesmo ser o quarto colocado que todos estar\u00e3o aliviados, conformados, diria at\u00e9 com certa propriedade satisfeitos de o pior dos piores cen\u00e1rios poss\u00edveis que \u00e9 o de n\u00e3o subir n\u00e3o acontecer.<\/p>\n<p style=\"margin:0px 0px 24px;padding:0px;border:0px;font-family:&#39;Times New Roman&#39;;font-size:15px;font-stretch:inherit;line-height:24.2999992370605px;vertical-align:baseline;color:rgb(51,51,51)\">Confesso-lhes que afirmo isso com muita tristeza e caindo cada vez mais na real situa\u00e7\u00e3o institucional que passamos. Nos lugares por onde trabalho, pelas redes sociais, h\u00e1 aquele sentimento de quem \u00e9 vasca\u00edno com ar lamuriador, uma mistura nem mais tanto de perplexidade nem de indigna\u00e7\u00e3o, mas de lamento com conforma\u00e7\u00e3o. A compara\u00e7\u00e3o com o que virou o Am\u00e9rica, outrora grande nas d\u00e9cadas de 1960 \/ 1970, \u00e9 inevit\u00e1vel.<\/p>\n<p style=\"margin:0px 0px 24px;padding:0px;border:0px;font-family:&#39;Times New Roman&#39;;font-size:15px;font-stretch:inherit;line-height:24.2999992370605px;vertical-align:baseline;color:rgb(51,51,51)\">E n\u00e3o h\u00e1 qualquer argumento v\u00e1lido, no presente, que conven\u00e7a a quem assim compara de que seu pensamento esteja errado. Sofrer virou rotina para o torcedor do Vasco; os raros momentos de alegria como em boa parte do ano de 2011 viraram exce\u00e7\u00f5es \u00e0 regra. Parece que o clube est\u00e1 condenado \u00e0 eterna crise e que sua torcida, n\u00e3o mais a torcida vibrante e feliz pelos idos dos anos 1990 que tive o orgulho e honra de presenciar o qu\u00e3o gigante \u00e9 esse clube, aceita isso, sem maiores argumentos que conven\u00e7am ao pr\u00f3prio amigo vasca\u00edno que as coisas h\u00e3o de melhorar. Ao contr\u00e1rio, h\u00e1 muito pessimismo por parte do que vir\u00e1 no futuro, em especial daqueles que descreem (e com raz\u00e3o) dos personagens que se postulam candidatos a comandar o clube nos pr\u00f3ximos tr\u00eas anos.<\/p>\n<p style=\"margin:0px 0px 24px;padding:0px;border:0px;font-family:&#39;Times New Roman&#39;;font-size:15px;font-stretch:inherit;line-height:24.2999992370605px;vertical-align:baseline;color:rgb(51,51,51)\">O que me resta como sentimento \u00e9 unicamente esse: que esse ano acabe logo. N\u00e3o estou ligando se o resultado ser\u00e1 o t\u00edtulo ou n\u00e3o (creio que n\u00e3o ser\u00e1), mas isso tamb\u00e9m acrescenta em nada na hist\u00f3ria gloriosa do Vasco. Apenas subtrai, ficando a triste lembran\u00e7a de sequer termos tido for\u00e7a, quando na segunda divis\u00e3o novamente depois de cinco anos, de ter retornado \u00e0 elite, novamente, como campe\u00f5es. Mas enfim, s\u00e3o cicatrizes que somente sumir\u00e3o com muita dose de trabalho, perseveran\u00e7a, f\u00e9 e, novamente, paci\u00eancia por parte, em especial, de quem vier a assumir o leme para sar\u00e1-las com t\u00edtulos e conquistas institucionais, de forma a repor aquilo que perdemos. E por pr\u00f3pria culpa nossa, registre-se.<\/p>\n<p style=\"margin:0px 0px 24px;padding:0px;border:0px;font-family:&#39;Times New Roman&#39;;font-size:15px;font-stretch:inherit;line-height:24.2999992370605px;vertical-align:baseline;color:rgb(51,51,51)\">*****<\/p>\n<p style=\"margin:0px 0px 24px;padding:0px;border:0px;font-family:&#39;Times New Roman&#39;;font-size:15px;font-stretch:inherit;line-height:24.2999992370605px;vertical-align:baseline;color:rgb(51,51,51)\">Em minha an\u00e1lise de poss\u00edveis resultados para os nove jogos finais desse certame, n\u00e3o estava em minhas contas n\u00e3o somar pontos perante o Santa Cruz nesse \u00faltimo s\u00e1bado. Julgava a vit\u00f3ria do Vasco como sendo um resultado poss\u00edvel, em que pese o fato de o jogo n\u00e3o ter sido realizado no est\u00e1dio do Arruda e, sim, na Arena Pernambuco, n\u00e3o havendo aquela habitual press\u00e3o e toda a atmosfera diferente e favor\u00e1vel que impulsiona tal equipe pernambucana quando jogando em seu habitat.<\/p>\n<p style=\"margin:0px 0px 24px;padding:0px;border:0px;font-family:&#39;Times New Roman&#39;;font-size:15px;font-stretch:inherit;line-height:24.2999992370605px;vertical-align:baseline;color:rgb(51,51,51)\">Restam oito jogos agora, sendo tr\u00eas contra equipes que lutam diretamente por uma das vagas \u00e0 elite do futebol nacional. Dessas tr\u00eas, somente contra a Ponte Preta o Vasco joga sob seus dom\u00ednios. Os outros dois jogos ser\u00e3o contra Cear\u00e1 e Ava\u00ed, ambos fora de casa. Resultados favor\u00e1veis em pelo menos dois desses tr\u00eas confrontos tornam-se imprescind\u00edveis para se evitar qualquer tipo de risco. E n\u00e3o mais com o foco orientado ao t\u00edtulo, mas sim, ao simples acesso somente.<\/p>\n<p style=\"margin:0px 0px 24px;padding:0px;border:0px;font-family:&#39;Times New Roman&#39;;font-size:15px;font-stretch:inherit;line-height:24.2999992370605px;vertical-align:baseline;color:rgb(51,51,51)\">Dos demais jogos, tr\u00eas ser\u00e3o em casa. Vencer Icasa, Vila Nova e ABC em S\u00e3o Janu\u00e1rio virou ainda mais<strong style=\"margin:0px;padding:0px;border:0px;font-family:inherit;font-size:inherit;font-style:inherit;font-variant:inherit;font-stretch:inherit;line-height:inherit;vertical-align:baseline\">obriga\u00e7\u00e3o<\/strong>.<\/p>\n<p style=\"margin:0px 0px 24px;padding:0px;border:0px;font-family:&#39;Times New Roman&#39;;font-size:15px;font-stretch:inherit;line-height:24.2999992370605px;vertical-align:baseline;color:rgb(51,51,51)\">Seja como for. Fazer nove pontos nesses tr\u00eas jogos citados nos levar\u00e1 a, pelo menos, 63 pontos j\u00e1 contando com os pontos de momento. Para o c\u00e1lculo de 66 pontos, que creio ser (e provei isso por interm\u00e9dio dos c\u00e1lculos de Estat\u00edstica, em meu \u00faltimo artigo), faltar\u00e3o mais tr\u00eas pontos, que podem advir de uma poss\u00edvel vit\u00f3ria perante a Ponte Preta.<\/p>\n<p style=\"margin:0px 0px 24px;padding:0px;border:0px;font-family:&#39;Times New Roman&#39;;font-size:15px;font-stretch:inherit;line-height:24.2999992370605px;vertical-align:baseline;color:rgb(51,51,51)\">Essa contagem, no entanto, \u201ccai por terra\u201d quando os pr\u00f3prios profissionais n\u00e3o fazem com que a proje\u00e7\u00e3o matem\u00e1tica prevale\u00e7a. C\u00e1lculos e projetos s\u00e3o \u00f3timos, mas \u00e9 preciso haver pessoas para execut\u00e1-los. Nesse caso, de que adianta proje\u00e7\u00f5es se o Vasco nunca \u00e9 escalado com o que h\u00e1 de melhor em seu grupo? Se Joel Santana, tal como n\u00f3s conhecemos, que j\u00e1 n\u00e3o faz um trabalho de qualidade desde sua \u00faltima passagem pelo Botafogo, em 2010, adota um perfil da mediocridade sob disfarce da cautela, em detrimento de lan\u00e7ar m\u00e3o do que os vasca\u00ednos julgam como de melhor em seu plantel atual?<\/p>\n<p style=\"margin:0px 0px 24px;padding:0px;border:0px;font-family:&#39;Times New Roman&#39;;font-size:15px;font-stretch:inherit;line-height:24.2999992370605px;vertical-align:baseline;color:rgb(51,51,51)\">Sabemos que n\u00e3o foi ao longo do presente campeonato que o Vasco teve um estilo de jogo, e n\u00e3o seria agora que achar\u00edamos um que vencesse com facilidade e convencesse aos torcedores em sua plenitude. Entretanto, algumas convic\u00e7\u00f5es a maioria possui: Marlon e Fabr\u00edcio n\u00e3o podem continuar a jogar nesse time titular. Na aus\u00eancia de Lorran para a lateral esquerda, devolva-se Diego Renan \u00e0 mesma e escale-se Carlos C\u00e9sar na direita. No caso de Fabr\u00edcio, qualquer op\u00e7\u00e3o dentre essas \u00e9 muito melhor do que mant\u00ea-lo no time: Pedro Ken como segundo volante e M\u00e1xi Rodrigu\u00e9z entrando como op\u00e7\u00e3o ofensiva no meio de campo; ou Aranda em seu lugar ao lado de Guinaz\u00fa, ambos compondo a dupla de volantes.<\/p>\n<p style=\"margin:0px 0px 24px;padding:0px;border:0px;font-family:&#39;Times New Roman&#39;;font-size:15px;font-stretch:inherit;line-height:24.2999992370605px;vertical-align:baseline;color:rgb(51,51,51)\">Sobre M\u00e1xi Rodrigu\u00e9z, n\u00e3o h\u00e1 argumenta\u00e7\u00e3o v\u00e1lida, para mim ao menos, que me conven\u00e7a de sua n\u00e3o utiliza\u00e7\u00e3o logo de cara, no in\u00edcio das partidas. \u00c9 muito melhor se resolver logo o problema do que deixar criar um maior para lan\u00e7ar a poss\u00edvel solu\u00e7\u00e3o depois, em est\u00e1gio muito pior. J\u00e1 Thalles, n\u00e3o h\u00e1 o que explique suas quedas pelas laterais do campo, quando j\u00e1 ficou provado que, jogando centralizado tal como joga na sele\u00e7\u00e3o sub 20, seu rendimento \u00e9 bem maior.<\/p>\n<p style=\"margin:0px 0px 24px;padding:0px;border:0px;font-family:&#39;Times New Roman&#39;;font-size:15px;font-stretch:inherit;line-height:24.2999992370605px;vertical-align:baseline;color:rgb(51,51,51)\">*****<\/p>\n<p style=\"margin:0px 0px 24px;padding:0px;border:0px;font-family:&#39;Times New Roman&#39;;font-size:15px;font-stretch:inherit;line-height:24.2999992370605px;vertical-align:baseline;color:rgb(51,51,51)\">E essas elei\u00e7\u00f5es que n\u00e3o chegam\u2026 Haja Santa Paci\u00eancia tamb\u00e9m para isso\u2026<\/p>\n<p style=\"margin:0px 0px 24px;padding:0px;border:0px;font-family:&#39;Times New Roman&#39;;font-size:15px;font-stretch:inherit;line-height:24.2999992370605px;vertical-align:baseline;color:rgb(51,51,51)\">@crismariottirj<\/p>\n<\/div>\n<p>\n<\/div>\n<p><\/p>\n","protected":false},"excerpt":{"rendered":"<p>\u00c9 o que resta para o torcedor vasca\u00edno, nessa reta final de S\u00e9rie B: uma&#8230;<\/p>\n","protected":false},"author":12,"featured_media":341,"comment_status":"open","ping_status":"closed","sticky":false,"template":"","format":"standard","meta":{"footnotes":""},"categories":[3],"tags":[],"class_list":["post-956","post","type-post","status-publish","format-standard","has-post-thumbnail","hentry","category-colunistas"],"_links":{"self":[{"href":"https:\/\/webvasco.com\/artigos\/wp-json\/wp\/v2\/posts\/956","targetHints":{"allow":["GET"]}}],"collection":[{"href":"https:\/\/webvasco.com\/artigos\/wp-json\/wp\/v2\/posts"}],"about":[{"href":"https:\/\/webvasco.com\/artigos\/wp-json\/wp\/v2\/types\/post"}],"author":[{"embeddable":true,"href":"https:\/\/webvasco.com\/artigos\/wp-json\/wp\/v2\/users\/12"}],"replies":[{"embeddable":true,"href":"https:\/\/webvasco.com\/artigos\/wp-json\/wp\/v2\/comments?post=956"}],"version-history":[{"count":0,"href":"https:\/\/webvasco.com\/artigos\/wp-json\/wp\/v2\/posts\/956\/revisions"}],"wp:featuredmedia":[{"embeddable":true,"href":"https:\/\/webvasco.com\/artigos\/wp-json\/wp\/v2\/media\/341"}],"wp:attachment":[{"href":"https:\/\/webvasco.com\/artigos\/wp-json\/wp\/v2\/media?parent=956"}],"wp:term":[{"taxonomy":"category","embeddable":true,"href":"https:\/\/webvasco.com\/artigos\/wp-json\/wp\/v2\/categories?post=956"},{"taxonomy":"post_tag","embeddable":true,"href":"https:\/\/webvasco.com\/artigos\/wp-json\/wp\/v2\/tags?post=956"}],"curies":[{"name":"wp","href":"https:\/\/api.w.org\/{rel}","templated":true}]}}