{"id":9560,"date":"2024-04-30T22:48:00","date_gmt":"2024-05-01T01:48:00","guid":{"rendered":"https:\/\/webvasco.com\/artigos\/?p=9560"},"modified":"2024-04-30T22:48:59","modified_gmt":"2024-05-01T01:48:59","slug":"elas-o-professor-rafaela-furtado","status":"publish","type":"post","link":"https:\/\/webvasco.com\/artigos\/temas\/elas-e-o-professor\/elas-o-professor-rafaela-furtado\/","title":{"rendered":"ELAS &#038; O PROFESSOR \u2013RAFAELA FURTADO"},"content":{"rendered":"\n<p>A entrevista de abril de 2024, com Rafaela Furtado \u00e9 dedicada ao meu amor maior. A minha fonte de inspira\u00e7\u00e3o. Minha filhotinha \u00darsulla Rocha.<\/p>\n\n\n\n<p><strong>&nbsp;&nbsp;&nbsp; RAFAELA FURTADO, <\/strong>30 anos, analista de Departamento Pessoal, solteira, mam\u00e3e do Guilherme (de 5 aninhos), de religi\u00e3o n\u00e3o revelada, do&nbsp; signo de Capric\u00f3rnio, &nbsp;moradora de Santa Cruz\/RJ. &nbsp;Nas horas vagas, gosta de visitar a fam\u00edlia, tamb\u00e9m disse gostar de assistir partidas de futebol, ir a praia, um bom samba e frequentar restaurantes. Sua Escola de Samba do cora\u00e7\u00e3o \u00e9 a Unidos da Tijuca. N\u00e3o disse seu prato predileto.<\/p>\n\n\n\n<p>&nbsp;&nbsp; <strong>O Vasco da Gama come\u00e7ou bem o Campeonato Brasileiro ou come\u00e7ou como nos outros anos?<\/strong><\/p>\n\n\n\n<p>Infelizmente como os outros anos , o time do Vasco \u00e9 fraco. Em 2024 n\u00e3o contratamos nenhum jogador de for\u00e7a e compet\u00eancia<\/p>\n\n\n\n<p>&nbsp;&nbsp; <strong>Voc\u00ea acha que em dezembro o Cruzmaltino poder\u00e1 ficar entre os times que disputar\u00e3o a Libertadores 2025?<\/strong><\/p>\n\n\n\n<p>Se continuar com esse mesmo time, vai ser mais um ano lutando para ficar na S\u00e9rie A.<\/p>\n\n\n\n<p>&nbsp;&nbsp; <strong>Qual atleta no atual plantel pode fazer a diferen\u00e7a em campo?<\/strong><\/p>\n\n\n\n<p>O goleiro Leo Jardim, \u00e9 o \u00fanico que faz a diferen\u00e7a .<\/p>\n\n\n\n<p>&nbsp;&nbsp; <strong>O Vasco ainda precisa de refor\u00e7os?<\/strong><\/p>\n\n\n\n<p>Urgentemente.<\/p>\n\n\n\n<p>&nbsp;&nbsp; <strong>Pedrinho vem sendo um bom mandat\u00e1rio?<\/strong><\/p>\n\n\n\n<p>Infelizmente o Pedrinho tem limita\u00e7\u00f5es para poder trabalhar dentro do time do Vasco da Gama, com apenas 30% n\u00e3o tem como mandar em nada, n\u00e3o pode falar por causa do compliance.<\/p>\n\n\n\n<p>&nbsp;&nbsp; <strong>O bom relacionamento entre o presidente do clube e a Leila, presidente do Palmeiras sela ainda mais a irmandade entre Bacalhau e Porco?<\/strong><\/p>\n\n\n\n<p>A entrevistada n\u00e3o quis responder.<\/p>\n\n\n\n<p>&nbsp;&nbsp; <strong>O pai da L\u00e9ia \u00e9 vasca\u00edno, a rela\u00e7\u00e3o de amizade entre Leila e Pedrinho pode gerar bons frutos administrativos?<\/strong><\/p>\n\n\n\n<p>A entrevistada n\u00e3o quis responder.<\/p>\n\n\n\n<p>&nbsp;&nbsp; <strong>Se pudesse escolher para o time entre ser campe\u00e3o brasileiro ou campe\u00e3o da COPA do Brasil, qual seria a sua op\u00e7\u00e3o?<\/strong><\/p>\n\n\n\n<p>Nem t\u00e3o cedo o Vasco ganha nada, essa diretoria est\u00e1 acabando com clube.<\/p>\n\n\n\n<p>&nbsp;&nbsp; <strong>Qual jogador do elenco voc\u00ea mandaria embora sem aviso pr\u00e9vio?<\/strong><\/p>\n\n\n\n<p>Praxedes.<\/p>\n\n\n\n<p><strong>&nbsp;&nbsp; O fornecedor de material esportivo dever\u00e1 mudar. Qual marca voc\u00ea gostaria de ver na camisa do Vasc\u00e3o?<\/strong><\/p>\n\n\n\n<p>A entrevistada n\u00e3o quis responder.<\/p>\n\n\n\n<p><strong>&nbsp;&nbsp; Edmundo merecia um busto em S\u00e3o Janu\u00e1rio?<\/strong><\/p>\n\n\n\n<p>Com certeza.<\/p>\n\n\n\n<p><strong>&nbsp;&nbsp; Quem foi o pior jogador do clube de todos&nbsp;os&nbsp;tempos?<\/strong><\/p>\n\n\n\n<p>Nossa, pior n\u00e3o, piores: Praxedes , Ribarmar ,Orellano e Capasso<\/p>\n\n\n\n<p><\/p>\n\n\n\n<p><strong><u>FOTOGRAFIAS &nbsp;FORNECIDAS PELA ENTREVISTADA.<\/u><\/strong><\/p>\n\n\n\n<figure class=\"wp-block-gallery columns-2 is-cropped wp-block-gallery-1 is-layout-flex wp-block-gallery-is-layout-flex\"><ul class=\"blocks-gallery-grid\"><li class=\"blocks-gallery-item\"><figure><a href=\"https:\/\/webvasco.com\/artigos\/wp-content\/uploads\/2024\/04\/WhatsApp-Image-2024-04-24-at-10.53.19-e1714528020476.jpeg\"><img loading=\"lazy\" decoding=\"async\" width=\"579\" height=\"1024\" src=\"https:\/\/webvasco.com\/artigos\/wp-content\/uploads\/2024\/04\/WhatsApp-Image-2024-04-24-at-10.53.19-e1714528020476-579x1024.jpeg\" alt=\"\" data-id=\"9562\" data-full-url=\"https:\/\/webvasco.com\/artigos\/wp-content\/uploads\/2024\/04\/WhatsApp-Image-2024-04-24-at-10.53.19-e1714528020476.jpeg\" data-link=\"https:\/\/webvasco.com\/artigos\/elas-e-o-professor\/elas-o-professor-rafaela-furtado\/attachment\/whatsapp-image-2024-04-24-at-10-53-19\/\" class=\"wp-image-9562\" srcset=\"https:\/\/webvasco.com\/artigos\/wp-content\/uploads\/2024\/04\/WhatsApp-Image-2024-04-24-at-10.53.19-e1714528020476-579x1024.jpeg 579w, https:\/\/webvasco.com\/artigos\/wp-content\/uploads\/2024\/04\/WhatsApp-Image-2024-04-24-at-10.53.19-e1714528020476-169x300.jpeg 169w, https:\/\/webvasco.com\/artigos\/wp-content\/uploads\/2024\/04\/WhatsApp-Image-2024-04-24-at-10.53.19-e1714528020476-85x150.jpeg 85w, https:\/\/webvasco.com\/artigos\/wp-content\/uploads\/2024\/04\/WhatsApp-Image-2024-04-24-at-10.53.19-e1714528020476.jpeg 739w\" sizes=\"auto, (max-width: 579px) 100vw, 579px\" \/><\/a><\/figure><\/li><li class=\"blocks-gallery-item\"><figure><a href=\"https:\/\/webvasco.com\/artigos\/wp-content\/uploads\/2024\/04\/WhatsApp-Image-2024-04-24-at-10.53.19-1.jpeg\"><img loading=\"lazy\" decoding=\"async\" width=\"576\" height=\"1024\" src=\"https:\/\/webvasco.com\/artigos\/wp-content\/uploads\/2024\/04\/WhatsApp-Image-2024-04-24-at-10.53.19-1-576x1024.jpeg\" alt=\"\" data-id=\"9561\" data-full-url=\"https:\/\/webvasco.com\/artigos\/wp-content\/uploads\/2024\/04\/WhatsApp-Image-2024-04-24-at-10.53.19-1.jpeg\" data-link=\"https:\/\/webvasco.com\/artigos\/elas-e-o-professor\/elas-o-professor-rafaela-furtado\/attachment\/whatsapp-image-2024-04-24-at-10-53-19-1\/\" class=\"wp-image-9561\" srcset=\"https:\/\/webvasco.com\/artigos\/wp-content\/uploads\/2024\/04\/WhatsApp-Image-2024-04-24-at-10.53.19-1-576x1024.jpeg 576w, https:\/\/webvasco.com\/artigos\/wp-content\/uploads\/2024\/04\/WhatsApp-Image-2024-04-24-at-10.53.19-1-169x300.jpeg 169w, https:\/\/webvasco.com\/artigos\/wp-content\/uploads\/2024\/04\/WhatsApp-Image-2024-04-24-at-10.53.19-1-84x150.jpeg 84w, https:\/\/webvasco.com\/artigos\/wp-content\/uploads\/2024\/04\/WhatsApp-Image-2024-04-24-at-10.53.19-1-768x1365.jpeg 768w, https:\/\/webvasco.com\/artigos\/wp-content\/uploads\/2024\/04\/WhatsApp-Image-2024-04-24-at-10.53.19-1-864x1536.jpeg 864w, https:\/\/webvasco.com\/artigos\/wp-content\/uploads\/2024\/04\/WhatsApp-Image-2024-04-24-at-10.53.19-1.jpeg 900w\" sizes=\"auto, (max-width: 576px) 100vw, 576px\" \/><\/a><\/figure><\/li><\/ul><\/figure>\n","protected":false},"excerpt":{"rendered":"<p>A entrevista de abril de 2024, com Rafaela Furtado \u00e9 dedicada ao meu amor maior&#8230;.<\/p>\n","protected":false},"author":7,"featured_media":9562,"comment_status":"open","ping_status":"closed","sticky":false,"template":"","format":"standard","meta":{"footnotes":""},"categories":[27],"tags":[],"class_list":["post-9560","post","type-post","status-publish","format-standard","has-post-thumbnail","hentry","category-elas-e-o-professor"],"_links":{"self":[{"href":"https:\/\/webvasco.com\/artigos\/wp-json\/wp\/v2\/posts\/9560","targetHints":{"allow":["GET"]}}],"collection":[{"href":"https:\/\/webvasco.com\/artigos\/wp-json\/wp\/v2\/posts"}],"about":[{"href":"https:\/\/webvasco.com\/artigos\/wp-json\/wp\/v2\/types\/post"}],"author":[{"embeddable":true,"href":"https:\/\/webvasco.com\/artigos\/wp-json\/wp\/v2\/users\/7"}],"replies":[{"embeddable":true,"href":"https:\/\/webvasco.com\/artigos\/wp-json\/wp\/v2\/comments?post=9560"}],"version-history":[{"count":2,"href":"https:\/\/webvasco.com\/artigos\/wp-json\/wp\/v2\/posts\/9560\/revisions"}],"predecessor-version":[{"id":9564,"href":"https:\/\/webvasco.com\/artigos\/wp-json\/wp\/v2\/posts\/9560\/revisions\/9564"}],"wp:featuredmedia":[{"embeddable":true,"href":"https:\/\/webvasco.com\/artigos\/wp-json\/wp\/v2\/media\/9562"}],"wp:attachment":[{"href":"https:\/\/webvasco.com\/artigos\/wp-json\/wp\/v2\/media?parent=9560"}],"wp:term":[{"taxonomy":"category","embeddable":true,"href":"https:\/\/webvasco.com\/artigos\/wp-json\/wp\/v2\/categories?post=9560"},{"taxonomy":"post_tag","embeddable":true,"href":"https:\/\/webvasco.com\/artigos\/wp-json\/wp\/v2\/tags?post=9560"}],"curies":[{"name":"wp","href":"https:\/\/api.w.org\/{rel}","templated":true}]}}