{"id":9565,"date":"2024-05-24T11:55:54","date_gmt":"2024-05-24T14:55:54","guid":{"rendered":"https:\/\/webvasco.com\/artigos\/?p=9565"},"modified":"2024-05-24T17:40:07","modified_gmt":"2024-05-24T20:40:07","slug":"veja-aqui-como-foi-a-primeira-audiencia-publica-sobre-o-potencial-construtivo-de-sj-na-camara-municipal-do-rio-de-janeiro","status":"publish","type":"post","link":"https:\/\/webvasco.com\/artigos\/colunistas\/marcelopaiva\/veja-aqui-como-foi-a-primeira-audiencia-publica-sobre-o-potencial-construtivo-de-sj-na-camara-municipal-do-rio-de-janeiro\/","title":{"rendered":"Veja aqui como foi a Primeira Audi\u00eancia P\u00fablica, sobre o \u201cPotencial Construtivo\u201d de SJ, na C\u00e2mara Municipal do Rio de Janeiro"},"content":{"rendered":"\n<p>Caros Amigos Vasca\u00ednos!<\/p>\n\n\n\n<p>&nbsp;&nbsp;&nbsp;&nbsp; Em virtude dos \u00faltimos acontecimentos noticiados, abundantemente pela Imprensa, entre o CRVG e a Mantenedora da SAF do Clube, assim como a classifica\u00e7\u00e3o magn\u00edfica do nosso time na Copa do Brasil, contra o Fortaleza, os quais causaram alta repercuss\u00e3o nos \u00faltimos dias, estamos trazendo agora neste momento oportuno, um Artigo Completo T\u00e9cnico e Visual, com a cronologia daquilo que ocorreu nesta Primeira Audi\u00eancia P\u00fablica (1\u00aa de duas ou de tr\u00eas), em 15\/05\/24, na C\u00e2mara Municipal do Rio de Janeiro, entre os Vereadores, Autoridades, T\u00e9cnicos do Assunto, Dirigentes e Torcedores do CRVG, Moradores do Entorno de SJ e outros Cidad\u00e3os presentes.<\/p>\n\n\n\n<p>&nbsp;&nbsp;&nbsp;&nbsp; Tal evento, permitiu um Debate P\u00fablico, nesta casa, no sentido de se maturar, entender, surgir diretrizes, entre diversos, para que nestas Audi\u00eancias P\u00fablicas possam haver o Consenso na C\u00e2mara Municipal, para posterior Assembl\u00e9ia Geral dos Vereadores, com a finalidade de Vota\u00e7\u00e3o (Sim ou N\u00e3o) de cada Parlamentar, referente ao Projeto de Lei Complementar (PLC) de n\u00ba 142\/2023, que \u201cInstitui a Opera\u00e7\u00e3o Urbana Consorciada do Est\u00e1dio de S\u00e3o Janu\u00e1rio (CRVG), no Bairro Vasco da Gama\u201d!<\/p>\n\n\n\n<p>&nbsp;&nbsp;&nbsp;&nbsp; Lembrando que, dos 51 Vereadores no total deste Parlamento, com o m\u00ednimo de 26 votos ou mais, pelo \u201cSim\u201d, o \u201cPotencial Construtivo\u201d de SJ estar\u00e1 Aprovado e Chancelado pela C\u00e2mara Municipal, para que seja remetido ao Prefeito da Cidade do Rio de Janeiro aprovar ou n\u00e3o, o mesmo.<\/p>\n\n\n\n<p>&nbsp;&nbsp;&nbsp;&nbsp; E, em caso de sua Aprova\u00e7\u00e3o, ser\u00e1 Decretado este Prop\u00f3sito, a ser Oficializado no Di\u00e1rio Oficial do Munic\u00edpio, permitindo ao CRVG seguir os Tr\u00e2mites para a venda do seu Potencial Construtivo, de modo a gerar os Recursos para a Amplia\u00e7\u00e3o\/Moderniza\u00e7\u00e3o do Est\u00e1dio de SJ.<\/p>\n\n\n<div class=\"wp-block-image\">\n<figure class=\"aligncenter size-full\"><img loading=\"lazy\" decoding=\"async\" width=\"635\" height=\"357\" src=\"https:\/\/webvasco.com\/artigos\/wp-content\/uploads\/2024\/05\/Imagem1.jpg\" alt=\"\" class=\"wp-image-9566\" srcset=\"https:\/\/webvasco.com\/artigos\/wp-content\/uploads\/2024\/05\/Imagem1.jpg 635w, https:\/\/webvasco.com\/artigos\/wp-content\/uploads\/2024\/05\/Imagem1-300x169.jpg 300w, https:\/\/webvasco.com\/artigos\/wp-content\/uploads\/2024\/05\/Imagem1-150x84.jpg 150w\" sizes=\"auto, (max-width: 635px) 100vw, 635px\" \/><figcaption class=\"wp-element-caption\">C\u00e2mara Municipal do Rio de Janeiro\nFonte: GVRESJ\/VSJ<\/figcaption><\/figure>\n<\/div>\n\n\n<p>&nbsp;&nbsp;&nbsp;&nbsp; Foi uma Audi\u00eancia T\u00e9cnica e Embasada, no Modelo \u201cH\u00edbrido\u201d (Presencial e Virtual), a qual foi composta a Mesa com os Srs: Vereador Eliseu Kessler (Presidente da Audi\u00eancia P\u00fablica (MDB) e Presidente da \u201cComiss\u00e3o de Assuntos Urbanos\u201d), o qual abriu esta Audi\u00eancia P\u00fablica, Vereadora Teresa Bergher (Vice Presidente da Comiss\u00e3o (PSDB)), Vereador Zico (Vogal (PSD)) e a \u201cComiss\u00e3o de Esportes, Lazer e Eventos\u201d, os Srs: Vereador Zico (idem acima, como Presidente), Vereador M\u00e1rcio Ribeiro (Vice Presidente (PSD), de forma Virtual), Vereador Marcelo Arar (Vogal (Agir), de Forma tamb\u00e9m Virtual).<\/p>\n\n\n\n<p>&nbsp;&nbsp;&nbsp;&nbsp;&nbsp; Tamb\u00e9m compuseram a mesa, os Srs: Vereador Alexandre Isquierdo (Uni\u00e3o Brasil); Vereador Paulo Pinheiro (PSOL, de modo Virtual); Secret\u00e1rio Municipal de Coordena\u00e7\u00e3o Governamental, Sr Jorge Luiz de Souza Arraes; o Sub Secret\u00e1rio Executivo da Secretaria Municipal de Desenvolvimento Urbano e Econ\u00f4mico (SMDU), Sr Tiago Ramos Dias; o Presidente do CRVG, Pedro Paulo de Oliveira (Pedrinho) e o Arquiteto\/Urbanista, Dr S\u00e9rgio Dias (Autor do Projeto de Amplia\u00e7\u00e3o\/Moderniza\u00e7\u00e3o de SJ).<\/p>\n\n\n\n<p>&nbsp;&nbsp;&nbsp;&nbsp; Compuseram a Tribuna do Plen\u00e1rio, ap\u00f3s os trabalhos da mesa se encerrarem, para considera\u00e7\u00f5es ao p\u00fablico presente, os Srs; Vereador Pedro Duarte (Novo), Dr Renato Brito (2\u00ba Vice Presidente do CRVG), Vereador Paulo Pinheiro (de modo Virtual (PSOL)), Vereador Carlo Caiado (Presidente da C\u00e2mara Municipal do Rio de Janeiro (PSD)), V\u00e2nia Rodrigues (Presidente da Associa\u00e7\u00e3o de Moradores da Barreira do Vasco), Dr Marcelo Paiva (Eng\u00ba Civil do Grupo Volunt\u00e1rio pela Revitaliza\u00e7\u00e3o do Entorno de S\u00e3o Janu\u00e1rio), Marcelo Rocha (Representando a Associa\u00e7\u00e3o das Torcidas Organizadas do Vasco), Vin\u00edcius Moura (tamb\u00e9m representando a Associa\u00e7\u00e3o das Torcidas Organizadas do Vasco).<\/p>\n\n\n\n<p>&nbsp;&nbsp;&nbsp;&nbsp; Voltando a cronologia dos fatos, ap\u00f3s composta a Mesa, o Sr Presidente da Assembl\u00e9ia P\u00fablica fez a Chamada, onde todos confirmaram a presen\u00e7a e o mesmo iniciou a Sess\u00e3o.<\/p>\n\n\n<div class=\"wp-block-image\">\n<figure class=\"aligncenter size-full\"><img loading=\"lazy\" decoding=\"async\" width=\"691\" height=\"389\" src=\"https:\/\/webvasco.com\/artigos\/wp-content\/uploads\/2024\/05\/Imagem2.jpg\" alt=\"\" class=\"wp-image-9567\" srcset=\"https:\/\/webvasco.com\/artigos\/wp-content\/uploads\/2024\/05\/Imagem2.jpg 691w, https:\/\/webvasco.com\/artigos\/wp-content\/uploads\/2024\/05\/Imagem2-300x169.jpg 300w, https:\/\/webvasco.com\/artigos\/wp-content\/uploads\/2024\/05\/Imagem2-150x84.jpg 150w\" sizes=\"auto, (max-width: 691px) 100vw, 691px\" \/><figcaption class=\"wp-element-caption\">Tribuna do Plen\u00e1rio (a esquerda) e Plen\u00e1rio da C\u00e2mara\n(ao Centro)\nFonte: GVRESJ\/VSF\n<\/figcaption><\/figure>\n<\/div>\n\n\n<p>&nbsp;&nbsp;&nbsp;&nbsp;&nbsp; Antes de iniciarmos a Cronologia desta Audi\u00eancia, compareceram tamb\u00e9m nesta Audi\u00eancia P\u00fablica, os Srs: Dr Paulo Salom\u00e3o (1\u00ba VP do CRVG), Jo\u00e3o Richie (Presidente do CD do CRVG), Thiago Nascimento (Assessor da Presid\u00eancia do CRVG), Dr Pedro Seixas (Ex VP de Obras e Engenharia do CRVG), Dr Marcus Simonini e Dr Raimundo Almeida (Grupo Volunt\u00e1rio pela Revitaliza\u00e7\u00e3o do Entorno de SJ), Tiago Lezam (Conselheiro do CRVG), Rodrigo Saavedra (Conselheiro do CRVG), Valmer Peres (Historiador do CRVG), Carla Oliveira (Coordenadora de Responsabilidade Social do CRVG), Jorge Azevedo (Associa\u00e7\u00e3o de Moradores da Vila Arar\u00e1), Dr Fernando Costa (Arquiteto do CRVG e participa\u00e7\u00e3o no Projeto da Reforma de SJ), Os Jovens Arquitetos que comp\u00f5em a Equipe do Dr S\u00e9rgio Dias (William Freixo, Felipe Nicolau e Clarissa Pereira), Fl\u00e1vio Lopes (Presidente da COMLURB), Ricardo Lemos (CET RIO), entre diversos Vereadores, Dirigentes do Clube, Autoridades P\u00fablicas e Cidad\u00e3os da Cidade do Rio de Janeiro.<\/p>\n\n\n\n<p>&nbsp;&nbsp;&nbsp;&nbsp; Pedimos as desculpas, caso acima tenha sido esquecido algum nome dos nossos contatos!<\/p>\n\n\n\n<p>&nbsp;&nbsp;&nbsp;&nbsp; Iniciada a Audi\u00eancia P\u00fablica, vamos as Considera\u00e7\u00f5es daquilo que ocorreu neste Evento:<\/p>\n\n\n<div class=\"wp-block-image\">\n<figure class=\"aligncenter size-full\"><img loading=\"lazy\" decoding=\"async\" width=\"648\" height=\"364\" src=\"https:\/\/webvasco.com\/artigos\/wp-content\/uploads\/2024\/05\/Imagem3.jpg\" alt=\"\" class=\"wp-image-9568\" srcset=\"https:\/\/webvasco.com\/artigos\/wp-content\/uploads\/2024\/05\/Imagem3.jpg 648w, https:\/\/webvasco.com\/artigos\/wp-content\/uploads\/2024\/05\/Imagem3-300x169.jpg 300w, https:\/\/webvasco.com\/artigos\/wp-content\/uploads\/2024\/05\/Imagem3-150x84.jpg 150w\" sizes=\"auto, (max-width: 648px) 100vw, 648px\" \/><figcaption class=\"wp-element-caption\">In\u00edcio da Audi\u00eancia P\u00fablica\nFonte: GVRESJ\/VSJ<\/figcaption><\/figure>\n<\/div>\n\n\n<p><\/p>\n\n\n\n<p>&nbsp;&nbsp;&nbsp; Iniciaram-se os Trabalhos, com a palavra sendo dada pelo Presidente da Assembl\u00e9ia Publica ao Sr Jorge Arraes (Secret\u00e1rio Municipal de Coordena\u00e7\u00e3o Governamental), o Secret\u00e1rio contextualizou e introduziu o Tema do Potencial Construtivo, para os presentes.<\/p>\n\n\n<div class=\"wp-block-image\">\n<figure class=\"aligncenter size-full\"><img loading=\"lazy\" decoding=\"async\" width=\"668\" height=\"308\" src=\"https:\/\/webvasco.com\/artigos\/wp-content\/uploads\/2024\/05\/Imagem4.jpg\" alt=\"\" class=\"wp-image-9569\" srcset=\"https:\/\/webvasco.com\/artigos\/wp-content\/uploads\/2024\/05\/Imagem4.jpg 668w, https:\/\/webvasco.com\/artigos\/wp-content\/uploads\/2024\/05\/Imagem4-300x138.jpg 300w, https:\/\/webvasco.com\/artigos\/wp-content\/uploads\/2024\/05\/Imagem4-150x69.jpg 150w\" sizes=\"auto, (max-width: 668px) 100vw, 668px\" \/><figcaption class=\"wp-element-caption\">Secret\u00e1rio Municipal de Coordena\u00e7\u00e3o<br \/>Governamental, Sr Jorge Arraes<br \/>Fonte: C\u00e2mara Municipal do Rio de Janeiro<\/figcaption><\/figure>\n<\/div>\n\n\n<p><\/p>\n\n\n\n<p>&nbsp;&nbsp;&nbsp;&nbsp; A seguir, proferiu o Subsecret\u00e1rio Executivo da Secretaria Municipal de Desenvolvimento Urbano (SMDU), Sr Tiago Dias, cujo mesmo detalhou Aspectos Urban\u00edsticos previstos neste PLC, onde os 197.000 m\u00b2 referentes ao Potencial Construtivo, que se for Aprovado, o CRVG ter\u00e1 o Direito de negociar esta metragem quadrada, cuja comercializa\u00e7\u00e3o desta \u00e1rea ir\u00e1 gerar os recursos para a Amplia\u00e7\u00e3o\/Moderniza\u00e7\u00e3o do Est\u00e1dio de S\u00e3o Janu\u00e1rio.<\/p>\n\n\n\n<p>&nbsp;&nbsp;&nbsp;&nbsp;&nbsp; O Subsecret\u00e1rio, Sr Tiago Dias, apresentou tamb\u00e9m um Power Point, para os presentes, dando explica\u00e7\u00f5es visuais sobre este assunto, onde resgatamos algumas imagens do mesmo, de modo a servir de visualiza\u00e7\u00e3o.<\/p>\n\n\n<div class=\"wp-block-image\">\n<figure class=\"aligncenter size-full\"><img loading=\"lazy\" decoding=\"async\" width=\"689\" height=\"461\" src=\"https:\/\/webvasco.com\/artigos\/wp-content\/uploads\/2024\/05\/Imagem5.jpg\" alt=\"\" class=\"wp-image-9570\" srcset=\"https:\/\/webvasco.com\/artigos\/wp-content\/uploads\/2024\/05\/Imagem5.jpg 689w, https:\/\/webvasco.com\/artigos\/wp-content\/uploads\/2024\/05\/Imagem5-300x201.jpg 300w, https:\/\/webvasco.com\/artigos\/wp-content\/uploads\/2024\/05\/Imagem5-150x100.jpg 150w\" sizes=\"auto, (max-width: 689px) 100vw, 689px\" \/><figcaption class=\"wp-element-caption\">Sub Secret\u00e1rio Executivo da Secretaria Municipal de Desenvolvimento Urbano (SMDU), Sr Tiago Dias, na sua Apresenta\u00e7\u00e3o\nFonte: GVRESJ\/VSJ<\/figcaption><\/figure>\n<\/div>\n\n\n<p><\/p>\n\n\n<div class=\"wp-block-image\">\n<figure class=\"aligncenter size-full\"><img loading=\"lazy\" decoding=\"async\" width=\"648\" height=\"299\" src=\"https:\/\/webvasco.com\/artigos\/wp-content\/uploads\/2024\/05\/Imagem6.jpg\" alt=\"\" class=\"wp-image-9571\" srcset=\"https:\/\/webvasco.com\/artigos\/wp-content\/uploads\/2024\/05\/Imagem6.jpg 648w, https:\/\/webvasco.com\/artigos\/wp-content\/uploads\/2024\/05\/Imagem6-300x138.jpg 300w, https:\/\/webvasco.com\/artigos\/wp-content\/uploads\/2024\/05\/Imagem6-150x69.jpg 150w\" sizes=\"auto, (max-width: 648px) 100vw, 648px\" \/><figcaption class=\"wp-element-caption\">Sum\u00e1rio Executivo do PLC\nFonte: C\u00e2mara Municipal do Rio de Janeiro <\/figcaption><\/figure>\n<\/div>\n\n<div class=\"wp-block-image\">\n<figure class=\"aligncenter size-full\"><img loading=\"lazy\" decoding=\"async\" width=\"651\" height=\"299\" src=\"https:\/\/webvasco.com\/artigos\/wp-content\/uploads\/2024\/05\/Imagem7.jpg\" alt=\"\" class=\"wp-image-9572\" srcset=\"https:\/\/webvasco.com\/artigos\/wp-content\/uploads\/2024\/05\/Imagem7.jpg 651w, https:\/\/webvasco.com\/artigos\/wp-content\/uploads\/2024\/05\/Imagem7-300x138.jpg 300w, https:\/\/webvasco.com\/artigos\/wp-content\/uploads\/2024\/05\/Imagem7-150x69.jpg 150w\" sizes=\"auto, (max-width: 651px) 100vw, 651px\" \/><figcaption class=\"wp-element-caption\">Uma  das  \u00c1reas  Receptoras  a  ser destinado o Potencial  Construtivo, como  por  exemplo, a \u00c1rea  de Planejamento 4 (AP4)- Barra da Tijuca. <br \/>Fonte: C\u00e2mara Municipal do Rio de Janeiro<br \/><\/figcaption><\/figure>\n<\/div>\n\n\n<p>&nbsp;&nbsp;&nbsp;&nbsp;&nbsp;&nbsp;&nbsp;&nbsp;&nbsp;&nbsp;&nbsp;&nbsp;&nbsp;&nbsp;&nbsp;&nbsp;&nbsp;&nbsp;&nbsp;&nbsp;&nbsp;&nbsp; &nbsp;&nbsp;&nbsp;&nbsp;&nbsp;&nbsp;&nbsp;&nbsp;&nbsp;&nbsp;&nbsp;&nbsp;&nbsp;&nbsp;&nbsp;&nbsp;&nbsp;&nbsp;&nbsp;&nbsp;&nbsp;&nbsp;&nbsp;&nbsp;&nbsp;&nbsp;&nbsp;<\/p>\n\n\n<div class=\"wp-block-image\">\n<figure class=\"aligncenter size-full\"><img loading=\"lazy\" decoding=\"async\" width=\"659\" height=\"304\" src=\"https:\/\/webvasco.com\/artigos\/wp-content\/uploads\/2024\/05\/Imagem8.jpg\" alt=\"\" class=\"wp-image-9573\" srcset=\"https:\/\/webvasco.com\/artigos\/wp-content\/uploads\/2024\/05\/Imagem8.jpg 659w, https:\/\/webvasco.com\/artigos\/wp-content\/uploads\/2024\/05\/Imagem8-300x138.jpg 300w, https:\/\/webvasco.com\/artigos\/wp-content\/uploads\/2024\/05\/Imagem8-150x69.jpg 150w\" sizes=\"auto, (max-width: 659px) 100vw, 659px\" \/><figcaption class=\"wp-element-caption\">Adequa\u00e7\u00e3o de Par\u00e2metros, como por exemplo, a AP4.\nFonte: C\u00e2mara Municipal do Rio de Janeiro<\/figcaption><\/figure>\n<\/div>\n\n<div class=\"wp-block-image\">\n<figure class=\"aligncenter size-full\"><img loading=\"lazy\" decoding=\"async\" width=\"657\" height=\"304\" src=\"https:\/\/webvasco.com\/artigos\/wp-content\/uploads\/2024\/05\/Imagem9.jpg\" alt=\"\" class=\"wp-image-9574\" srcset=\"https:\/\/webvasco.com\/artigos\/wp-content\/uploads\/2024\/05\/Imagem9.jpg 657w, https:\/\/webvasco.com\/artigos\/wp-content\/uploads\/2024\/05\/Imagem9-300x139.jpg 300w, https:\/\/webvasco.com\/artigos\/wp-content\/uploads\/2024\/05\/Imagem9-150x69.jpg 150w\" sizes=\"auto, (max-width: 657px) 100vw, 657px\" \/><figcaption class=\"wp-element-caption\">Avalia\u00e7\u00e3o de Impacto de \u00c1reas.\nFonte: C\u00e2mara Municipal do Rio de Janeiro<\/figcaption><\/figure>\n<\/div>\n\n\n<p><\/p>\n\n\n\n<p>&nbsp;&nbsp;&nbsp;&nbsp; Encerrada a excelente explana\u00e7\u00e3o do Sub Secret\u00e1rio, Sr Tiago Dias, o Dr S\u00e9rgio Dias, Renomado Arquiteto\/Urbanista, (Autor do Projeto do Novo Est\u00e1dio de SJ) ao ser dada a palavra a ele, o mesmo apresentou em Power Point, o momento mais esperado deste Evento: A apresenta\u00e7\u00e3o do Projeto da Amplia\u00e7\u00e3o\/Moderniza\u00e7\u00e3o do Est\u00e1dio de S\u00e3o Janu\u00e1rio.<\/p>\n\n\n\n<p>&nbsp;&nbsp;&nbsp;&nbsp; Entre as imagens,o Dr S\u00e9rgio Dias enfatizou inicialmente, a magn\u00edfica Hist\u00f3ria Vasca\u00edna (Camisas Negras); a Resposta Hist\u00f3rica (talvez o nosso maior trof\u00e9u); S\u00e3o Janu\u00e1rio como foi constru\u00eddo; grandes eventos na nossa casa, com a CLT homologada pelo Presidente do Brasil, Get\u00falio Vargas; desfile das escolas de samba, numa determinada \u00e9poca; entre outros, culminando a seguir com a apresenta\u00e7\u00e3o do Novo Est\u00e1dio.<\/p>\n\n\n\n<p>&nbsp;&nbsp;&nbsp;&nbsp; Todos os presentes tiveram a oportunidade de verem imagens fant\u00e1sticas, com a nobre apresenta\u00e7\u00e3o deste Projeto do Dr S\u00e9rgio Dias, o qual brilhantemente explicou as imagens, uma a uma, aos presentes nesta casa.<\/p>\n\n\n<div class=\"wp-block-image\">\n<figure class=\"aligncenter size-full\"><img loading=\"lazy\" decoding=\"async\" width=\"819\" height=\"378\" src=\"https:\/\/webvasco.com\/artigos\/wp-content\/uploads\/2024\/05\/Imagem10.jpg\" alt=\"\" class=\"wp-image-9575\" srcset=\"https:\/\/webvasco.com\/artigos\/wp-content\/uploads\/2024\/05\/Imagem10.jpg 819w, https:\/\/webvasco.com\/artigos\/wp-content\/uploads\/2024\/05\/Imagem10-300x138.jpg 300w, https:\/\/webvasco.com\/artigos\/wp-content\/uploads\/2024\/05\/Imagem10-150x69.jpg 150w, https:\/\/webvasco.com\/artigos\/wp-content\/uploads\/2024\/05\/Imagem10-768x354.jpg 768w\" sizes=\"auto, (max-width: 819px) 100vw, 819px\" \/><figcaption class=\"wp-element-caption\">Dr S\u00e9rgio Dias (Autor do Projeto do Novo Est\u00e1dio de SJ)\nFonte: C\u00e2mara Municipal do Rio de Janeiro \n<\/figcaption><\/figure>\n<\/div>\n\n\n<p><\/p>\n\n\n\n<p>&nbsp;&nbsp;&nbsp;&nbsp;&nbsp; Vamos a algumas imagens do Projeto de Amplia\u00e7\u00e3o\/Moderniza\u00e7\u00e3o de S\u00e3o Janu\u00e1rio, do Dr S\u00e9rgio Dias, referentes a sua Apresenta\u00e7\u00e3o, como Fonte de Imagens, a C\u00e2mara Municipal do Rio de Janeiro:<\/p>\n\n\n\n<figure class=\"wp-block-gallery has-nested-images columns-default is-cropped wp-block-gallery-1 is-layout-flex wp-block-gallery-is-layout-flex\">\n<figure class=\"wp-block-image size-large\"><a href=\"https:\/\/webvasco.com\/artigos\/wp-content\/uploads\/2024\/05\/Imagem11.jpg\"><img loading=\"lazy\" decoding=\"async\" width=\"581\" height=\"268\" data-id=\"9576\" src=\"https:\/\/webvasco.com\/artigos\/wp-content\/uploads\/2024\/05\/Imagem11.jpg\" alt=\"\" class=\"wp-image-9576\" srcset=\"https:\/\/webvasco.com\/artigos\/wp-content\/uploads\/2024\/05\/Imagem11.jpg 581w, https:\/\/webvasco.com\/artigos\/wp-content\/uploads\/2024\/05\/Imagem11-300x138.jpg 300w, https:\/\/webvasco.com\/artigos\/wp-content\/uploads\/2024\/05\/Imagem11-150x69.jpg 150w\" sizes=\"auto, (max-width: 581px) 100vw, 581px\" \/><\/a><\/figure>\n\n\n\n<figure class=\"wp-block-image size-large\"><a href=\"https:\/\/webvasco.com\/artigos\/wp-content\/uploads\/2024\/05\/Imagem12.jpg\"><img loading=\"lazy\" decoding=\"async\" width=\"557\" height=\"269\" data-id=\"9577\" src=\"https:\/\/webvasco.com\/artigos\/wp-content\/uploads\/2024\/05\/Imagem12.jpg\" alt=\"\" class=\"wp-image-9577\" srcset=\"https:\/\/webvasco.com\/artigos\/wp-content\/uploads\/2024\/05\/Imagem12.jpg 557w, https:\/\/webvasco.com\/artigos\/wp-content\/uploads\/2024\/05\/Imagem12-300x145.jpg 300w, https:\/\/webvasco.com\/artigos\/wp-content\/uploads\/2024\/05\/Imagem12-150x72.jpg 150w\" sizes=\"auto, (max-width: 557px) 100vw, 557px\" \/><\/a><\/figure>\n\n\n\n<figure class=\"wp-block-image size-large\"><a href=\"https:\/\/webvasco.com\/artigos\/wp-content\/uploads\/2024\/05\/Imagem13.jpg\"><img loading=\"lazy\" decoding=\"async\" width=\"578\" height=\"268\" data-id=\"9578\" src=\"https:\/\/webvasco.com\/artigos\/wp-content\/uploads\/2024\/05\/Imagem13.jpg\" alt=\"\" class=\"wp-image-9578\" srcset=\"https:\/\/webvasco.com\/artigos\/wp-content\/uploads\/2024\/05\/Imagem13.jpg 578w, https:\/\/webvasco.com\/artigos\/wp-content\/uploads\/2024\/05\/Imagem13-300x139.jpg 300w, https:\/\/webvasco.com\/artigos\/wp-content\/uploads\/2024\/05\/Imagem13-150x70.jpg 150w\" sizes=\"auto, (max-width: 578px) 100vw, 578px\" \/><\/a><\/figure>\n\n\n\n<figure class=\"wp-block-image size-large\"><a href=\"https:\/\/webvasco.com\/artigos\/wp-content\/uploads\/2024\/05\/Imagem14.jpg\"><img loading=\"lazy\" decoding=\"async\" width=\"551\" height=\"268\" data-id=\"9579\" src=\"https:\/\/webvasco.com\/artigos\/wp-content\/uploads\/2024\/05\/Imagem14.jpg\" alt=\"\" class=\"wp-image-9579\" srcset=\"https:\/\/webvasco.com\/artigos\/wp-content\/uploads\/2024\/05\/Imagem14.jpg 551w, https:\/\/webvasco.com\/artigos\/wp-content\/uploads\/2024\/05\/Imagem14-300x146.jpg 300w, https:\/\/webvasco.com\/artigos\/wp-content\/uploads\/2024\/05\/Imagem14-150x73.jpg 150w\" sizes=\"auto, (max-width: 551px) 100vw, 551px\" \/><\/a><\/figure>\n\n\n\n<figure class=\"wp-block-image size-large\"><a href=\"https:\/\/webvasco.com\/artigos\/wp-content\/uploads\/2024\/05\/Imagem15.jpg\"><img loading=\"lazy\" decoding=\"async\" width=\"578\" height=\"266\" data-id=\"9580\" src=\"https:\/\/webvasco.com\/artigos\/wp-content\/uploads\/2024\/05\/Imagem15.jpg\" alt=\"\" class=\"wp-image-9580\" srcset=\"https:\/\/webvasco.com\/artigos\/wp-content\/uploads\/2024\/05\/Imagem15.jpg 578w, https:\/\/webvasco.com\/artigos\/wp-content\/uploads\/2024\/05\/Imagem15-300x138.jpg 300w, https:\/\/webvasco.com\/artigos\/wp-content\/uploads\/2024\/05\/Imagem15-150x69.jpg 150w\" sizes=\"auto, (max-width: 578px) 100vw, 578px\" \/><\/a><\/figure>\n\n\n\n<figure class=\"wp-block-image size-large\"><a href=\"https:\/\/webvasco.com\/artigos\/wp-content\/uploads\/2024\/05\/Imagem16.jpg\"><img loading=\"lazy\" decoding=\"async\" width=\"556\" height=\"271\" data-id=\"9581\" src=\"https:\/\/webvasco.com\/artigos\/wp-content\/uploads\/2024\/05\/Imagem16.jpg\" alt=\"\" class=\"wp-image-9581\" srcset=\"https:\/\/webvasco.com\/artigos\/wp-content\/uploads\/2024\/05\/Imagem16.jpg 556w, https:\/\/webvasco.com\/artigos\/wp-content\/uploads\/2024\/05\/Imagem16-300x146.jpg 300w, https:\/\/webvasco.com\/artigos\/wp-content\/uploads\/2024\/05\/Imagem16-150x73.jpg 150w\" sizes=\"auto, (max-width: 556px) 100vw, 556px\" \/><\/a><\/figure>\n\n\n\n<figure class=\"wp-block-image size-large\"><a href=\"https:\/\/webvasco.com\/artigos\/wp-content\/uploads\/2024\/05\/Imagem17.jpg\"><img loading=\"lazy\" decoding=\"async\" width=\"584\" height=\"271\" data-id=\"9582\" src=\"https:\/\/webvasco.com\/artigos\/wp-content\/uploads\/2024\/05\/Imagem17.jpg\" alt=\"\" class=\"wp-image-9582\" srcset=\"https:\/\/webvasco.com\/artigos\/wp-content\/uploads\/2024\/05\/Imagem17.jpg 584w, https:\/\/webvasco.com\/artigos\/wp-content\/uploads\/2024\/05\/Imagem17-300x139.jpg 300w, https:\/\/webvasco.com\/artigos\/wp-content\/uploads\/2024\/05\/Imagem17-150x70.jpg 150w\" sizes=\"auto, (max-width: 584px) 100vw, 584px\" \/><\/a><\/figure>\n\n\n\n<figure class=\"wp-block-image size-medium\"><a href=\"https:\/\/webvasco.com\/artigos\/wp-content\/uploads\/2024\/05\/Imagem18.jpg\"><img loading=\"lazy\" decoding=\"async\" width=\"300\" height=\"146\" data-id=\"9583\" src=\"https:\/\/webvasco.com\/artigos\/wp-content\/uploads\/2024\/05\/Imagem18-300x146.jpg\" alt=\"\" class=\"wp-image-9583\" srcset=\"https:\/\/webvasco.com\/artigos\/wp-content\/uploads\/2024\/05\/Imagem18-300x146.jpg 300w, https:\/\/webvasco.com\/artigos\/wp-content\/uploads\/2024\/05\/Imagem18-150x73.jpg 150w, https:\/\/webvasco.com\/artigos\/wp-content\/uploads\/2024\/05\/Imagem18.jpg 551w\" sizes=\"auto, (max-width: 300px) 100vw, 300px\" \/><\/a><\/figure>\n\n\n\n<figure class=\"wp-block-image size-large\"><a href=\"https:\/\/webvasco.com\/artigos\/wp-content\/uploads\/2024\/05\/Imagem19.jpg\"><img loading=\"lazy\" decoding=\"async\" width=\"584\" height=\"276\" data-id=\"9584\" src=\"https:\/\/webvasco.com\/artigos\/wp-content\/uploads\/2024\/05\/Imagem19.jpg\" alt=\"\" class=\"wp-image-9584\" srcset=\"https:\/\/webvasco.com\/artigos\/wp-content\/uploads\/2024\/05\/Imagem19.jpg 584w, https:\/\/webvasco.com\/artigos\/wp-content\/uploads\/2024\/05\/Imagem19-300x142.jpg 300w, https:\/\/webvasco.com\/artigos\/wp-content\/uploads\/2024\/05\/Imagem19-150x71.jpg 150w\" sizes=\"auto, (max-width: 584px) 100vw, 584px\" \/><\/a><\/figure>\n\n\n\n<figure class=\"wp-block-image size-large\"><a href=\"https:\/\/webvasco.com\/artigos\/wp-content\/uploads\/2024\/05\/Imagem20.jpg\"><img loading=\"lazy\" decoding=\"async\" width=\"565\" height=\"281\" data-id=\"9585\" src=\"https:\/\/webvasco.com\/artigos\/wp-content\/uploads\/2024\/05\/Imagem20.jpg\" alt=\"\" class=\"wp-image-9585\" srcset=\"https:\/\/webvasco.com\/artigos\/wp-content\/uploads\/2024\/05\/Imagem20.jpg 565w, https:\/\/webvasco.com\/artigos\/wp-content\/uploads\/2024\/05\/Imagem20-300x149.jpg 300w, https:\/\/webvasco.com\/artigos\/wp-content\/uploads\/2024\/05\/Imagem20-150x75.jpg 150w\" sizes=\"auto, (max-width: 565px) 100vw, 565px\" \/><\/a><\/figure>\n\n\n\n<figure class=\"wp-block-image size-large\"><a href=\"https:\/\/webvasco.com\/artigos\/wp-content\/uploads\/2024\/05\/Imagem21.jpg\"><img loading=\"lazy\" decoding=\"async\" width=\"596\" height=\"277\" data-id=\"9586\" src=\"https:\/\/webvasco.com\/artigos\/wp-content\/uploads\/2024\/05\/Imagem21.jpg\" alt=\"\" class=\"wp-image-9586\" srcset=\"https:\/\/webvasco.com\/artigos\/wp-content\/uploads\/2024\/05\/Imagem21.jpg 596w, https:\/\/webvasco.com\/artigos\/wp-content\/uploads\/2024\/05\/Imagem21-300x139.jpg 300w, https:\/\/webvasco.com\/artigos\/wp-content\/uploads\/2024\/05\/Imagem21-150x70.jpg 150w\" sizes=\"auto, (max-width: 596px) 100vw, 596px\" \/><\/a><\/figure>\n\n\n\n<figure class=\"wp-block-image size-large\"><a href=\"https:\/\/webvasco.com\/artigos\/wp-content\/uploads\/2024\/05\/Imagem22.jpg\"><img loading=\"lazy\" decoding=\"async\" width=\"565\" height=\"286\" data-id=\"9587\" src=\"https:\/\/webvasco.com\/artigos\/wp-content\/uploads\/2024\/05\/Imagem22.jpg\" alt=\"\" class=\"wp-image-9587\" srcset=\"https:\/\/webvasco.com\/artigos\/wp-content\/uploads\/2024\/05\/Imagem22.jpg 565w, https:\/\/webvasco.com\/artigos\/wp-content\/uploads\/2024\/05\/Imagem22-300x152.jpg 300w, https:\/\/webvasco.com\/artigos\/wp-content\/uploads\/2024\/05\/Imagem22-150x76.jpg 150w\" sizes=\"auto, (max-width: 565px) 100vw, 565px\" \/><\/a><\/figure>\n\n\n\n<figure class=\"wp-block-image size-large\"><a href=\"https:\/\/webvasco.com\/artigos\/wp-content\/uploads\/2024\/05\/Imagem23.jpg\"><img loading=\"lazy\" decoding=\"async\" width=\"584\" height=\"269\" data-id=\"9588\" src=\"https:\/\/webvasco.com\/artigos\/wp-content\/uploads\/2024\/05\/Imagem23.jpg\" alt=\"\" class=\"wp-image-9588\" srcset=\"https:\/\/webvasco.com\/artigos\/wp-content\/uploads\/2024\/05\/Imagem23.jpg 584w, https:\/\/webvasco.com\/artigos\/wp-content\/uploads\/2024\/05\/Imagem23-300x138.jpg 300w, https:\/\/webvasco.com\/artigos\/wp-content\/uploads\/2024\/05\/Imagem23-150x69.jpg 150w\" sizes=\"auto, (max-width: 584px) 100vw, 584px\" \/><\/a><\/figure>\n\n\n\n<figure class=\"wp-block-image size-large\"><a href=\"https:\/\/webvasco.com\/artigos\/wp-content\/uploads\/2024\/05\/Imagem24.jpg\"><img loading=\"lazy\" decoding=\"async\" width=\"565\" height=\"271\" data-id=\"9589\" src=\"https:\/\/webvasco.com\/artigos\/wp-content\/uploads\/2024\/05\/Imagem24.jpg\" alt=\"\" class=\"wp-image-9589\" srcset=\"https:\/\/webvasco.com\/artigos\/wp-content\/uploads\/2024\/05\/Imagem24.jpg 565w, https:\/\/webvasco.com\/artigos\/wp-content\/uploads\/2024\/05\/Imagem24-300x144.jpg 300w, https:\/\/webvasco.com\/artigos\/wp-content\/uploads\/2024\/05\/Imagem24-150x72.jpg 150w\" sizes=\"auto, (max-width: 565px) 100vw, 565px\" \/><\/a><\/figure>\n<\/figure>\n\n\n\n<p><\/p>\n\n\n\n<p>&nbsp;&nbsp;&nbsp;&nbsp; Ap\u00f3s a Apresenta\u00e7\u00e3o do Projeto de Amplia\u00e7\u00e3o\/Moderniza\u00e7\u00e3o do Est\u00e1dio de S\u00e3o Janu\u00e1rio, pelo Dr S\u00e9rgio Dias, pertencente ao CRVG e que \u00e9 objeto desta Audi\u00eancia P\u00fablica, o Presidente da Assembl\u00e9ia, Vereador Eliseu Kessler, deu a palavra ao Presidente Vasca\u00edno, Sr Pedro Paulo de Oliveira (Pedrinho).<\/p>\n\n\n\n<p>&nbsp;&nbsp;&nbsp;&nbsp; O mesmo fez uma cronologia emocionada, da sua Hist\u00f3ria Futebol\u00edstica no Clube, onde hoje ocupa a Cadeira da Presid\u00eancia desta Institui\u00e7\u00e3o Esportiva, vitoriosa no Esporte e no Social, e que hoje v\u00ea o sonho da Reforma de S\u00e3o Janu\u00e1rio ser maturada e fact\u00edvel de sua realiza\u00e7\u00e3o, entre outros pronunciamentos.<\/p>\n\n\n<div class=\"wp-block-image\">\n<figure class=\"aligncenter size-full\"><img loading=\"lazy\" decoding=\"async\" width=\"835\" height=\"399\" src=\"https:\/\/webvasco.com\/artigos\/wp-content\/uploads\/2024\/05\/Imagem25.jpg\" alt=\"\" class=\"wp-image-9590\" srcset=\"https:\/\/webvasco.com\/artigos\/wp-content\/uploads\/2024\/05\/Imagem25.jpg 835w, https:\/\/webvasco.com\/artigos\/wp-content\/uploads\/2024\/05\/Imagem25-300x143.jpg 300w, https:\/\/webvasco.com\/artigos\/wp-content\/uploads\/2024\/05\/Imagem25-150x72.jpg 150w, https:\/\/webvasco.com\/artigos\/wp-content\/uploads\/2024\/05\/Imagem25-768x367.jpg 768w\" sizes=\"auto, (max-width: 835px) 100vw, 835px\" \/><figcaption class=\"wp-element-caption\">Presidente do CRVG, Pedro Paulo de Oliveira (Pedrinho)\nFonte: C\u00e2mara Municipal do Rio de Janeiro<\/figcaption><\/figure>\n<\/div>\n\n\n<p>&nbsp;&nbsp;&nbsp;&nbsp; A seguir, o Presidente da Assembl\u00e9ia P\u00fablica, Vereador Eliseu Kessler, franqueou a palavra aos Vereadores da mesa, come\u00e7ando pelo Vereador Alexandre Isquierdo, o qual proferiu palavras especiais sobre a Hist\u00f3ria do CRVG, assim como a sua torcida pelo Vasco da Gama e veio a ressaltar a import\u00e2ncia da Aprova\u00e7\u00e3o deste PLC, para que a obra da Reforma de S\u00e3o Janu\u00e1rio, venha a alavancar investimentos naquela regi\u00e3o da cidade do Rio de Janeiro.<\/p>\n\n\n<div class=\"wp-block-image\">\n<figure class=\"aligncenter size-full\"><img loading=\"lazy\" decoding=\"async\" width=\"834\" height=\"385\" src=\"https:\/\/webvasco.com\/artigos\/wp-content\/uploads\/2024\/05\/Imagem26.jpg\" alt=\"\" class=\"wp-image-9591\" srcset=\"https:\/\/webvasco.com\/artigos\/wp-content\/uploads\/2024\/05\/Imagem26.jpg 834w, https:\/\/webvasco.com\/artigos\/wp-content\/uploads\/2024\/05\/Imagem26-300x138.jpg 300w, https:\/\/webvasco.com\/artigos\/wp-content\/uploads\/2024\/05\/Imagem26-150x69.jpg 150w, https:\/\/webvasco.com\/artigos\/wp-content\/uploads\/2024\/05\/Imagem26-768x355.jpg 768w\" sizes=\"auto, (max-width: 834px) 100vw, 834px\" \/><figcaption class=\"wp-element-caption\">Vereador Alexandre Isquierdo (Uni\u00e3o Brasil)\nFonte: C\u00e2mara Municipal do Rio de Janeiro<\/figcaption><\/figure>\n<\/div>\n\n\n<p><\/p>\n\n\n\n<p>&nbsp;&nbsp;&nbsp;&nbsp; Dando continuidade a palavra, dada aos Vereadores, foi a vez do Vereador Zico proferir um pouco da sua hist\u00f3ria, como torcedor Vasca\u00edno e debateu, para os presentes, sobre uma Nova Hist\u00f3ria que se iniciar\u00e1 na regi\u00e3o, com a Amplia\u00e7\u00e3o\/Moderniza\u00e7\u00e3o do Est\u00e1dio do Vasco da Gama (S\u00e3o Janu\u00e1rio) com a Aprova\u00e7\u00e3o deste PLC.<\/p>\n\n\n<div class=\"wp-block-image\">\n<figure class=\"aligncenter size-full\"><img loading=\"lazy\" decoding=\"async\" width=\"853\" height=\"394\" src=\"https:\/\/webvasco.com\/artigos\/wp-content\/uploads\/2024\/05\/Imagem27.jpg\" alt=\"\" class=\"wp-image-9592\" srcset=\"https:\/\/webvasco.com\/artigos\/wp-content\/uploads\/2024\/05\/Imagem27.jpg 853w, https:\/\/webvasco.com\/artigos\/wp-content\/uploads\/2024\/05\/Imagem27-300x139.jpg 300w, https:\/\/webvasco.com\/artigos\/wp-content\/uploads\/2024\/05\/Imagem27-150x69.jpg 150w, https:\/\/webvasco.com\/artigos\/wp-content\/uploads\/2024\/05\/Imagem27-768x355.jpg 768w\" sizes=\"auto, (max-width: 853px) 100vw, 853px\" \/><figcaption class=\"wp-element-caption\">Vereador Zico (PSD), Presidente da Comiss\u00e3o de Esportes e Lazer\nFonte: C\u00e2mara Municipal do Rio de Janeiro\n<\/figcaption><\/figure>\n<\/div>\n\n\n<p><\/p>\n\n\n\n<p>&nbsp;&nbsp;&nbsp;&nbsp; Dando sequ\u00eancia, foi a vez da Vereadora Teresa Bergher proferir que o projeto do Dr S\u00e9rgio Dias \u00e9 maravilhoso e fez alguns questionamentos ao Sub Secret\u00e1rio Executivo, da Secretaria Municipal de Desenvolvimento Urbano e Econ\u00f4mico (SMDU), Sr Tiago Dias e ao Secret\u00e1rio Municipal de Coordena\u00e7\u00e3o Governamental, Sr Jorge Arraes, os quais responderam tais questionamentos e afirmaram, que as quest\u00f5es que possam haver quaisquer tipos de diverg\u00eancias, ser\u00e3o esclarecidas e adequadas as suas diretrizes, neste PLC.<\/p>\n\n\n<div class=\"wp-block-image\">\n<figure class=\"aligncenter size-full\"><img loading=\"lazy\" decoding=\"async\" width=\"852\" height=\"394\" src=\"https:\/\/webvasco.com\/artigos\/wp-content\/uploads\/2024\/05\/Imagem28.jpg\" alt=\"\" class=\"wp-image-9593\" srcset=\"https:\/\/webvasco.com\/artigos\/wp-content\/uploads\/2024\/05\/Imagem28.jpg 852w, https:\/\/webvasco.com\/artigos\/wp-content\/uploads\/2024\/05\/Imagem28-300x139.jpg 300w, https:\/\/webvasco.com\/artigos\/wp-content\/uploads\/2024\/05\/Imagem28-150x69.jpg 150w, https:\/\/webvasco.com\/artigos\/wp-content\/uploads\/2024\/05\/Imagem28-768x355.jpg 768w\" sizes=\"auto, (max-width: 852px) 100vw, 852px\" \/><figcaption class=\"wp-element-caption\">Vereadora Teresa Bergher (Cidadania), Vice Presidente da Comiss\u00e3o de Assuntos Urbanos\nFonte: C\u00e2mara Municipal do Rio de Janeiro<\/figcaption><\/figure>\n<\/div>\n\n\n<p><\/p>\n\n\n\n<p>&nbsp;&nbsp;&nbsp;&nbsp; A seguir, proferiu o vereador Pedro Duarte, tamb\u00e9m Vasca\u00edno, na Tribuna do Plen\u00e1rio, sobre a necessidade do Poder P\u00fablico, concomitante a obra de Amplia\u00e7\u00e3o\/Moderniza\u00e7\u00e3o do est\u00e1dio de S\u00e3o Janu\u00e1rio, propor a se prever uma Verba Or\u00e7ament\u00e1ria, neste PLC, de modo a servir de melhorias pontuais ao Entorno, principalmente na Acessibilidade e na Mobilidade Urbana.<\/p>\n\n\n\n<p>&nbsp;&nbsp;&nbsp;&nbsp; Pois a Verba destinada ao CRVG, sendo Aprovado este Projeto de Lei Complementar (PLC), atrav\u00e9s da Comercializa\u00e7\u00e3o do seu Potencial Construtivo, s\u00f3 ser\u00e1 suficiente bancar a obra do Est\u00e1dio e n\u00e3o a da infra estrutura do Entorno, pois isso \u00e9 uma Al\u00e7ada do Poder P\u00fablico e que tal questionamento, seja esclarecido e adequado nas diretrizes deste PLC.<\/p>\n\n\n\n<p>&nbsp;&nbsp;&nbsp;&nbsp; O Vereador tamb\u00e9m proferiu o fato de que toda a Opera\u00e7\u00e3o Consorciada, se prev\u00ea formar um Conselho, o qual ir\u00e1 assistir o Desenvolvimento das Obras, onde ir\u00e1 se compor um Cidad\u00e3o Local (Morador ou Comerciante), para poder acompanhar tais Obras. O Vereador prop\u00f4s, que pudessem ser os dois, no caso um Morador(a) e mais um(a) Comerciante. Este Parlamentar sugeriu id\u00e9ias para o PLC, aos Vereadores e&nbsp; tamb\u00e9m \u00e0s duas Autoridades Municipais, que justificaram os questionamentos da Vereadora Teresa Bergher.<\/p>\n\n\n<div class=\"wp-block-image\">\n<figure class=\"aligncenter size-full\"><img loading=\"lazy\" decoding=\"async\" width=\"689\" height=\"318\" src=\"https:\/\/webvasco.com\/artigos\/wp-content\/uploads\/2024\/05\/Imagem29.jpg\" alt=\"\" class=\"wp-image-9594\" srcset=\"https:\/\/webvasco.com\/artigos\/wp-content\/uploads\/2024\/05\/Imagem29.jpg 689w, https:\/\/webvasco.com\/artigos\/wp-content\/uploads\/2024\/05\/Imagem29-300x138.jpg 300w, https:\/\/webvasco.com\/artigos\/wp-content\/uploads\/2024\/05\/Imagem29-150x69.jpg 150w\" sizes=\"auto, (max-width: 689px) 100vw, 689px\" \/><figcaption class=\"wp-element-caption\">Vereador Pedro Duarte (Novo)\nFonte: C\u00e2mara Municipal do Rio de Janeiro\n<\/figcaption><\/figure>\n<\/div>\n\n\n<p><\/p>\n\n\n\n<p>&nbsp;&nbsp;&nbsp;&nbsp;&nbsp; Foi a vez do 2\u00ba Vice Presidente do CRVG, Dr Renato Brito, subir a Tribuna, onde ele proferiu que o Est\u00e1dio do Vasco da Gama \u00e9 do Clube Associativo e n\u00e3o da SAF, e que proferiu tamb\u00e9m alguns Pontos e Contra Pontos Jur\u00eddicos, de modo a&nbsp; n\u00e3o haverem diverg\u00eancias, que possam atrapalhar e atrasar a Aprova\u00e7\u00e3o deste PLC.<\/p>\n\n\n<div class=\"wp-block-image\">\n<figure class=\"aligncenter size-full\"><img loading=\"lazy\" decoding=\"async\" width=\"698\" height=\"322\" src=\"https:\/\/webvasco.com\/artigos\/wp-content\/uploads\/2024\/05\/Imagem30.jpg\" alt=\"\" class=\"wp-image-9595\" srcset=\"https:\/\/webvasco.com\/artigos\/wp-content\/uploads\/2024\/05\/Imagem30.jpg 698w, https:\/\/webvasco.com\/artigos\/wp-content\/uploads\/2024\/05\/Imagem30-300x138.jpg 300w, https:\/\/webvasco.com\/artigos\/wp-content\/uploads\/2024\/05\/Imagem30-150x69.jpg 150w\" sizes=\"auto, (max-width: 698px) 100vw, 698px\" \/><figcaption class=\"wp-element-caption\">2\u00ba Vice Presidente do CRVG, Dr Renato Brito\nFonte: C\u00e2mara Municipal do Rio de Janeiro\n<\/figcaption><\/figure>\n<\/div>\n\n\n<p><\/p>\n\n\n\n<p>&nbsp;&nbsp;&nbsp;&nbsp; A seguir, foi a vez do Vereador Dr Paulo Pinheiro (PSOL) falar ao P\u00fablico, de maneira virtual, onde contou suas passagens Juvenis, como Vasca\u00edno. O mesmo colocou que esta obra ir\u00e1 alavancar Benfeitorias na Regi\u00e3o.<\/p>\n\n\n\n<p>&nbsp;&nbsp;&nbsp;&nbsp; Ele fez um alerta, de que tal regi\u00e3o precisa de investimentos p\u00fablicos para o local, corroborando com a fala do seu colega Parlamentar, Vereador Pedro Duarte, assim como a fala da tamb\u00e9m sua colega Parlamentar, Vereadora Teresa Bergher, no tocante aos questionamentos de ambos, onde o&nbsp; Sub Secret\u00e1rio Municipal da SMDU e o Secret\u00e1rio Municipal de Coordena\u00e7\u00e3o Governamental, os mesmos se posicionaram de que as quest\u00f5es que precisem de diretrizes, ser\u00e3o esclarecidas e adequadas neste PLC , atrav\u00e9s das Comiss\u00f5es ap\u00f3s as audi\u00eancias Publicas, antes da Vota\u00e7\u00e3o do \u201cPotencial Construtivo\u201d na C\u00e2mara Municipal.<\/p>\n\n\n<div class=\"wp-block-image\">\n<figure class=\"aligncenter size-full\"><img loading=\"lazy\" decoding=\"async\" width=\"699\" height=\"323\" src=\"https:\/\/webvasco.com\/artigos\/wp-content\/uploads\/2024\/05\/Imagem31.jpg\" alt=\"\" class=\"wp-image-9596\" srcset=\"https:\/\/webvasco.com\/artigos\/wp-content\/uploads\/2024\/05\/Imagem31.jpg 699w, https:\/\/webvasco.com\/artigos\/wp-content\/uploads\/2024\/05\/Imagem31-300x139.jpg 300w, https:\/\/webvasco.com\/artigos\/wp-content\/uploads\/2024\/05\/Imagem31-150x69.jpg 150w\" sizes=\"auto, (max-width: 699px) 100vw, 699px\" \/><figcaption class=\"wp-element-caption\">Vereador, Dr Paulo Pinheiro (PSOL)\nFonte: C\u00e2mara Municipal do Rio de Janeiro\n<\/figcaption><\/figure>\n<\/div>\n\n\n<p><\/p>\n\n\n\n<p>&nbsp;&nbsp;&nbsp;&nbsp;&nbsp; Continuando a Assembl\u00e9ia, discursou na Tribuna, o Presidente da C\u00e2mara Municipal do Rio de Janeiro, Vereador Carlo Caiado, onde o mesmo proferiu que \u00e9 torcedor do Fluminense e que v\u00ea neste Prop\u00f3sito, deste PLC (Projeto de Lei Complementar), uma oportunidade de gerar Economia, tanto na regi\u00e3o, quanto na Cidade. Deu um Bom dia Especial aos Vereadores, a Diretoria do CRVG, ao P\u00fablico Presente. Ele tamb\u00e9m discursou a import\u00e2ncia de um bom relacionamento entre o Poder Executivo (Prefeitura) com o Legislativo (C\u00e2mara Municipal), no intuito de promoverem o melhor para o Rio de Janeiro e que este PLC, ter\u00e1 uma Comiss\u00e3o T\u00e9cnica com Vereadores e T\u00e9cnicos, no sentido de aprofundarem mais este prop\u00f3sito e adequar Resolu\u00e7\u00f5es e Emendas necess\u00e1rias, previstas em Leis Municipais, para que este PLC avance.<\/p>\n\n\n\n<p>&nbsp;&nbsp;&nbsp;&nbsp; O Vereador recebeu a resposta do Presidente do CRVG, Pedrinho, de que o Est\u00e1dio de S\u00e3o Janu\u00e1rio \u00e9 de Propriedade do CRVG Associativo. Terminando, o mesmo deu novamente o seu &nbsp;bom dia a todos.<\/p>\n\n\n<div class=\"wp-block-image\">\n<figure class=\"aligncenter size-full\"><img loading=\"lazy\" decoding=\"async\" width=\"698\" height=\"322\" src=\"https:\/\/webvasco.com\/artigos\/wp-content\/uploads\/2024\/05\/Imagem32.jpg\" alt=\"\" class=\"wp-image-9597\" srcset=\"https:\/\/webvasco.com\/artigos\/wp-content\/uploads\/2024\/05\/Imagem32.jpg 698w, https:\/\/webvasco.com\/artigos\/wp-content\/uploads\/2024\/05\/Imagem32-300x138.jpg 300w, https:\/\/webvasco.com\/artigos\/wp-content\/uploads\/2024\/05\/Imagem32-150x69.jpg 150w\" sizes=\"auto, (max-width: 698px) 100vw, 698px\" \/><figcaption class=\"wp-element-caption\">Vereador Carlo Caiado (PSD),  Presidente da C\u00e2mara Municipal do Rio de Janeiro<br \/>Fonte: C\u00e2mara Municipal do Rio de Janeiro<br \/><\/figcaption><\/figure>\n<\/div>\n\n\n<p><\/p>\n\n\n\n<p>&nbsp;&nbsp;&nbsp;&nbsp; Posteriormente ao Presidente da C\u00e2mara, foi dada a palavra a Sra V\u00e2nia Rodrigues, Presidente da Associa\u00e7\u00e3o de Moradores da Barreira do Vasco, onde a mesma contou parte de sua juventude na Comunidade e que a sua M\u00e3e contava, naquela \u00e9poca, que \u201cS\u00e3o Janu\u00e1rio era o quintal de sua casa\u201d, tamanha afinidade decorrente da intera\u00e7\u00e3o hist\u00f3rica, com o CRVG e a sua torcida, tanto nos bons momentos, quanto nas dificuldades.<\/p>\n\n\n\n<p>&nbsp;&nbsp;&nbsp;&nbsp;&nbsp; A mesma mostrou toda a sua energia em defender a sua comunidade, assim como de lutar conjuntamente com o Vasco da Gama, para que a obra da Reforma de S\u00e3o Janu\u00e1rio possa \u201csair do papel\u201d!<\/p>\n\n\n\n<p>&nbsp;&nbsp;&nbsp;&nbsp; Ela tamb\u00e9m agradeceu ao Vasco da Gama, por aproveitar a m\u00e3o de obra de profissionais da pr\u00f3pria Barreira do Vasco, os quais ir\u00e3o trabalhar nesta obra &nbsp;e terminou o seu discurso, sob um n\u00famero emblem\u00e1tico de aplausos, acreditando muito nos Investimentos locais, que ser\u00e3o proporcionados com a Reforma do Est\u00e1dio de S\u00e3o Janu\u00e1rio.<\/p>\n\n\n<div class=\"wp-block-image\">\n<figure class=\"aligncenter size-full\"><img loading=\"lazy\" decoding=\"async\" width=\"745\" height=\"344\" src=\"https:\/\/webvasco.com\/artigos\/wp-content\/uploads\/2024\/05\/Imagem33.jpg\" alt=\"\" class=\"wp-image-9598\" srcset=\"https:\/\/webvasco.com\/artigos\/wp-content\/uploads\/2024\/05\/Imagem33.jpg 745w, https:\/\/webvasco.com\/artigos\/wp-content\/uploads\/2024\/05\/Imagem33-300x139.jpg 300w, https:\/\/webvasco.com\/artigos\/wp-content\/uploads\/2024\/05\/Imagem33-150x69.jpg 150w\" sizes=\"auto, (max-width: 745px) 100vw, 745px\" \/><figcaption class=\"wp-element-caption\">Sra V\u00e2nia Rodrigues, Presidente da Associa\u00e7\u00e3o de Moradores da Barreira do Vasco<br \/>Fonte: C\u00e2mara Municipal do Rio de Janeiro<br \/><\/figcaption><\/figure>\n<\/div>\n\n\n<p><\/p>\n\n\n\n<p>&nbsp;&nbsp;&nbsp;&nbsp; A seguir, discursou o Engenheiro Civil, Dr Marcelo Paiva, representando o Grupo Volunt\u00e1rio pela Revitaliza\u00e7\u00e3o do Entorno de S\u00e3o Janu\u00e1rio, saudando os Vereadores, a Diretoria do CRVG e a todos os presentes. Proferiu o&nbsp; trabalho de excel\u00eancia do seu grupo ao longo dos seus 13 anos de exist\u00eancia, sempre interagindo com Autoridades P\u00fablicas e Dirigentes do CRVG, de modo a maturar a Revitaliza\u00e7\u00e3o do Entorno daquele Est\u00e1dio, visando a Acessibilidade e a Mobilidade Urbana, para quando a Reforma de S\u00e3o Janu\u00e1rio ocorrer, possa ser feita a contento.<\/p>\n\n\n\n<p>&nbsp;&nbsp;&nbsp;&nbsp; O Abaixo Assinado, de 10.313 Assinaturas, entregue a Prefeitura do Rio de Janeiro, na \u00e9poca anterior a Olimp\u00edada de 2016, reivindicando a Revitaliza\u00e7\u00e3o daquela \u00e1rea, deu o \u201cestribo\u201d necess\u00e1rio para a representatividade colaborativa deste grupo.<\/p>\n\n\n\n<p>&nbsp;&nbsp;&nbsp;&nbsp; Ele tamb\u00e9m citou o Potencial de Investimentos, que ser\u00e3o realizados naquela regi\u00e3o e na pr\u00f3pria cidade, como: Educa\u00e7\u00e3o, Sa\u00fade, Transporte, Cultura, Lazer, entre outros, principalmente com a gera\u00e7\u00e3o de empregos diretos e indiretos, na Constru\u00e7\u00e3o Civil.<\/p>\n\n\n\n<p>&nbsp;&nbsp;&nbsp;&nbsp; Seu discurso t\u00e9cnico terminou com o seu agradecimento, pela aten\u00e7\u00e3o de todos e pediu que \u201cDeus Aben\u00e7oasse a todos os presentes\u201d!<\/p>\n\n\n<div class=\"wp-block-image\">\n<figure class=\"aligncenter size-full\"><img loading=\"lazy\" decoding=\"async\" width=\"719\" height=\"332\" src=\"https:\/\/webvasco.com\/artigos\/wp-content\/uploads\/2024\/05\/Imagem34.jpg\" alt=\"\" class=\"wp-image-9599\" srcset=\"https:\/\/webvasco.com\/artigos\/wp-content\/uploads\/2024\/05\/Imagem34.jpg 719w, https:\/\/webvasco.com\/artigos\/wp-content\/uploads\/2024\/05\/Imagem34-300x139.jpg 300w, https:\/\/webvasco.com\/artigos\/wp-content\/uploads\/2024\/05\/Imagem34-150x69.jpg 150w\" sizes=\"auto, (max-width: 719px) 100vw, 719px\" \/><figcaption class=\"wp-element-caption\">Engenheiro Civil, Dr Marcelo Paiva, representando o Grupo Volunt\u00e1rio pela Revitaliza\u00e7\u00e3o do Entorno de S\u00e3o Janu\u00e1rio<br \/>Fonte: C\u00e2mara Municipal do Rio de Janeiro<br \/><\/figcaption><\/figure>\n<\/div>\n\n\n<p><\/p>\n\n\n<div class=\"wp-block-image\">\n<figure class=\"aligncenter size-full\"><img loading=\"lazy\" decoding=\"async\" width=\"742\" height=\"343\" src=\"https:\/\/webvasco.com\/artigos\/wp-content\/uploads\/2024\/05\/Imagem35.jpg\" alt=\"\" class=\"wp-image-9600\" srcset=\"https:\/\/webvasco.com\/artigos\/wp-content\/uploads\/2024\/05\/Imagem35.jpg 742w, https:\/\/webvasco.com\/artigos\/wp-content\/uploads\/2024\/05\/Imagem35-300x139.jpg 300w, https:\/\/webvasco.com\/artigos\/wp-content\/uploads\/2024\/05\/Imagem35-150x69.jpg 150w\" sizes=\"auto, (max-width: 742px) 100vw, 742px\" \/><figcaption class=\"wp-element-caption\">Torcedores do Vasco da Gama presentes na C\u00e2mara Municipal do Rio de Janeiro<br \/>Fonte: C\u00e2mara Municipal do Rio de Janeiro<br \/><\/figcaption><\/figure>\n<\/div>\n\n\n<p><\/p>\n\n\n\n<p>&nbsp;&nbsp;&nbsp;&nbsp;&nbsp; Dando continuidade, a palavra passou para o Sr Marcelo Rocha, representando a Associa\u00e7\u00e3o das Torcidas Organizadas do Vasco da Gama (ASTOVAS), iniciando os Parab\u00e9ns ao Presidente do CRVG, Pedrinho, por n\u00e3o ter prometido nada de imposs\u00edvel, durante a sua campanha eleitoral.<\/p>\n\n\n\n<p>&nbsp;&nbsp;&nbsp;&nbsp;&nbsp; Ele lembrou tamb\u00e9m do epis\u00f3dio negativo ocorrido no ano passado, referente a rigorosidade excessiva das Autoridades, em deixar o Est\u00e1dio fechado por quase 90 dias, n\u00e3o somente prejudicando o Clube, mas tamb\u00e9m os Moradores da Regi\u00e3o, que dependem dos Jogos do Vasco da Gama, para ganharem o sustento das suas fam\u00edlias, com o trabalho informal.<\/p>\n\n\n\n<p>&nbsp;&nbsp;&nbsp;&nbsp; Por \u00faltimo, o Presidente da ASTOVAS, Sr Marcelo Rocha, agradeceu ao Pedrinho, pelo empenho em querer ampliar S\u00e3o Janu\u00e1rio, assim como assumiu o compromisso, com a Sra V\u00e2nia Rodrigues (Associa\u00e7\u00e3o de Moradores da Barreira do Vasco) de que quando o Vasco da Gama realizar partidas fora de casa, ir\u00e3o ser realizados eventos, com as torcidas do Vasco, para juntos na porta de SJ movimentarem os com\u00e9rcios formais e informais da regi\u00e3o.<\/p>\n\n\n<div class=\"wp-block-image\">\n<figure class=\"aligncenter size-full\"><img loading=\"lazy\" decoding=\"async\" width=\"760\" height=\"351\" src=\"https:\/\/webvasco.com\/artigos\/wp-content\/uploads\/2024\/05\/Imagem36.jpg\" alt=\"\" class=\"wp-image-9601\" srcset=\"https:\/\/webvasco.com\/artigos\/wp-content\/uploads\/2024\/05\/Imagem36.jpg 760w, https:\/\/webvasco.com\/artigos\/wp-content\/uploads\/2024\/05\/Imagem36-300x139.jpg 300w, https:\/\/webvasco.com\/artigos\/wp-content\/uploads\/2024\/05\/Imagem36-150x69.jpg 150w\" sizes=\"auto, (max-width: 760px) 100vw, 760px\" \/><figcaption class=\"wp-element-caption\">Sr Marcelo Rocha, Presidente das torcidas Organizadas do Vasco da Gama (ASTOVAS)<br \/>Fonte: C\u00e2mara Municipal do Rio de Janeiro<br \/><\/figcaption><\/figure>\n<\/div>\n\n\n<p><\/p>\n\n\n\n<p>&nbsp;&nbsp;&nbsp;&nbsp; Fechando as palavras dadas ao P\u00fablico, na Tribuna, o Sr Vin\u00edcius Moura, Vice Presidente das ASTOVAS proferiu a honra de poder estar no plen\u00e1rio, defendendo a Obra de Amplia\u00e7\u00e3o de S\u00e3o Janu\u00e1rio, por j\u00e1 estar pequeno para o tamanho da nossa torcida. O mesmo fez uma cr\u00edtica, pela \u201cexclus\u00e3o\u201d do Vasco na Licita\u00e7\u00e3o do Maracan\u00e3.<\/p>\n\n\n\n<p>&nbsp;&nbsp;&nbsp;&nbsp; Ele enfatizou a considera\u00e7\u00e3o do Clube em prestigiar o torcedor popular, ao contr\u00e1rio da \u201cElitiza\u00e7\u00e3o\u201d dos novos Est\u00e1dios Brasileiros, onde ser\u00e3o destinados quase 70% de Setores Populares, mantendo o aspecto de \u201cCaldeir\u00e3o\u201d!<\/p>\n\n\n<div class=\"wp-block-image\">\n<figure class=\"aligncenter size-full\"><img loading=\"lazy\" decoding=\"async\" width=\"760\" height=\"351\" src=\"https:\/\/webvasco.com\/artigos\/wp-content\/uploads\/2024\/05\/Imagem37.jpg\" alt=\"\" class=\"wp-image-9602\" srcset=\"https:\/\/webvasco.com\/artigos\/wp-content\/uploads\/2024\/05\/Imagem37.jpg 760w, https:\/\/webvasco.com\/artigos\/wp-content\/uploads\/2024\/05\/Imagem37-300x139.jpg 300w, https:\/\/webvasco.com\/artigos\/wp-content\/uploads\/2024\/05\/Imagem37-150x69.jpg 150w\" sizes=\"auto, (max-width: 760px) 100vw, 760px\" \/><figcaption class=\"wp-element-caption\">Vice Presidente das ASTOVAS, Sr Vin\u00edcius Moura\nFonte: C\u00e2mara Municipal do Rio de Janeiro\n<\/figcaption><\/figure>\n<\/div>\n\n\n<p><\/p>\n\n\n\n<p>&nbsp;&nbsp;&nbsp;&nbsp; O Presidente da Assembl\u00e9ia, Vereador Eliseu Klesser, ao final das Considera\u00e7\u00f5es feitas na Tribuna, perguntou a mesa se algu\u00e9m desejaria fazer alguma Considera\u00e7\u00e3o Final? Sendo assim, o Vereador Alexandre Isquierdo sugeriu ao Presidente do CRVG, para que puxasse o Grito de Guerra Vasca\u00edno, o Tradicional \u201cCasaca\u201d!<\/p>\n\n\n\n<p>&nbsp;&nbsp;&nbsp;&nbsp;&nbsp; Prontamente todos os presentes ficaram de p\u00e9 e entoaram o \u201cCasaca\u201d!<\/p>\n\n\n\n<p>&nbsp;&nbsp;&nbsp;&nbsp;&nbsp; Nada mais a ser feito, o Presidente da 1\u00aa Assembl\u00e9ia P\u00fablica agradeceu a presen\u00e7a de todos e declarou a mesma encerrada.<\/p>\n\n\n\n<p>&nbsp;&nbsp;&nbsp;&nbsp;&nbsp; <strong>Segue abaixo o v\u00eddeo contendo a Audi\u00eancia P\u00fablica completa<\/strong> (avance at\u00e9 o minuto 05:27, pois nesse intervalo a TV da C\u00e2mara Municipal do Rio de Janeiro manteve um trecho de um programa que estava passando antes de se iniciar a Audi\u00eancia P\u00fablica).<\/p>\n\n\n\n<p>&nbsp;&nbsp;&nbsp;&nbsp;&nbsp; Por hora \u00e9 isto e que o sonho de termos um Est\u00e1dio Reformado e Ampliado, tenha se iniciado nesta Audi\u00eancia P\u00fablica do \u201cPotencial Construtivo\u201d, onde a Convic\u00e7\u00e3o de se realizar este nobre prop\u00f3sito, est\u00e1 pr\u00f3ximo de virar uma realidade, pelo que foi observado nesta Audi\u00eancia.<\/p>\n\n\n\n<p>&nbsp;&nbsp;&nbsp;&nbsp; Assim seja e que Deus Aben\u00e7oe a todos n\u00f3s!<\/p>\n\n\n\n<p>&nbsp;&nbsp;&nbsp;&nbsp; Sauda\u00e7\u00f5es Vasca\u00ednas!<\/p>\n\n\n\n<p><\/p>\n\n\n\n<figure class=\"wp-block-embed is-type-video is-provider-youtube wp-block-embed-youtube wp-embed-aspect-16-9 wp-has-aspect-ratio\"><div class=\"wp-block-embed__wrapper\">\n<iframe loading=\"lazy\" title=\"Audi\u00eancia P\u00fablica sobre o PLC que institui Opera\u00e7\u00e3o Urbana Consorciada de S\u00e3o Janu\u00e1rio - 15.05.2024\" width=\"640\" height=\"360\" src=\"https:\/\/www.youtube.com\/embed\/GM226bYpZsQ?feature=oembed\" frameborder=\"0\" allow=\"accelerometer; autoplay; clipboard-write; encrypted-media; gyroscope; picture-in-picture; web-share\" referrerpolicy=\"strict-origin-when-cross-origin\" allowfullscreen><\/iframe>\n<\/div><\/figure>\n\n\n\n<p><\/p>\n","protected":false},"excerpt":{"rendered":"<p>Caros Amigos Vasca\u00ednos! &nbsp;&nbsp;&nbsp;&nbsp; Em virtude dos \u00faltimos acontecimentos noticiados, abundantemente pela Imprensa, entre o&#8230;<\/p>\n","protected":false},"author":3,"featured_media":9567,"comment_status":"open","ping_status":"closed","sticky":false,"template":"","format":"standard","meta":{"footnotes":""},"categories":[16],"tags":[],"class_list":["post-9565","post","type-post","status-publish","format-standard","has-post-thumbnail","hentry","category-marcelopaiva"],"_links":{"self":[{"href":"https:\/\/webvasco.com\/artigos\/wp-json\/wp\/v2\/posts\/9565","targetHints":{"allow":["GET"]}}],"collection":[{"href":"https:\/\/webvasco.com\/artigos\/wp-json\/wp\/v2\/posts"}],"about":[{"href":"https:\/\/webvasco.com\/artigos\/wp-json\/wp\/v2\/types\/post"}],"author":[{"embeddable":true,"href":"https:\/\/webvasco.com\/artigos\/wp-json\/wp\/v2\/users\/3"}],"replies":[{"embeddable":true,"href":"https:\/\/webvasco.com\/artigos\/wp-json\/wp\/v2\/comments?post=9565"}],"version-history":[{"count":6,"href":"https:\/\/webvasco.com\/artigos\/wp-json\/wp\/v2\/posts\/9565\/revisions"}],"predecessor-version":[{"id":9612,"href":"https:\/\/webvasco.com\/artigos\/wp-json\/wp\/v2\/posts\/9565\/revisions\/9612"}],"wp:featuredmedia":[{"embeddable":true,"href":"https:\/\/webvasco.com\/artigos\/wp-json\/wp\/v2\/media\/9567"}],"wp:attachment":[{"href":"https:\/\/webvasco.com\/artigos\/wp-json\/wp\/v2\/media?parent=9565"}],"wp:term":[{"taxonomy":"category","embeddable":true,"href":"https:\/\/webvasco.com\/artigos\/wp-json\/wp\/v2\/categories?post=9565"},{"taxonomy":"post_tag","embeddable":true,"href":"https:\/\/webvasco.com\/artigos\/wp-json\/wp\/v2\/tags?post=9565"}],"curies":[{"name":"wp","href":"https:\/\/api.w.org\/{rel}","templated":true}]}}