{"id":957,"date":"2014-10-20T12:32:02","date_gmt":"2014-10-20T15:32:02","guid":{"rendered":"http:\/\/webvasco.com\/artigos\/?p=957"},"modified":"2014-10-20T12:40:03","modified_gmt":"2014-10-20T15:40:03","slug":"veja-o-que-rolou-na-estreia-do-programa-vasco-de-norte-a-sul-no-canal-web-tv-da-colina-no-youtube","status":"publish","type":"post","link":"https:\/\/webvasco.com\/artigos\/colunistas\/veja-o-que-rolou-na-estreia-do-programa-vasco-de-norte-a-sul-no-canal-web-tv-da-colina-no-youtube\/","title":{"rendered":"Veja o que rolou na estreia do programa &quot;Vasc&atilde;o de norte a sul&quot;, no canal Web TV da Colina, no Youtube!"},"content":{"rendered":"<div dir=\"ltr\">\n<p style=\"margin:6px 0px;color:rgb(20,24,35);font-family:Helvetica,Arial,&#39;lucida grande&#39;,tahoma,verdana,arial,sans-serif;font-size:14px;line-height:19.3199996948242px\">Na estreia do programa <b>Vasc\u00e3o de norte a sul<\/b>, \u00a0nosso convidado especial foi o treinador de futebol e diretor executivo <b>Leonardo Vitorino<\/b>, e que ir\u00e1 trabalhar a partir de novembro nessa \u00faltima fun\u00e7\u00e3o em um clube do futebol tailand\u00eas.<\/p>\n<p style=\"margin:6px 0px;color:rgb(20,24,35);font-family:Helvetica,Arial,&#39;lucida grande&#39;,tahoma,verdana,arial,sans-serif;font-size:14px;line-height:19.3199996948242px\">O programa <b>Vasc\u00e3o de norte a sul<\/b>\u00a0\u00e9 transmitido diretamente do canal <b>Web TV da Colina<\/b> (<a href=\"https:\/\/www.youtube.com\/channel\/UCoYrTlO6psaxRQ7aDHay-8Q\" target=\"_blank\" rel=\"nofollow\" style=\"color:rgb(59,89,152);text-decoration:none\"><\/a><a href=\"https:\/\/www.youtube.com\/channel\/UCoYrTlO6psaxRQ7aDHay-8Q\" >https:\/\/www.youtube.com\/channel\/UCoYrTlO6psaxRQ7aDHay-8Q<\/a>), no youtube. Os links do programa de ontem, dia 19\/10\/2014, seguem abaixo:<\/p>\n<p style=\"margin:6px 0px;color:rgb(20,24,35);font-family:Helvetica,Arial,&#39;lucida grande&#39;,tahoma,verdana,arial,sans-serif;font-size:14px;line-height:19.3199996948242px\"><\/p>\n<p style=\"margin:6px 0px;color:rgb(20,24,35);font-family:Helvetica,Arial,&#39;lucida grande&#39;,tahoma,verdana,arial,sans-serif;font-size:14px;line-height:19.3199996948242px\"><b>Primeiro m\u00f3dulo: Futebol<\/b><\/p>\n<p style=\"margin:6px 0px;color:rgb(20,24,35);font-family:Helvetica,Arial,&#39;lucida grande&#39;,tahoma,verdana,arial,sans-serif;font-size:14px;line-height:19.3199996948242px\"><a href=\"https:\/\/www.youtube.com\/watch?v=XHNgan4LGvA\" target=\"_blank\" rel=\"nofollow\" style=\"color:rgb(59,89,152);text-decoration:none\"><b>[youtube XHNgan4LGvA]<\/b><\/a><\/p>\n<p style=\"margin:6px 0px;color:rgb(20,24,35);font-family:Helvetica,Arial,&#39;lucida grande&#39;,tahoma,verdana,arial,sans-serif;font-size:14px;line-height:19.3199996948242px\"><b><br \/><\/b><\/p>\n<p style=\"margin:6px 0px;color:rgb(20,24,35);font-family:Helvetica,Arial,&#39;lucida grande&#39;,tahoma,verdana,arial,sans-serif;font-size:14px;line-height:19.3199996948242px\"><b>Segundo m\u00f3dulo: Gest\u00e3o Esportiva Profissional<\/b><\/p>\n<p style=\"margin:6px 0px 0px;display:inline;color:rgb(20,24,35);font-family:Helvetica,Arial,&#39;lucida grande&#39;,tahoma,verdana,arial,sans-serif;font-size:14px;line-height:19.3199996948242px\"><a href=\"https:\/\/www.youtube.com\/watch?v=V2xeEoD7Ai4\" target=\"_blank\" rel=\"nofollow\" style=\"color:rgb(59,89,152);text-decoration:none\"><b>[youtube V2xeEoD7Ai4]<\/b><\/a><\/p>\n<div><font color=\"#141823\" face=\"Helvetica, Arial, lucida grande, tahoma, verdana, arial, sans-serif\"><span style=\"font-size:14px;line-height:19.3199996948242px\"><br \/><\/span><\/font><\/div>\n<div><font color=\"#141823\" face=\"Helvetica, Arial, lucida grande, tahoma, verdana, arial, sans-serif\"><span style=\"font-size:14px;line-height:19.3199996948242px\">Apresenta\u00e7\u00e3o: <b>Cristiano Mariotti<\/b>, colunista dos sites SuperVasco, WebVasco e Panorama Vasca\u00edno.<\/span><\/font><\/div>\n<div><font color=\"#141823\" face=\"Helvetica, Arial, lucida grande, tahoma, verdana, arial, sans-serif\"><span style=\"font-size:14px;line-height:19.3199996948242px\">Demais integrantes: <b>Lu\u00eds Carlos Rocha<\/b> (jornalista e um dos idealizadores do Portal WebVasco) e <b>Hely Baima J\u00fanior<\/b> (torcedor vasca\u00edno de S\u00e3o Lu\u00eds &#8211; MA).<br clear=\"all\"\/><\/span><\/font><\/p>\n<div><\/div>\n<div><b><font color=\"#000099\"><br \/><\/font><\/b><\/div>\n<p>\n<\/div>\n<\/div>\n<p><\/p>\n","protected":false},"excerpt":{"rendered":"<p>Na estreia do programa Vasc\u00e3o de norte a sul, \u00a0nosso convidado especial foi o treinador&#8230;<\/p>\n","protected":false},"author":12,"featured_media":341,"comment_status":"open","ping_status":"closed","sticky":false,"template":"","format":"standard","meta":{"footnotes":""},"categories":[3],"tags":[],"class_list":["post-957","post","type-post","status-publish","format-standard","has-post-thumbnail","hentry","category-colunistas"],"_links":{"self":[{"href":"https:\/\/webvasco.com\/artigos\/wp-json\/wp\/v2\/posts\/957","targetHints":{"allow":["GET"]}}],"collection":[{"href":"https:\/\/webvasco.com\/artigos\/wp-json\/wp\/v2\/posts"}],"about":[{"href":"https:\/\/webvasco.com\/artigos\/wp-json\/wp\/v2\/types\/post"}],"author":[{"embeddable":true,"href":"https:\/\/webvasco.com\/artigos\/wp-json\/wp\/v2\/users\/12"}],"replies":[{"embeddable":true,"href":"https:\/\/webvasco.com\/artigos\/wp-json\/wp\/v2\/comments?post=957"}],"version-history":[{"count":0,"href":"https:\/\/webvasco.com\/artigos\/wp-json\/wp\/v2\/posts\/957\/revisions"}],"wp:featuredmedia":[{"embeddable":true,"href":"https:\/\/webvasco.com\/artigos\/wp-json\/wp\/v2\/media\/341"}],"wp:attachment":[{"href":"https:\/\/webvasco.com\/artigos\/wp-json\/wp\/v2\/media?parent=957"}],"wp:term":[{"taxonomy":"category","embeddable":true,"href":"https:\/\/webvasco.com\/artigos\/wp-json\/wp\/v2\/categories?post=957"},{"taxonomy":"post_tag","embeddable":true,"href":"https:\/\/webvasco.com\/artigos\/wp-json\/wp\/v2\/tags?post=957"}],"curies":[{"name":"wp","href":"https:\/\/api.w.org\/{rel}","templated":true}]}}