{"id":9613,"date":"2024-05-31T13:44:00","date_gmt":"2024-05-31T16:44:00","guid":{"rendered":"https:\/\/webvasco.com\/artigos\/?p=9613"},"modified":"2024-06-01T13:55:37","modified_gmt":"2024-06-01T16:55:37","slug":"elas-o-professor-chef-lau","status":"publish","type":"post","link":"https:\/\/webvasco.com\/artigos\/temas\/elas-e-o-professor\/elas-o-professor-chef-lau\/","title":{"rendered":"ELAS &amp; O PROFESSOR \u2013CHEF LAU"},"content":{"rendered":"\n<p><strong><u>ELAS &amp; O PROFESSOR<\/u><\/strong><\/p>\n\n\n\n<p><strong>POR LUIZ CARLOS ROCHA<\/strong><\/p>\n\n\n\n<p>A entrevista de maio de 2024, com Laudiceia Sores \u00e9 dedicada ao grande amor da minha vida. A minha fonte de inspira\u00e7\u00e3o. Meu cora\u00e7\u00e3ozinho fora do peito. Minha filhotinha \u00darsulla Rocha.<\/p>\n\n\n\n<p><strong>\u00a0\u00a0\u00a0 CHEF LAU, <\/strong>41 anos, chef de cozinha, solteira, de religi\u00e3o protestante (por\u00e9m afastada), do\u00a0 signo de C\u00e2ncer, \u00a0moradora do Centro de S\u00e3o Gon\u00e7alo\/RJ. Nas horas vagas, gosta de ver o mar, estar com os amigos e \u00e9 claro cozinhar. Revelou n\u00e3o ter Escola de Samba do cora\u00e7\u00e3o, mas simpatiza com a Unidos do Viradouro. Comentou que seu prato predileto s\u00e3o todos ligados as massas.<\/p>\n\n\n\n<p><strong>Qual a receita para o Vasco da gama voltar a ganhar t\u00edtulos?<\/strong><\/p>\n\n\n\n<p>Voltando para 1988.<\/p>\n\n\n\n<p><strong>Qual atleta vasca\u00edno pode ser considerado um p\u00e3o?<\/strong><\/p>\n\n\n\n<p>Z\u00e9 Gabriel.<\/p>\n\n\n\n<p><strong>A 777 Partners \u00e9 um abacaxi para o clube?<\/strong><\/p>\n\n\n\n<p>A 777 acha que valorizou o time do Vasco, mas pelo menos o clube est\u00e1 vivo.<\/p>\n\n\n\n<p><strong>Repatriar Philippe Coutinho \u00e9 colocar a cereja do bolo que estava faltando?<\/strong><\/p>\n\n\n\n<p>Acho que ir\u00e1 ajudar muito. Mas n\u00f3s temos esse dinheiro todo?<\/p>\n\n\n\n<p><strong> Indigest\u00e3o \u00e9 perder para o time da G\u00e1vea (que n\u00e3o merece ser nomeado)?<\/strong><\/p>\n\n\n\n<p>Sim.<\/p>\n\n\n\n<p><strong>A pol\u00edtica vasca\u00edna \u00e9 dividida por panelinhas?<\/strong><\/p>\n\n\n\n<p>Sim.<\/p>\n\n\n\n<p><strong>O sabor de vencer o pequeno das Laranjeiras \u00e9 especial?<\/strong><\/p>\n\n\n\n<p>Cinco anos com o grito entalado.<\/p>\n\n\n\n<p><strong>Dentro da \u00e1rea Pablo Vegetti \u00e9 um chuchuzinho?<\/strong><\/p>\n\n\n\n<p>Ele t\u00eam faro de gol.<\/p>\n\n\n\n<p><strong>Jogador fominha t\u00eam espa\u00e7o no Cruzmaltino?<\/strong><\/p>\n\n\n\n<p>Com certeza.<\/p>\n\n\n\n<p><strong>Dimitri Payet, Pablo Vegetti e Philippe Coutinho podem formar uma trinca massa no Vasc\u00e3o?<\/strong><\/p>\n\n\n\n<p>Acredito que podem dar um \u00e2nimo no time.<\/p>\n\n\n\n<p><strong>A 777 no Comando da SAF do Vasco n\u00e3o serviu para nada? N\u00e3o passou de uma sopa de letrinhas (neste caso de n\u00fameros)?<\/strong><\/p>\n\n\n\n<p>O Club de Regatas Vasco da Gama entrou em uma furada.<\/p>\n\n\n\n<p><strong>O Gigante da Colina precisa usar um bom fac\u00e3o para desenterrar a cabe\u00e7a de porco que h\u00e1 em S\u00e3o Janu\u00e1rio, para que o clube retome aos tempos de gl\u00f3ria?<\/strong><\/p>\n\n\n\n<p>Temos de fazer uma missa em S\u00e3o Janu\u00e1rio para libertar o clube. Est\u00e1 osso viu?<\/p>\n\n\n\n<p><\/p>\n\n\n\n<p><strong><u>FOTOGRAFIAS \u00a0FORNECIDAS PELA ENTREVISTADA.<\/u><\/strong><\/p>\n\n\n\n<figure class=\"wp-block-gallery has-nested-images columns-default is-cropped wp-block-gallery-1 is-layout-flex wp-block-gallery-is-layout-flex\">\n<figure class=\"wp-block-image size-large\"><img loading=\"lazy\" decoding=\"async\" width=\"767\" height=\"1024\" data-id=\"9615\" src=\"https:\/\/webvasco.com\/artigos\/wp-content\/uploads\/2024\/06\/WhatsApp-Image-2024-05-29-at-20.44.48-767x1024.jpeg\" alt=\"\" class=\"wp-image-9615\" srcset=\"https:\/\/webvasco.com\/artigos\/wp-content\/uploads\/2024\/06\/WhatsApp-Image-2024-05-29-at-20.44.48-767x1024.jpeg 767w, https:\/\/webvasco.com\/artigos\/wp-content\/uploads\/2024\/06\/WhatsApp-Image-2024-05-29-at-20.44.48-225x300.jpeg 225w, https:\/\/webvasco.com\/artigos\/wp-content\/uploads\/2024\/06\/WhatsApp-Image-2024-05-29-at-20.44.48-112x150.jpeg 112w, https:\/\/webvasco.com\/artigos\/wp-content\/uploads\/2024\/06\/WhatsApp-Image-2024-05-29-at-20.44.48-768x1025.jpeg 768w, https:\/\/webvasco.com\/artigos\/wp-content\/uploads\/2024\/06\/WhatsApp-Image-2024-05-29-at-20.44.48.jpeg 959w\" sizes=\"auto, (max-width: 767px) 100vw, 767px\" \/><\/figure>\n\n\n\n<figure class=\"wp-block-image size-large\"><img loading=\"lazy\" decoding=\"async\" width=\"767\" height=\"1024\" data-id=\"9614\" src=\"https:\/\/webvasco.com\/artigos\/wp-content\/uploads\/2024\/06\/WhatsApp-Image-2024-05-29-at-20.44.48-1-767x1024.jpeg\" alt=\"\" class=\"wp-image-9614\" srcset=\"https:\/\/webvasco.com\/artigos\/wp-content\/uploads\/2024\/06\/WhatsApp-Image-2024-05-29-at-20.44.48-1-767x1024.jpeg 767w, https:\/\/webvasco.com\/artigos\/wp-content\/uploads\/2024\/06\/WhatsApp-Image-2024-05-29-at-20.44.48-1-225x300.jpeg 225w, https:\/\/webvasco.com\/artigos\/wp-content\/uploads\/2024\/06\/WhatsApp-Image-2024-05-29-at-20.44.48-1-112x150.jpeg 112w, https:\/\/webvasco.com\/artigos\/wp-content\/uploads\/2024\/06\/WhatsApp-Image-2024-05-29-at-20.44.48-1-768x1025.jpeg 768w, https:\/\/webvasco.com\/artigos\/wp-content\/uploads\/2024\/06\/WhatsApp-Image-2024-05-29-at-20.44.48-1.jpeg 959w\" sizes=\"auto, (max-width: 767px) 100vw, 767px\" \/><\/figure>\n<\/figure>\n","protected":false},"excerpt":{"rendered":"<p>ELAS &amp; O PROFESSOR POR LUIZ CARLOS ROCHA A entrevista de maio de 2024, com&#8230;<\/p>\n","protected":false},"author":7,"featured_media":9615,"comment_status":"open","ping_status":"closed","sticky":false,"template":"","format":"standard","meta":{"footnotes":""},"categories":[27],"tags":[],"class_list":["post-9613","post","type-post","status-publish","format-standard","has-post-thumbnail","hentry","category-elas-e-o-professor"],"_links":{"self":[{"href":"https:\/\/webvasco.com\/artigos\/wp-json\/wp\/v2\/posts\/9613","targetHints":{"allow":["GET"]}}],"collection":[{"href":"https:\/\/webvasco.com\/artigos\/wp-json\/wp\/v2\/posts"}],"about":[{"href":"https:\/\/webvasco.com\/artigos\/wp-json\/wp\/v2\/types\/post"}],"author":[{"embeddable":true,"href":"https:\/\/webvasco.com\/artigos\/wp-json\/wp\/v2\/users\/7"}],"replies":[{"embeddable":true,"href":"https:\/\/webvasco.com\/artigos\/wp-json\/wp\/v2\/comments?post=9613"}],"version-history":[{"count":1,"href":"https:\/\/webvasco.com\/artigos\/wp-json\/wp\/v2\/posts\/9613\/revisions"}],"predecessor-version":[{"id":9616,"href":"https:\/\/webvasco.com\/artigos\/wp-json\/wp\/v2\/posts\/9613\/revisions\/9616"}],"wp:featuredmedia":[{"embeddable":true,"href":"https:\/\/webvasco.com\/artigos\/wp-json\/wp\/v2\/media\/9615"}],"wp:attachment":[{"href":"https:\/\/webvasco.com\/artigos\/wp-json\/wp\/v2\/media?parent=9613"}],"wp:term":[{"taxonomy":"category","embeddable":true,"href":"https:\/\/webvasco.com\/artigos\/wp-json\/wp\/v2\/categories?post=9613"},{"taxonomy":"post_tag","embeddable":true,"href":"https:\/\/webvasco.com\/artigos\/wp-json\/wp\/v2\/tags?post=9613"}],"curies":[{"name":"wp","href":"https:\/\/api.w.org\/{rel}","templated":true}]}}