{"id":9617,"date":"2024-06-18T15:41:32","date_gmt":"2024-06-18T18:41:32","guid":{"rendered":"https:\/\/webvasco.com\/artigos\/?p=9617"},"modified":"2024-06-18T15:41:33","modified_gmt":"2024-06-18T18:41:33","slug":"como-foi-a-terceira-e-ultima-audiencia-publica-do-potencial-construtivo-em-sj","status":"publish","type":"post","link":"https:\/\/webvasco.com\/artigos\/colunistas\/marcelopaiva\/como-foi-a-terceira-e-ultima-audiencia-publica-do-potencial-construtivo-em-sj\/","title":{"rendered":"Como foi a Terceira e \u00daltima Audi\u00eancia P\u00fablica do \u201cPotencial Construtivo\u201d em SJ"},"content":{"rendered":"\n<p>&nbsp;&nbsp;&nbsp;&nbsp; Caros amigos Vasca\u00ednos, vimos por este Artigo, trazer Informa\u00e7\u00f5es B\u00e1sicas a respeito da \u00daltima Assembl\u00e9ia P\u00fablica, da C\u00e2mara Municipal do Rio de Janeiro, realizada em 11 de Junho de 2024, a Noite, no Gin\u00e1sio de S\u00e3o Janu\u00e1rio.<\/p>\n\n\n\n<p>&nbsp;&nbsp;&nbsp;&nbsp; Trata-se da 3\u00aa e \u00daltima Assembl\u00e9ia P\u00fablica, para discutir o Projeto de Lei Complementar (PLC) N\u00ba 142\/2023, que \u201cinstitui\u201d a Opera\u00e7\u00e3o Urbana Consorciada, do Est\u00e1dio de S\u00e3o Janu\u00e1rio, estabelecendo Diretrizes Urban\u00edsticas para a \u00e1rea de abrang\u00eancia delimitada na opera\u00e7\u00e3o, em Ambiente H\u00edbrido (Presencial e Virtual)!<\/p>\n\n\n\n<p>&nbsp;&nbsp;&nbsp;&nbsp; Lembrando que, 2 Audi\u00eancias P\u00fablicas (uma na C\u00e2mara Municipal e outra na Barra da Tijuca, onde se destinar\u00e1 o Potencial Construtivo de SJ) j\u00e1 foram realizadas antes, assim como as 17 Comiss\u00f5es de Vereadores j\u00e1 foram realizadas na C\u00e2mara, com a Aprova\u00e7\u00e3o das mesmas, de modo a se seguir o Rito.<\/p>\n\n\n\n<p>&nbsp;&nbsp;&nbsp;&nbsp;&nbsp; Ap\u00f3s esta 3\u00aa Audi\u00eancia, faltar\u00e1 agora a Vota\u00e7\u00e3o de Aprova\u00e7\u00e3o, em 2\u00aa etapa, com as respectivas Emendas dos Vereadores, onde a maioria dando o \u201cSim\u201d, o Poder Legislativo (C\u00e2mara Municipal) chancelar\u00e1 ao Poder Executivo (Prefeito) de modo ao mesmo Aprovar e Decretar o Potencial Construtivo, sendo que no dia a seguir, publicado em Di\u00e1rio Oficial (DO) do Munic\u00edpio, o CRVG estar\u00e1 Apto a Negociar o seu Potencial Construtivo de SJ, para posteriormente iniciar a Reforma do Est\u00e1dio de S\u00e3o Janu\u00e1rio.<\/p>\n\n\n<div class=\"wp-block-image\">\n<figure class=\"aligncenter size-large\"><img loading=\"lazy\" decoding=\"async\" width=\"1024\" height=\"576\" src=\"https:\/\/webvasco.com\/artigos\/wp-content\/uploads\/2024\/06\/Imagem1-1024x576.jpg\" alt=\"\" class=\"wp-image-9618\" srcset=\"https:\/\/webvasco.com\/artigos\/wp-content\/uploads\/2024\/06\/Imagem1-1024x576.jpg 1024w, https:\/\/webvasco.com\/artigos\/wp-content\/uploads\/2024\/06\/Imagem1-300x169.jpg 300w, https:\/\/webvasco.com\/artigos\/wp-content\/uploads\/2024\/06\/Imagem1-150x84.jpg 150w, https:\/\/webvasco.com\/artigos\/wp-content\/uploads\/2024\/06\/Imagem1-768x432.jpg 768w, https:\/\/webvasco.com\/artigos\/wp-content\/uploads\/2024\/06\/Imagem1.jpg 1267w\" sizes=\"auto, (max-width: 1024px) 100vw, 1024px\" \/><figcaption class=\"wp-element-caption\">3\u00aa Audi\u00eancia P\u00fablica da C\u00e2mara Municipal do Rio de Janeiro, sobre o Potencial Construtivo em S\u00e3o Janu\u00e1rio.<br \/>Fonte da Imagem \u2013 Grupo Volunt\u00e1rio pela Revitaliza\u00e7\u00e3o do Entorno de SJ (GVRESJ\/VSJ)<\/figcaption><\/figure>\n<\/div>\n\n\n<p><\/p>\n\n\n\n<p>&nbsp;&nbsp;&nbsp;&nbsp; Exatamente \u00e1s 19h27, do dia 11 de Junho de 2024, foi composta a mesa com os Senhores: Vereador Eliseu Kessler (MDB &#8211; Presidente da Assembl\u00e9ia P\u00fablica), Vereador Carlo Caiado (PSD &#8211; Presidente da C\u00e2mara Municipal do Rio de Janeiro), Vereador Zico (PSD &#8211; Comiss\u00e3o de Esportes e Eventos), Vereador M\u00e1rcio Ribeiro (PSD &#8211; de modo Virtual), Vereador Alexandre Isquierdo (Uni\u00e3o Brasil), Sub Secret\u00e1rio Thiago Dias (Secretaria Municipal de Desenvolvimento e Urbanismo &#8211; SMDU), Pedro Paulo de Oliveira, Popular Pedrinho (Presidente do Club de Regatas Vasco da Gama &#8211; CRVG), Dr S\u00e9rgio Dias (Autor do Projeto de Reforma do Est\u00e1dio de S\u00e3o Janu\u00e1rio do CRVG) e Vereador Willian Coelho (Democracia Crist\u00e3).<\/p>\n\n\n\n<p>&nbsp;&nbsp;&nbsp;&nbsp; A seguir foi feita a Chamada Nominal dos Componentes da Mesa, pelo Presidente desta Assembl\u00e9ia P\u00fablica, Vereador Eliseu Kessler.<\/p>\n\n\n<div class=\"wp-block-image\">\n<figure class=\"aligncenter size-large\"><img loading=\"lazy\" decoding=\"async\" width=\"1024\" height=\"473\" src=\"https:\/\/webvasco.com\/artigos\/wp-content\/uploads\/2024\/06\/Imagem2-1024x473.jpg\" alt=\"\" class=\"wp-image-9619\" srcset=\"https:\/\/webvasco.com\/artigos\/wp-content\/uploads\/2024\/06\/Imagem2-1024x473.jpg 1024w, https:\/\/webvasco.com\/artigos\/wp-content\/uploads\/2024\/06\/Imagem2-300x139.jpg 300w, https:\/\/webvasco.com\/artigos\/wp-content\/uploads\/2024\/06\/Imagem2-150x69.jpg 150w, https:\/\/webvasco.com\/artigos\/wp-content\/uploads\/2024\/06\/Imagem2-768x355.jpg 768w, https:\/\/webvasco.com\/artigos\/wp-content\/uploads\/2024\/06\/Imagem2.jpg 1299w\" sizes=\"auto, (max-width: 1024px) 100vw, 1024px\" \/><figcaption class=\"wp-element-caption\">Mesa da 3\u00aa Assembl\u00e9ia P\u00fablica em S\u00e3o Janu\u00e1rio. Da esquerda para a direita: <br \/>Dr S\u00e9rgio Dias (Autor do Projeto de Reforma de SJ), Pedrinho (Presidente do CRVG), Vereador Zico, Vereador Eliseu Kessler (Presidente da Assembl\u00e9ia P\u00fablica), Vereador Carlo Caiado (Presidente da C\u00e2mara Municipal do Rio de Janeiro), Sub Secret\u00e1rio Thiago Dias (SMDU), Vereador Alexandre Isquierdo e Vereador Willian Coelho.<br \/>Fonte da Imagem: C\u00e2mara Municipal do Rio de Janeiro<\/figcaption><\/figure>\n<\/div>\n\n\n<p><\/p>\n\n\n\n<p>&nbsp;&nbsp;&nbsp;&nbsp; Confirmada as Presen\u00e7as, a seguir, o Presidente da Assembl\u00e9ia P\u00fablica, Sr Eliseu Kessler, iniciou os Trabalhos desta Assembl\u00e9ia.<\/p>\n\n\n\n<p>&nbsp;&nbsp;&nbsp;&nbsp; O Presidente, anunciou a presen\u00e7a de v\u00e1rias Autoridades presentes nesta Assembl\u00e9ia P\u00fablica, entre elas Diversos Dirigentes do CRVG, Antigos Jogadores do CRVG, O Filho do Saudoso Roberto Dinamite (Rodrigo), Deputados, L\u00edderes Religiosos, Presidentes de Associa\u00e7\u00f5es de Moradores, GVRESJ\/VSJ, C\u00e2mara Comunit\u00e1ria de S\u00e3o Crist\u00f3v\u00e3o, Representantes dos \u00cdcones de S\u00e3o Crist\u00f3v\u00e3o, Representantes de Torcidas Organizadas do CRVG, Moradores da Regi\u00e3o<\/p>\n\n\n\n<p>&nbsp;&nbsp;&nbsp;&nbsp; Estiveram tamb\u00e9m presentes, o Dr Pedro Seixas, Arquitetos William Freixo, Felipe Nicolau e Clarissa Peixoto.<\/p>\n\n\n<div class=\"wp-block-image\">\n<figure class=\"aligncenter size-full\"><img loading=\"lazy\" decoding=\"async\" width=\"627\" height=\"290\" src=\"https:\/\/webvasco.com\/artigos\/wp-content\/uploads\/2024\/06\/Imagem3.jpg\" alt=\"\" class=\"wp-image-9620\" srcset=\"https:\/\/webvasco.com\/artigos\/wp-content\/uploads\/2024\/06\/Imagem3.jpg 627w, https:\/\/webvasco.com\/artigos\/wp-content\/uploads\/2024\/06\/Imagem3-300x139.jpg 300w, https:\/\/webvasco.com\/artigos\/wp-content\/uploads\/2024\/06\/Imagem3-150x69.jpg 150w\" sizes=\"auto, (max-width: 627px) 100vw, 627px\" \/><figcaption class=\"wp-element-caption\">Rodrigo Dinamite (Filho do Roberto Dinamite)\u00a0<br \/>Fonte: C\u00e2mara Municipal do Rio de Janeiro<\/figcaption><\/figure>\n<\/div>\n\n<div class=\"wp-block-image\">\n<figure class=\"aligncenter size-full\"><img loading=\"lazy\" decoding=\"async\" width=\"625\" height=\"289\" src=\"https:\/\/webvasco.com\/artigos\/wp-content\/uploads\/2024\/06\/Imagem4.jpg\" alt=\"\" class=\"wp-image-9621\" srcset=\"https:\/\/webvasco.com\/artigos\/wp-content\/uploads\/2024\/06\/Imagem4.jpg 625w, https:\/\/webvasco.com\/artigos\/wp-content\/uploads\/2024\/06\/Imagem4-300x139.jpg 300w, https:\/\/webvasco.com\/artigos\/wp-content\/uploads\/2024\/06\/Imagem4-150x69.jpg 150w\" sizes=\"auto, (max-width: 625px) 100vw, 625px\" \/><figcaption class=\"wp-element-caption\"> Goleiro Ac\u00e1cio Campe\u00e3o Brasileiro de 1989<br \/>Fonte: C\u00e2mara Municipal do Rio de Janeiro<\/figcaption><\/figure>\n<\/div>\n\n<div class=\"wp-block-image\">\n<figure class=\"aligncenter size-full\"><img loading=\"lazy\" decoding=\"async\" width=\"627\" height=\"289\" src=\"https:\/\/webvasco.com\/artigos\/wp-content\/uploads\/2024\/06\/Imagem5.jpg\" alt=\"\" class=\"wp-image-9622\" srcset=\"https:\/\/webvasco.com\/artigos\/wp-content\/uploads\/2024\/06\/Imagem5.jpg 627w, https:\/\/webvasco.com\/artigos\/wp-content\/uploads\/2024\/06\/Imagem5-300x138.jpg 300w, https:\/\/webvasco.com\/artigos\/wp-content\/uploads\/2024\/06\/Imagem5-150x69.jpg 150w\" sizes=\"auto, (max-width: 627px) 100vw, 627px\" \/><figcaption class=\"wp-element-caption\">Fabr\u00edcio Carvalho e Sorato (Campe\u00e3o Brasileiro de 1989)<br \/>Fonte: C\u00e2mara Municipal do Rio de Janeiro<\/figcaption><\/figure>\n<\/div>\n\n<div class=\"wp-block-image\">\n<figure class=\"aligncenter size-full\"><img loading=\"lazy\" decoding=\"async\" width=\"624\" height=\"289\" src=\"https:\/\/webvasco.com\/artigos\/wp-content\/uploads\/2024\/06\/Imagem6.jpg\" alt=\"\" class=\"wp-image-9623\" srcset=\"https:\/\/webvasco.com\/artigos\/wp-content\/uploads\/2024\/06\/Imagem6.jpg 624w, https:\/\/webvasco.com\/artigos\/wp-content\/uploads\/2024\/06\/Imagem6-300x139.jpg 300w, https:\/\/webvasco.com\/artigos\/wp-content\/uploads\/2024\/06\/Imagem6-150x69.jpg 150w\" sizes=\"auto, (max-width: 624px) 100vw, 624px\" \/><figcaption class=\"wp-element-caption\">Cabo Daciolo<br \/>Fonte: C\u00e2mara Municipal do Rio de Janeiro<\/figcaption><\/figure>\n<\/div>\n\n\n<p><\/p>\n\n\n<div class=\"wp-block-image\">\n<figure class=\"aligncenter size-large\"><img loading=\"lazy\" decoding=\"async\" width=\"1024\" height=\"726\" src=\"https:\/\/webvasco.com\/artigos\/wp-content\/uploads\/2024\/06\/Imagem7-1024x726.jpg\" alt=\"\" class=\"wp-image-9624\" srcset=\"https:\/\/webvasco.com\/artigos\/wp-content\/uploads\/2024\/06\/Imagem7-1024x726.jpg 1024w, https:\/\/webvasco.com\/artigos\/wp-content\/uploads\/2024\/06\/Imagem7-300x213.jpg 300w, https:\/\/webvasco.com\/artigos\/wp-content\/uploads\/2024\/06\/Imagem7-150x106.jpg 150w, https:\/\/webvasco.com\/artigos\/wp-content\/uploads\/2024\/06\/Imagem7-768x544.jpg 768w, https:\/\/webvasco.com\/artigos\/wp-content\/uploads\/2024\/06\/Imagem7.jpg 1285w\" sizes=\"auto, (max-width: 1024px) 100vw, 1024px\" \/><figcaption class=\"wp-element-caption\">Grupo Volunt\u00e1rio pela Revitaliza\u00e7\u00e3o do Entorno de SJ (GVRESJ\/VSJ)<br \/>da esquerda para direita: <br \/>Engenheiro Civil Dr Raimundo Almeida, Publicit\u00e1rio Sr Phillipi Labanca, Engenheiro Civil Dr Marcelo Paiva, Presidente da C\u00e2mara Comunit\u00e1ria de S\u00e3o Crist\u00f3v\u00e3o Sr Maur\u00edcio Mendes, Advogado Dr Marcus Simonini e Empres\u00e1rio em Tecnologia da Informa\u00e7\u00e3o Sr Andr\u00e9 Pedro<\/figcaption><\/figure>\n<\/div>\n\n\n<p><\/p>\n\n\n\n<p>&nbsp;&nbsp;&nbsp;&nbsp; Logo ap\u00f3s, o Presidente da Assembl\u00e9ia especificar como seria esta Assembl\u00e9ia P\u00fablica, o mesmo &nbsp;passou a Palavra ao Sub Secret\u00e1rio da SMDU, Sr Thiago Dias, o qual detalhou algumas observa\u00e7\u00f5es sobre o Potencial Construtivo, as suas \u00c1reas de Abrang\u00eancia e se colocou a disposi\u00e7\u00e3o para eventuais perguntas.<\/p>\n\n\n<div class=\"wp-block-image\">\n<figure class=\"aligncenter size-large\"><img loading=\"lazy\" decoding=\"async\" width=\"1024\" height=\"473\" src=\"https:\/\/webvasco.com\/artigos\/wp-content\/uploads\/2024\/06\/Imagem8-1024x473.jpg\" alt=\"\" class=\"wp-image-9625\" srcset=\"https:\/\/webvasco.com\/artigos\/wp-content\/uploads\/2024\/06\/Imagem8-1024x473.jpg 1024w, https:\/\/webvasco.com\/artigos\/wp-content\/uploads\/2024\/06\/Imagem8-300x139.jpg 300w, https:\/\/webvasco.com\/artigos\/wp-content\/uploads\/2024\/06\/Imagem8-150x69.jpg 150w, https:\/\/webvasco.com\/artigos\/wp-content\/uploads\/2024\/06\/Imagem8-768x355.jpg 768w, https:\/\/webvasco.com\/artigos\/wp-content\/uploads\/2024\/06\/Imagem8.jpg 1299w\" sizes=\"auto, (max-width: 1024px) 100vw, 1024px\" \/><figcaption class=\"wp-element-caption\">Sr Thiago Dias &#8211; Sub Secret\u00e1rio Municipal SMDU<br \/>Fonte: C\u00e2mara Municipal do Rio de Janeir<\/figcaption><\/figure>\n<\/div>\n\n\n<p>o<\/p>\n\n\n\n<p>&nbsp;&nbsp;&nbsp;&nbsp; Ap\u00f3s a fala do Sub Secret\u00e1rio Thiago Dias, foi dada a palavra ao Dr S\u00e9rgio Dias, para Apresentar o Projeto de Amplia\u00e7\u00e3o\/Moderniza\u00e7\u00e3o do Est\u00e1dio de S\u00e3o Janu\u00e1rio, onde logo ap\u00f3s a sua apresenta\u00e7\u00e3o, o mesmo foi muito aplaudido pelo P\u00fablico presente.<\/p>\n\n\n<div class=\"wp-block-image\">\n<figure class=\"aligncenter size-large\"><img loading=\"lazy\" decoding=\"async\" width=\"1024\" height=\"473\" src=\"https:\/\/webvasco.com\/artigos\/wp-content\/uploads\/2024\/06\/Imagem9-1024x473.jpg\" alt=\"\" class=\"wp-image-9626\" srcset=\"https:\/\/webvasco.com\/artigos\/wp-content\/uploads\/2024\/06\/Imagem9-1024x473.jpg 1024w, https:\/\/webvasco.com\/artigos\/wp-content\/uploads\/2024\/06\/Imagem9-300x139.jpg 300w, https:\/\/webvasco.com\/artigos\/wp-content\/uploads\/2024\/06\/Imagem9-150x69.jpg 150w, https:\/\/webvasco.com\/artigos\/wp-content\/uploads\/2024\/06\/Imagem9-768x355.jpg 768w, https:\/\/webvasco.com\/artigos\/wp-content\/uploads\/2024\/06\/Imagem9.jpg 1299w\" sizes=\"auto, (max-width: 1024px) 100vw, 1024px\" \/><figcaption class=\"wp-element-caption\">Dr S\u00e9rgio Dias apresentando o Projeto de Amplia\u00e7\u00e3o\/Moderniza\u00e7\u00e3o de S\u00e3o Janu\u00e1rio<br \/>Fonte: C\u00e2mara Municipal do Rio de janeiro<\/figcaption><\/figure>\n<\/div>\n\n\n<figure class=\"wp-block-gallery has-nested-images columns-default is-cropped wp-block-gallery-1 is-layout-flex wp-block-gallery-is-layout-flex\">\n<figure class=\"wp-block-image size-large\"><img loading=\"lazy\" decoding=\"async\" width=\"581\" height=\"268\" data-id=\"9627\" src=\"https:\/\/webvasco.com\/artigos\/wp-content\/uploads\/2024\/06\/Imagem10.jpg\" alt=\"\" class=\"wp-image-9627\" srcset=\"https:\/\/webvasco.com\/artigos\/wp-content\/uploads\/2024\/06\/Imagem10.jpg 581w, https:\/\/webvasco.com\/artigos\/wp-content\/uploads\/2024\/06\/Imagem10-300x138.jpg 300w, https:\/\/webvasco.com\/artigos\/wp-content\/uploads\/2024\/06\/Imagem10-150x69.jpg 150w\" sizes=\"auto, (max-width: 581px) 100vw, 581px\" \/><\/figure>\n\n\n\n<figure class=\"wp-block-image size-large\"><img loading=\"lazy\" decoding=\"async\" width=\"558\" height=\"268\" data-id=\"9629\" src=\"https:\/\/webvasco.com\/artigos\/wp-content\/uploads\/2024\/06\/Imagem11.jpg\" alt=\"\" class=\"wp-image-9629\" srcset=\"https:\/\/webvasco.com\/artigos\/wp-content\/uploads\/2024\/06\/Imagem11.jpg 558w, https:\/\/webvasco.com\/artigos\/wp-content\/uploads\/2024\/06\/Imagem11-300x144.jpg 300w, https:\/\/webvasco.com\/artigos\/wp-content\/uploads\/2024\/06\/Imagem11-150x72.jpg 150w\" sizes=\"auto, (max-width: 558px) 100vw, 558px\" \/><\/figure>\n\n\n\n<figure class=\"wp-block-image size-large\"><img loading=\"lazy\" decoding=\"async\" width=\"578\" height=\"269\" data-id=\"9628\" src=\"https:\/\/webvasco.com\/artigos\/wp-content\/uploads\/2024\/06\/Imagem12.jpg\" alt=\"\" class=\"wp-image-9628\" srcset=\"https:\/\/webvasco.com\/artigos\/wp-content\/uploads\/2024\/06\/Imagem12.jpg 578w, https:\/\/webvasco.com\/artigos\/wp-content\/uploads\/2024\/06\/Imagem12-300x140.jpg 300w, https:\/\/webvasco.com\/artigos\/wp-content\/uploads\/2024\/06\/Imagem12-150x70.jpg 150w\" sizes=\"auto, (max-width: 578px) 100vw, 578px\" \/><\/figure>\n\n\n\n<figure class=\"wp-block-image size-large\"><img loading=\"lazy\" decoding=\"async\" width=\"550\" height=\"269\" data-id=\"9630\" src=\"https:\/\/webvasco.com\/artigos\/wp-content\/uploads\/2024\/06\/Imagem13.jpg\" alt=\"\" class=\"wp-image-9630\" srcset=\"https:\/\/webvasco.com\/artigos\/wp-content\/uploads\/2024\/06\/Imagem13.jpg 550w, https:\/\/webvasco.com\/artigos\/wp-content\/uploads\/2024\/06\/Imagem13-300x147.jpg 300w, https:\/\/webvasco.com\/artigos\/wp-content\/uploads\/2024\/06\/Imagem13-150x73.jpg 150w\" sizes=\"auto, (max-width: 550px) 100vw, 550px\" \/><\/figure>\n\n\n\n<figure class=\"wp-block-image size-large\"><img loading=\"lazy\" decoding=\"async\" width=\"579\" height=\"267\" data-id=\"9631\" src=\"https:\/\/webvasco.com\/artigos\/wp-content\/uploads\/2024\/06\/Imagem14.jpg\" alt=\"\" class=\"wp-image-9631\" srcset=\"https:\/\/webvasco.com\/artigos\/wp-content\/uploads\/2024\/06\/Imagem14.jpg 579w, https:\/\/webvasco.com\/artigos\/wp-content\/uploads\/2024\/06\/Imagem14-300x138.jpg 300w, https:\/\/webvasco.com\/artigos\/wp-content\/uploads\/2024\/06\/Imagem14-150x69.jpg 150w\" sizes=\"auto, (max-width: 579px) 100vw, 579px\" \/><\/figure>\n\n\n\n<figure class=\"wp-block-image size-large\"><img loading=\"lazy\" decoding=\"async\" width=\"558\" height=\"271\" data-id=\"9632\" src=\"https:\/\/webvasco.com\/artigos\/wp-content\/uploads\/2024\/06\/Imagem15.jpg\" alt=\"\" class=\"wp-image-9632\" srcset=\"https:\/\/webvasco.com\/artigos\/wp-content\/uploads\/2024\/06\/Imagem15.jpg 558w, https:\/\/webvasco.com\/artigos\/wp-content\/uploads\/2024\/06\/Imagem15-300x146.jpg 300w, https:\/\/webvasco.com\/artigos\/wp-content\/uploads\/2024\/06\/Imagem15-150x73.jpg 150w\" sizes=\"auto, (max-width: 558px) 100vw, 558px\" \/><\/figure>\n\n\n\n<figure class=\"wp-block-image size-large\"><img loading=\"lazy\" decoding=\"async\" width=\"584\" height=\"271\" data-id=\"9633\" src=\"https:\/\/webvasco.com\/artigos\/wp-content\/uploads\/2024\/06\/Imagem16.jpg\" alt=\"\" class=\"wp-image-9633\" srcset=\"https:\/\/webvasco.com\/artigos\/wp-content\/uploads\/2024\/06\/Imagem16.jpg 584w, https:\/\/webvasco.com\/artigos\/wp-content\/uploads\/2024\/06\/Imagem16-300x139.jpg 300w, https:\/\/webvasco.com\/artigos\/wp-content\/uploads\/2024\/06\/Imagem16-150x70.jpg 150w\" sizes=\"auto, (max-width: 584px) 100vw, 584px\" \/><\/figure>\n\n\n\n<figure class=\"wp-block-image size-large\"><img loading=\"lazy\" decoding=\"async\" width=\"550\" height=\"269\" data-id=\"9634\" src=\"https:\/\/webvasco.com\/artigos\/wp-content\/uploads\/2024\/06\/Imagem17.jpg\" alt=\"\" class=\"wp-image-9634\" srcset=\"https:\/\/webvasco.com\/artigos\/wp-content\/uploads\/2024\/06\/Imagem17.jpg 550w, https:\/\/webvasco.com\/artigos\/wp-content\/uploads\/2024\/06\/Imagem17-300x147.jpg 300w, https:\/\/webvasco.com\/artigos\/wp-content\/uploads\/2024\/06\/Imagem17-150x73.jpg 150w\" sizes=\"auto, (max-width: 550px) 100vw, 550px\" \/><\/figure>\n\n\n\n<figure class=\"wp-block-image size-large\"><img loading=\"lazy\" decoding=\"async\" width=\"584\" height=\"271\" data-id=\"9635\" src=\"https:\/\/webvasco.com\/artigos\/wp-content\/uploads\/2024\/06\/Imagem18.jpg\" alt=\"\" class=\"wp-image-9635\" srcset=\"https:\/\/webvasco.com\/artigos\/wp-content\/uploads\/2024\/06\/Imagem18.jpg 584w, https:\/\/webvasco.com\/artigos\/wp-content\/uploads\/2024\/06\/Imagem18-300x139.jpg 300w, https:\/\/webvasco.com\/artigos\/wp-content\/uploads\/2024\/06\/Imagem18-150x70.jpg 150w\" sizes=\"auto, (max-width: 584px) 100vw, 584px\" \/><\/figure>\n\n\n\n<figure class=\"wp-block-image size-large\"><img loading=\"lazy\" decoding=\"async\" width=\"550\" height=\"269\" data-id=\"9637\" src=\"https:\/\/webvasco.com\/artigos\/wp-content\/uploads\/2024\/06\/Imagem19.jpg\" alt=\"\" class=\"wp-image-9637\" srcset=\"https:\/\/webvasco.com\/artigos\/wp-content\/uploads\/2024\/06\/Imagem19.jpg 550w, https:\/\/webvasco.com\/artigos\/wp-content\/uploads\/2024\/06\/Imagem19-300x147.jpg 300w, https:\/\/webvasco.com\/artigos\/wp-content\/uploads\/2024\/06\/Imagem19-150x73.jpg 150w\" sizes=\"auto, (max-width: 550px) 100vw, 550px\" \/><\/figure>\n\n\n\n<figure class=\"wp-block-image size-large\"><img loading=\"lazy\" decoding=\"async\" width=\"585\" height=\"271\" data-id=\"9636\" src=\"https:\/\/webvasco.com\/artigos\/wp-content\/uploads\/2024\/06\/Imagem20.jpg\" alt=\"\" class=\"wp-image-9636\" srcset=\"https:\/\/webvasco.com\/artigos\/wp-content\/uploads\/2024\/06\/Imagem20.jpg 585w, https:\/\/webvasco.com\/artigos\/wp-content\/uploads\/2024\/06\/Imagem20-300x139.jpg 300w, https:\/\/webvasco.com\/artigos\/wp-content\/uploads\/2024\/06\/Imagem20-150x69.jpg 150w\" sizes=\"auto, (max-width: 585px) 100vw, 585px\" \/><\/figure>\n\n\n\n<figure class=\"wp-block-image size-large\"><img loading=\"lazy\" decoding=\"async\" width=\"543\" height=\"270\" data-id=\"9639\" src=\"https:\/\/webvasco.com\/artigos\/wp-content\/uploads\/2024\/06\/Imagem21.jpg\" alt=\"\" class=\"wp-image-9639\" srcset=\"https:\/\/webvasco.com\/artigos\/wp-content\/uploads\/2024\/06\/Imagem21.jpg 543w, https:\/\/webvasco.com\/artigos\/wp-content\/uploads\/2024\/06\/Imagem21-300x149.jpg 300w, https:\/\/webvasco.com\/artigos\/wp-content\/uploads\/2024\/06\/Imagem21-150x75.jpg 150w\" sizes=\"auto, (max-width: 543px) 100vw, 543px\" \/><\/figure>\n\n\n\n<figure class=\"wp-block-image size-large\"><img loading=\"lazy\" decoding=\"async\" width=\"580\" height=\"269\" data-id=\"9638\" src=\"https:\/\/webvasco.com\/artigos\/wp-content\/uploads\/2024\/06\/Imagem22.jpg\" alt=\"\" class=\"wp-image-9638\" srcset=\"https:\/\/webvasco.com\/artigos\/wp-content\/uploads\/2024\/06\/Imagem22.jpg 580w, https:\/\/webvasco.com\/artigos\/wp-content\/uploads\/2024\/06\/Imagem22-300x139.jpg 300w, https:\/\/webvasco.com\/artigos\/wp-content\/uploads\/2024\/06\/Imagem22-150x70.jpg 150w\" sizes=\"auto, (max-width: 580px) 100vw, 580px\" \/><\/figure>\n\n\n\n<figure class=\"wp-block-image size-large\"><img loading=\"lazy\" decoding=\"async\" width=\"550\" height=\"265\" data-id=\"9640\" src=\"https:\/\/webvasco.com\/artigos\/wp-content\/uploads\/2024\/06\/Imagem23.jpg\" alt=\"\" class=\"wp-image-9640\" srcset=\"https:\/\/webvasco.com\/artigos\/wp-content\/uploads\/2024\/06\/Imagem23.jpg 550w, https:\/\/webvasco.com\/artigos\/wp-content\/uploads\/2024\/06\/Imagem23-300x145.jpg 300w, https:\/\/webvasco.com\/artigos\/wp-content\/uploads\/2024\/06\/Imagem23-150x72.jpg 150w\" sizes=\"auto, (max-width: 550px) 100vw, 550px\" \/><\/figure>\n\n\n\n<figure class=\"wp-block-image size-large\"><img loading=\"lazy\" decoding=\"async\" width=\"584\" height=\"271\" data-id=\"9641\" src=\"https:\/\/webvasco.com\/artigos\/wp-content\/uploads\/2024\/06\/Imagem24.jpg\" alt=\"\" class=\"wp-image-9641\" srcset=\"https:\/\/webvasco.com\/artigos\/wp-content\/uploads\/2024\/06\/Imagem24.jpg 584w, https:\/\/webvasco.com\/artigos\/wp-content\/uploads\/2024\/06\/Imagem24-300x139.jpg 300w, https:\/\/webvasco.com\/artigos\/wp-content\/uploads\/2024\/06\/Imagem24-150x70.jpg 150w\" sizes=\"auto, (max-width: 584px) 100vw, 584px\" \/><\/figure>\n\n\n\n<figure class=\"wp-block-image size-large\"><img loading=\"lazy\" decoding=\"async\" width=\"550\" height=\"270\" data-id=\"9647\" src=\"https:\/\/webvasco.com\/artigos\/wp-content\/uploads\/2024\/06\/Imagem25.jpg\" alt=\"\" class=\"wp-image-9647\" srcset=\"https:\/\/webvasco.com\/artigos\/wp-content\/uploads\/2024\/06\/Imagem25.jpg 550w, https:\/\/webvasco.com\/artigos\/wp-content\/uploads\/2024\/06\/Imagem25-300x147.jpg 300w, https:\/\/webvasco.com\/artigos\/wp-content\/uploads\/2024\/06\/Imagem25-150x74.jpg 150w\" sizes=\"auto, (max-width: 550px) 100vw, 550px\" \/><\/figure>\n\n\n\n<figure class=\"wp-block-image size-large\"><img loading=\"lazy\" decoding=\"async\" width=\"578\" height=\"271\" data-id=\"9644\" src=\"https:\/\/webvasco.com\/artigos\/wp-content\/uploads\/2024\/06\/Imagem26.jpg\" alt=\"\" class=\"wp-image-9644\" srcset=\"https:\/\/webvasco.com\/artigos\/wp-content\/uploads\/2024\/06\/Imagem26.jpg 578w, https:\/\/webvasco.com\/artigos\/wp-content\/uploads\/2024\/06\/Imagem26-300x141.jpg 300w, https:\/\/webvasco.com\/artigos\/wp-content\/uploads\/2024\/06\/Imagem26-150x70.jpg 150w\" sizes=\"auto, (max-width: 578px) 100vw, 578px\" \/><\/figure>\n\n\n\n<figure class=\"wp-block-image size-large\"><img loading=\"lazy\" decoding=\"async\" width=\"550\" height=\"270\" data-id=\"9648\" src=\"https:\/\/webvasco.com\/artigos\/wp-content\/uploads\/2024\/06\/Imagem27.jpg\" alt=\"\" class=\"wp-image-9648\" srcset=\"https:\/\/webvasco.com\/artigos\/wp-content\/uploads\/2024\/06\/Imagem27.jpg 550w, https:\/\/webvasco.com\/artigos\/wp-content\/uploads\/2024\/06\/Imagem27-300x147.jpg 300w, https:\/\/webvasco.com\/artigos\/wp-content\/uploads\/2024\/06\/Imagem27-150x74.jpg 150w\" sizes=\"auto, (max-width: 550px) 100vw, 550px\" \/><\/figure>\n\n\n\n<figure class=\"wp-block-image size-large\"><img loading=\"lazy\" decoding=\"async\" width=\"579\" height=\"274\" data-id=\"9642\" src=\"https:\/\/webvasco.com\/artigos\/wp-content\/uploads\/2024\/06\/Imagem28.jpg\" alt=\"\" class=\"wp-image-9642\" srcset=\"https:\/\/webvasco.com\/artigos\/wp-content\/uploads\/2024\/06\/Imagem28.jpg 579w, https:\/\/webvasco.com\/artigos\/wp-content\/uploads\/2024\/06\/Imagem28-300x142.jpg 300w, https:\/\/webvasco.com\/artigos\/wp-content\/uploads\/2024\/06\/Imagem28-150x71.jpg 150w\" sizes=\"auto, (max-width: 579px) 100vw, 579px\" \/><\/figure>\n\n\n\n<figure class=\"wp-block-image size-large\"><img loading=\"lazy\" decoding=\"async\" width=\"550\" height=\"276\" data-id=\"9645\" src=\"https:\/\/webvasco.com\/artigos\/wp-content\/uploads\/2024\/06\/Imagem29.jpg\" alt=\"\" class=\"wp-image-9645\" srcset=\"https:\/\/webvasco.com\/artigos\/wp-content\/uploads\/2024\/06\/Imagem29.jpg 550w, https:\/\/webvasco.com\/artigos\/wp-content\/uploads\/2024\/06\/Imagem29-300x151.jpg 300w, https:\/\/webvasco.com\/artigos\/wp-content\/uploads\/2024\/06\/Imagem29-150x75.jpg 150w\" sizes=\"auto, (max-width: 550px) 100vw, 550px\" \/><\/figure>\n\n\n\n<figure class=\"wp-block-image size-large\"><img loading=\"lazy\" decoding=\"async\" width=\"584\" height=\"276\" data-id=\"9643\" src=\"https:\/\/webvasco.com\/artigos\/wp-content\/uploads\/2024\/06\/Imagem30.jpg\" alt=\"\" class=\"wp-image-9643\" srcset=\"https:\/\/webvasco.com\/artigos\/wp-content\/uploads\/2024\/06\/Imagem30.jpg 584w, https:\/\/webvasco.com\/artigos\/wp-content\/uploads\/2024\/06\/Imagem30-300x142.jpg 300w, https:\/\/webvasco.com\/artigos\/wp-content\/uploads\/2024\/06\/Imagem30-150x71.jpg 150w\" sizes=\"auto, (max-width: 584px) 100vw, 584px\" \/><\/figure>\n\n\n\n<figure class=\"wp-block-image size-large\"><img loading=\"lazy\" decoding=\"async\" width=\"565\" height=\"281\" data-id=\"9646\" src=\"https:\/\/webvasco.com\/artigos\/wp-content\/uploads\/2024\/06\/Imagem31.jpg\" alt=\"\" class=\"wp-image-9646\" srcset=\"https:\/\/webvasco.com\/artigos\/wp-content\/uploads\/2024\/06\/Imagem31.jpg 565w, https:\/\/webvasco.com\/artigos\/wp-content\/uploads\/2024\/06\/Imagem31-300x149.jpg 300w, https:\/\/webvasco.com\/artigos\/wp-content\/uploads\/2024\/06\/Imagem31-150x75.jpg 150w\" sizes=\"auto, (max-width: 565px) 100vw, 565px\" \/><\/figure>\n\n\n\n<figure class=\"wp-block-image size-large\"><img loading=\"lazy\" decoding=\"async\" width=\"584\" height=\"282\" data-id=\"9651\" src=\"https:\/\/webvasco.com\/artigos\/wp-content\/uploads\/2024\/06\/Imagem32.jpg\" alt=\"\" class=\"wp-image-9651\" srcset=\"https:\/\/webvasco.com\/artigos\/wp-content\/uploads\/2024\/06\/Imagem32.jpg 584w, https:\/\/webvasco.com\/artigos\/wp-content\/uploads\/2024\/06\/Imagem32-300x145.jpg 300w, https:\/\/webvasco.com\/artigos\/wp-content\/uploads\/2024\/06\/Imagem32-150x72.jpg 150w\" sizes=\"auto, (max-width: 584px) 100vw, 584px\" \/><\/figure>\n\n\n\n<figure class=\"wp-block-image size-large\"><img loading=\"lazy\" decoding=\"async\" width=\"565\" height=\"287\" data-id=\"9649\" src=\"https:\/\/webvasco.com\/artigos\/wp-content\/uploads\/2024\/06\/Imagem33.jpg\" alt=\"\" class=\"wp-image-9649\" srcset=\"https:\/\/webvasco.com\/artigos\/wp-content\/uploads\/2024\/06\/Imagem33.jpg 565w, https:\/\/webvasco.com\/artigos\/wp-content\/uploads\/2024\/06\/Imagem33-300x152.jpg 300w, https:\/\/webvasco.com\/artigos\/wp-content\/uploads\/2024\/06\/Imagem33-150x76.jpg 150w\" sizes=\"auto, (max-width: 565px) 100vw, 565px\" \/><\/figure>\n\n\n\n<figure class=\"wp-block-image size-large\"><img loading=\"lazy\" decoding=\"async\" width=\"583\" height=\"269\" data-id=\"9650\" src=\"https:\/\/webvasco.com\/artigos\/wp-content\/uploads\/2024\/06\/Imagem34.jpg\" alt=\"\" class=\"wp-image-9650\" srcset=\"https:\/\/webvasco.com\/artigos\/wp-content\/uploads\/2024\/06\/Imagem34.jpg 583w, https:\/\/webvasco.com\/artigos\/wp-content\/uploads\/2024\/06\/Imagem34-300x138.jpg 300w, https:\/\/webvasco.com\/artigos\/wp-content\/uploads\/2024\/06\/Imagem34-150x69.jpg 150w\" sizes=\"auto, (max-width: 583px) 100vw, 583px\" \/><\/figure>\n\n\n\n<figure class=\"wp-block-image size-large\"><img loading=\"lazy\" decoding=\"async\" width=\"565\" height=\"271\" data-id=\"9652\" src=\"https:\/\/webvasco.com\/artigos\/wp-content\/uploads\/2024\/06\/Imagem35.jpg\" alt=\"\" class=\"wp-image-9652\" srcset=\"https:\/\/webvasco.com\/artigos\/wp-content\/uploads\/2024\/06\/Imagem35.jpg 565w, https:\/\/webvasco.com\/artigos\/wp-content\/uploads\/2024\/06\/Imagem35-300x144.jpg 300w, https:\/\/webvasco.com\/artigos\/wp-content\/uploads\/2024\/06\/Imagem35-150x72.jpg 150w\" sizes=\"auto, (max-width: 565px) 100vw, 565px\" \/><\/figure>\n<\/figure>\n\n\n\n<p>&nbsp;&nbsp;&nbsp;&nbsp; Foi a vez do Presidente do CRVG, Pedrinho proferir que, aquele Gin\u00e1sio (local desta Audi\u00eancia P\u00fablica) foi o local onde passou boa parte da sua vida (Inf\u00e2ncia, Adolesc\u00eancia), se emocionando ao lembrar de seu Pai que o acompanhava, at\u00e9 passar para o Futebol de Campo, onde se tornou um Homem e um Atleta e que ele far\u00e1 parte da hist\u00f3ria desta Reforma do nosso Est\u00e1dio.<\/p>\n\n\n<div class=\"wp-block-image\">\n<figure class=\"aligncenter size-large\"><img loading=\"lazy\" decoding=\"async\" width=\"1024\" height=\"473\" src=\"https:\/\/webvasco.com\/artigos\/wp-content\/uploads\/2024\/06\/Imagem36-1024x473.jpg\" alt=\"\" class=\"wp-image-9653\" srcset=\"https:\/\/webvasco.com\/artigos\/wp-content\/uploads\/2024\/06\/Imagem36-1024x473.jpg 1024w, https:\/\/webvasco.com\/artigos\/wp-content\/uploads\/2024\/06\/Imagem36-300x139.jpg 300w, https:\/\/webvasco.com\/artigos\/wp-content\/uploads\/2024\/06\/Imagem36-150x69.jpg 150w, https:\/\/webvasco.com\/artigos\/wp-content\/uploads\/2024\/06\/Imagem36-768x355.jpg 768w, https:\/\/webvasco.com\/artigos\/wp-content\/uploads\/2024\/06\/Imagem36.jpg 1299w\" sizes=\"auto, (max-width: 1024px) 100vw, 1024px\" \/><figcaption class=\"wp-element-caption\">Pedrinho, Presidente do Club de Regatas Vasco da Gama<br \/>Fonte: C\u00e2mara Municipal do Rio de Janeiro<\/figcaption><\/figure>\n<\/div>\n\n\n<p><\/p>\n\n\n\n<p>&nbsp;&nbsp;&nbsp;&nbsp; A seguir, o Presidente da C\u00e2mara Municipal do Rio de Janeiro, Carlo Caiado, proferiu a felicidade de fazer parte deste prop\u00f3sito, assim como enalteceu o Futebol Carioca e Brasileiro e que S\u00e3o Janu\u00e1rio continuar\u00e1 fazendo parte da hist\u00f3ria.<\/p>\n\n\n\n<p>&nbsp;&nbsp;&nbsp; O mesmo falou sobre a Uni\u00e3o entre a C\u00e2mara Municipal com a Prefeitura e que o futebol desenvolve o alcance social e o desenvolvimento econ\u00f4mico.<\/p>\n\n\n\n<p>&nbsp;&nbsp;&nbsp; Lembrou tamb\u00e9m que estas 3 Audi\u00eancias P\u00fablicas serviram para o desenvolvimento deste Potencial Construtivo e as suas Finalidades.<\/p>\n\n\n<div class=\"wp-block-image\">\n<figure class=\"aligncenter size-large\"><img loading=\"lazy\" decoding=\"async\" width=\"1024\" height=\"473\" src=\"https:\/\/webvasco.com\/artigos\/wp-content\/uploads\/2024\/06\/Imagem37-1024x473.jpg\" alt=\"\" class=\"wp-image-9654\" srcset=\"https:\/\/webvasco.com\/artigos\/wp-content\/uploads\/2024\/06\/Imagem37-1024x473.jpg 1024w, https:\/\/webvasco.com\/artigos\/wp-content\/uploads\/2024\/06\/Imagem37-300x139.jpg 300w, https:\/\/webvasco.com\/artigos\/wp-content\/uploads\/2024\/06\/Imagem37-150x69.jpg 150w, https:\/\/webvasco.com\/artigos\/wp-content\/uploads\/2024\/06\/Imagem37-768x355.jpg 768w, https:\/\/webvasco.com\/artigos\/wp-content\/uploads\/2024\/06\/Imagem37.jpg 1299w\" sizes=\"auto, (max-width: 1024px) 100vw, 1024px\" \/><figcaption class=\"wp-element-caption\">Presidente da C\u00e2mara Municipal do Rio de Janeiro, Sr Carlo Caiado<br \/>Fonte: C\u00e2mara Municipal do Rio de Janeiro<\/figcaption><\/figure>\n<\/div>\n\n\n<p><\/p>\n\n\n\n<p>&nbsp;&nbsp;&nbsp;&nbsp; Posteriormente foi a vez do Vereador Zico, onde ele foi breve e agradeceu a presen\u00e7a dos \u00cddolos (Jogadores Campe\u00f5es pelo Vasco da Gama).<\/p>\n\n\n<div class=\"wp-block-image\">\n<figure class=\"aligncenter size-large\"><img loading=\"lazy\" decoding=\"async\" width=\"1024\" height=\"473\" src=\"https:\/\/webvasco.com\/artigos\/wp-content\/uploads\/2024\/06\/Imagem38-1024x473.jpg\" alt=\"\" class=\"wp-image-9656\" srcset=\"https:\/\/webvasco.com\/artigos\/wp-content\/uploads\/2024\/06\/Imagem38-1024x473.jpg 1024w, https:\/\/webvasco.com\/artigos\/wp-content\/uploads\/2024\/06\/Imagem38-300x139.jpg 300w, https:\/\/webvasco.com\/artigos\/wp-content\/uploads\/2024\/06\/Imagem38-150x69.jpg 150w, https:\/\/webvasco.com\/artigos\/wp-content\/uploads\/2024\/06\/Imagem38-768x355.jpg 768w, https:\/\/webvasco.com\/artigos\/wp-content\/uploads\/2024\/06\/Imagem38.jpg 1299w\" sizes=\"auto, (max-width: 1024px) 100vw, 1024px\" \/><figcaption class=\"wp-element-caption\">Vereador Zico, Presidente da Comiss\u00e3o de Esporte e Lazer<br \/>Fonte: C\u00e2mara Municipal do Rio de Janeiro<\/figcaption><\/figure>\n<\/div>\n\n\n<p><\/p>\n\n\n\n<p>\u00a0\u00a0\u00a0\u00a0 Logo ap\u00f3s, teve a palavra o Vereador Alexandre Isquierdo, onde o mesmo no seu \u201cboa noite\u201d proferiu aos seus colegas e a todos os presentes, que iria falar, n\u00e3o como Vereador, mas sim como Torcedor do Vasco da Gama e agradeceu a Deus, a oportunidade de fazer hist\u00f3ria, com todos aqueles que trabalharam para que esta obra venha a ocorrer.<\/p>\n\n\n<div class=\"wp-block-image\">\n<figure class=\"aligncenter size-large\"><img loading=\"lazy\" decoding=\"async\" width=\"1024\" height=\"473\" src=\"https:\/\/webvasco.com\/artigos\/wp-content\/uploads\/2024\/06\/Imagem39-1024x473.jpg\" alt=\"\" class=\"wp-image-9657\" srcset=\"https:\/\/webvasco.com\/artigos\/wp-content\/uploads\/2024\/06\/Imagem39-1024x473.jpg 1024w, https:\/\/webvasco.com\/artigos\/wp-content\/uploads\/2024\/06\/Imagem39-300x139.jpg 300w, https:\/\/webvasco.com\/artigos\/wp-content\/uploads\/2024\/06\/Imagem39-150x69.jpg 150w, https:\/\/webvasco.com\/artigos\/wp-content\/uploads\/2024\/06\/Imagem39-768x355.jpg 768w, https:\/\/webvasco.com\/artigos\/wp-content\/uploads\/2024\/06\/Imagem39.jpg 1299w\" sizes=\"auto, (max-width: 1024px) 100vw, 1024px\" \/><figcaption class=\"wp-element-caption\">Vereador Alexandre Isquierdo<br \/>Fonte: C\u00e2mara Municipal do Rio de Janeiro<\/figcaption><\/figure>\n<\/div>\n\n\n<p><\/p>\n\n\n\n<p>&nbsp;&nbsp;&nbsp; Com a palavra, o Vereador Willian Coelho enalteceu tal projeto e lembrou dos benef\u00edcios que ser\u00e3o gerados com esta reforma e que \u00e9 um orgulho de participar desta hist\u00f3ria, como Vereador e lembrou da sua passagem, como Jogador de futebol, nos campos do Clube e que morava em Sepetiba e levava cerca de duas horas para chegar ao Vasco, de \u201cFusquinha\u201d!<\/p>\n\n\n<div class=\"wp-block-image\">\n<figure class=\"aligncenter size-large\"><img loading=\"lazy\" decoding=\"async\" width=\"1024\" height=\"473\" src=\"https:\/\/webvasco.com\/artigos\/wp-content\/uploads\/2024\/06\/Imagem40-1024x473.jpg\" alt=\"\" class=\"wp-image-9658\" srcset=\"https:\/\/webvasco.com\/artigos\/wp-content\/uploads\/2024\/06\/Imagem40-1024x473.jpg 1024w, https:\/\/webvasco.com\/artigos\/wp-content\/uploads\/2024\/06\/Imagem40-300x139.jpg 300w, https:\/\/webvasco.com\/artigos\/wp-content\/uploads\/2024\/06\/Imagem40-150x69.jpg 150w, https:\/\/webvasco.com\/artigos\/wp-content\/uploads\/2024\/06\/Imagem40-768x355.jpg 768w, https:\/\/webvasco.com\/artigos\/wp-content\/uploads\/2024\/06\/Imagem40.jpg 1299w\" sizes=\"auto, (max-width: 1024px) 100vw, 1024px\" \/><figcaption class=\"wp-element-caption\">Vereador Willian Coelho<br \/>Fonte: C\u00e2mara Municipal do Rio de Janeiro<\/figcaption><\/figure>\n<\/div>\n\n\n<p><\/p>\n\n\n\n<p>&nbsp;&nbsp;&nbsp;&nbsp; A partir deste momento, o Presidente da Assembl\u00e9ia P\u00fablica posicionou que naquele momento, a palavra seria dada aos presentes Inscritos, para fazerem o uso da palavra.<\/p>\n\n\n\n<p>&nbsp;&nbsp;&nbsp;&nbsp; Inicialmente a palavra foi dada ao Engenheiro Civil Marcelo Paiva, Membro do Grupo Volunt\u00e1rio pela Revitaliza\u00e7\u00e3o do Entorno de S\u00e3o Janu\u00e1rio, onde ele proferiu os treze anos do Trabalho Volunt\u00e1rio do seu Grupo, apresentando ao P\u00fablico todos os Membros Volunt\u00e1rios do mesmo.<\/p>\n\n\n\n<p>&nbsp;&nbsp;&nbsp;&nbsp; Proferiu tamb\u00e9m a import\u00e2ncia desta Obra, cuja mesma proporcionar\u00e1 a Regi\u00e3o, Potenciais de Investimentos como: Educa\u00e7\u00e3o, Sa\u00fade, Habita\u00e7\u00e3o, Transporte, Seguran\u00e7a, Cultura, Turismo, entre outros.<\/p>\n\n\n\n<p>&nbsp;&nbsp;&nbsp;&nbsp; Tamb\u00e9m falou sobre o Impulso na Constru\u00e7\u00e3o Civil na Cidade, atrav\u00e9s do potencial Construtivo, gerando Empregos Diretos e Indiretos.<\/p>\n\n\n<div class=\"wp-block-image\">\n<figure class=\"aligncenter size-large\"><img loading=\"lazy\" decoding=\"async\" width=\"1024\" height=\"473\" src=\"https:\/\/webvasco.com\/artigos\/wp-content\/uploads\/2024\/06\/Imagem41-1024x473.jpg\" alt=\"\" class=\"wp-image-9659\" srcset=\"https:\/\/webvasco.com\/artigos\/wp-content\/uploads\/2024\/06\/Imagem41-1024x473.jpg 1024w, https:\/\/webvasco.com\/artigos\/wp-content\/uploads\/2024\/06\/Imagem41-300x139.jpg 300w, https:\/\/webvasco.com\/artigos\/wp-content\/uploads\/2024\/06\/Imagem41-150x69.jpg 150w, https:\/\/webvasco.com\/artigos\/wp-content\/uploads\/2024\/06\/Imagem41-768x355.jpg 768w, https:\/\/webvasco.com\/artigos\/wp-content\/uploads\/2024\/06\/Imagem41.jpg 1299w\" sizes=\"auto, (max-width: 1024px) 100vw, 1024px\" \/><figcaption class=\"wp-element-caption\">Engenheiro Civil, Dr Marcelo Paiva do Grupo Volunt\u00e1rio pela Revitaliza\u00e7\u00e3o do<br \/>Entorno do Est\u00e1dio de S\u00e3o Janu\u00e1rio<br \/>Fonte: C\u00e2mara Municipal do Rio de Janeiro<\/figcaption><\/figure>\n<\/div>\n\n\n<p><\/p>\n\n\n\n<p>&nbsp;&nbsp;&nbsp;&nbsp; Dando sequ\u00eancia, a palavra foi dada ao Vereador Pedro Duarte, o qual enalteceu o Projeto do Dr S\u00e9rgio Dias e a grande oportunidade de uma guinada no Futebol do Vasco da Gama, com a reforma, e lembrou tamb\u00e9m, que o Poder P\u00fablico tem uma grande d\u00edvida de a\u00e7\u00f5es na regi\u00e3o e que esta obra, proporcionar\u00e1 transforma\u00e7\u00f5es neste lugar e posicionou a felicidade de fazer parte desta hist\u00f3ria.<\/p>\n\n\n<div class=\"wp-block-image\">\n<figure class=\"aligncenter size-large\"><img loading=\"lazy\" decoding=\"async\" width=\"1024\" height=\"473\" src=\"https:\/\/webvasco.com\/artigos\/wp-content\/uploads\/2024\/06\/Imagem42-1024x473.jpg\" alt=\"\" class=\"wp-image-9660\" srcset=\"https:\/\/webvasco.com\/artigos\/wp-content\/uploads\/2024\/06\/Imagem42-1024x473.jpg 1024w, https:\/\/webvasco.com\/artigos\/wp-content\/uploads\/2024\/06\/Imagem42-300x139.jpg 300w, https:\/\/webvasco.com\/artigos\/wp-content\/uploads\/2024\/06\/Imagem42-150x69.jpg 150w, https:\/\/webvasco.com\/artigos\/wp-content\/uploads\/2024\/06\/Imagem42-768x355.jpg 768w, https:\/\/webvasco.com\/artigos\/wp-content\/uploads\/2024\/06\/Imagem42.jpg 1299w\" sizes=\"auto, (max-width: 1024px) 100vw, 1024px\" \/><figcaption class=\"wp-element-caption\">Vereador Pedro Duarte<br \/>Fonte: C\u00e2mara Municipal do Rio de Janeiro<\/figcaption><\/figure>\n<\/div>\n\n\n<p><\/p>\n\n\n\n<p>&nbsp;&nbsp;&nbsp;&nbsp;&nbsp;&nbsp; Ap\u00f3s o vereador, foi a vez do Sr Achiles Martins proferir o agradecimento a todos os Parlamentares, desta Assembl\u00e9ia P\u00fablica, assim como a todos os funcion\u00e1rios do CRVG e a Torcida vasca\u00edna.<\/p>\n\n\n<div class=\"wp-block-image\">\n<figure class=\"aligncenter size-large\"><img loading=\"lazy\" decoding=\"async\" width=\"1024\" height=\"473\" src=\"https:\/\/webvasco.com\/artigos\/wp-content\/uploads\/2024\/06\/Imagem43-1024x473.jpg\" alt=\"\" class=\"wp-image-9661\" srcset=\"https:\/\/webvasco.com\/artigos\/wp-content\/uploads\/2024\/06\/Imagem43-1024x473.jpg 1024w, https:\/\/webvasco.com\/artigos\/wp-content\/uploads\/2024\/06\/Imagem43-300x139.jpg 300w, https:\/\/webvasco.com\/artigos\/wp-content\/uploads\/2024\/06\/Imagem43-150x69.jpg 150w, https:\/\/webvasco.com\/artigos\/wp-content\/uploads\/2024\/06\/Imagem43-768x355.jpg 768w, https:\/\/webvasco.com\/artigos\/wp-content\/uploads\/2024\/06\/Imagem43.jpg 1299w\" sizes=\"auto, (max-width: 1024px) 100vw, 1024px\" \/><figcaption class=\"wp-element-caption\">Sr Achiles Martins<br \/>Fonte: C\u00e2mara Municipal do Rio de Janeiro<\/figcaption><\/figure>\n<\/div>\n\n\n<p><\/p>\n\n\n\n<p>&nbsp;&nbsp;&nbsp;&nbsp; A seguir, proferiu o Vereador Paulo Pinheiro a emo\u00e7\u00e3o de ter nascido, numa resid\u00eancia vizinha ao Est\u00e1dio de S\u00e3o Janu\u00e1rio, assim como os Benef\u00edcios que ser\u00e3o gerados nesta regi\u00e3o, com esta Reforma.<\/p>\n\n\n<div class=\"wp-block-image\">\n<figure class=\"aligncenter size-large\"><img loading=\"lazy\" decoding=\"async\" width=\"1024\" height=\"473\" src=\"https:\/\/webvasco.com\/artigos\/wp-content\/uploads\/2024\/06\/Imagem44-1024x473.jpg\" alt=\"\" class=\"wp-image-9662\" srcset=\"https:\/\/webvasco.com\/artigos\/wp-content\/uploads\/2024\/06\/Imagem44-1024x473.jpg 1024w, https:\/\/webvasco.com\/artigos\/wp-content\/uploads\/2024\/06\/Imagem44-300x139.jpg 300w, https:\/\/webvasco.com\/artigos\/wp-content\/uploads\/2024\/06\/Imagem44-150x69.jpg 150w, https:\/\/webvasco.com\/artigos\/wp-content\/uploads\/2024\/06\/Imagem44-768x355.jpg 768w, https:\/\/webvasco.com\/artigos\/wp-content\/uploads\/2024\/06\/Imagem44.jpg 1299w\" sizes=\"auto, (max-width: 1024px) 100vw, 1024px\" \/><figcaption class=\"wp-element-caption\">Vereador Paulo Pinheiro<br \/>Fonte: C\u00e2mara Municipal do Rio de Janeiro<\/figcaption><\/figure>\n<\/div>\n\n\n<p><\/p>\n\n\n\n<p>&nbsp;&nbsp;&nbsp;&nbsp; Dando continuidade, a vez foi do Vereador Lu\u00eds Ramos Filho que saudou as Autoridades Presentes e Parabenizou o Arquiteto Dr S\u00e9rgio Dias pelo Excelente Projeto desenvolvido e que teve o prazer de trabalhar junto com ele, quando este Arquiteto foi Secret\u00e1rio Municipal de Urbanismo.<\/p>\n\n\n\n<p>&nbsp;&nbsp;&nbsp;&nbsp; O mesmo lembrou tamb\u00e9m a Medalha \u201cS\u00e3o Francisco de Assis\u201d, entregue ao CRVG, pelo Pioneirismo em criar T\u00edtulos de S\u00f3cios, para os Pets dos S\u00f3cios!<\/p>\n\n\n<div class=\"wp-block-image\">\n<figure class=\"aligncenter size-large\"><img loading=\"lazy\" decoding=\"async\" width=\"1024\" height=\"473\" src=\"https:\/\/webvasco.com\/artigos\/wp-content\/uploads\/2024\/06\/Imagem45-1024x473.jpg\" alt=\"\" class=\"wp-image-9663\" srcset=\"https:\/\/webvasco.com\/artigos\/wp-content\/uploads\/2024\/06\/Imagem45-1024x473.jpg 1024w, https:\/\/webvasco.com\/artigos\/wp-content\/uploads\/2024\/06\/Imagem45-300x139.jpg 300w, https:\/\/webvasco.com\/artigos\/wp-content\/uploads\/2024\/06\/Imagem45-150x69.jpg 150w, https:\/\/webvasco.com\/artigos\/wp-content\/uploads\/2024\/06\/Imagem45-768x355.jpg 768w, https:\/\/webvasco.com\/artigos\/wp-content\/uploads\/2024\/06\/Imagem45.jpg 1299w\" sizes=\"auto, (max-width: 1024px) 100vw, 1024px\" \/><figcaption class=\"wp-element-caption\">\u00a0Vereador Lu\u00edz Ramos Filho<br \/>Fonte: C\u00e2mara Municipal do Rio de Janeiro<\/figcaption><\/figure>\n<\/div>\n\n\n<p><\/p>\n\n\n\n<p>&nbsp;&nbsp;&nbsp;&nbsp; Foi a vez do Sr Der\u00ea Gomes, Diretor da Federa\u00e7\u00e3o das Favelas do estado do Rio de Janeiro, agradecer as Autoridades da mesa e enalteceu a sua coordena\u00e7\u00e3o no Projeto \u201cS\u00f3 Cria\u201d, de Educa\u00e7\u00e3o Popular, a qual tem um N\u00facleo dentro do Col\u00e9gio Vasco da Gama, entre outras possibilidades que ser\u00e3o criadas na regi\u00e3o, com esta Amplia\u00e7\u00e3o de S\u00e3o Janu\u00e1rio.<\/p>\n\n\n<div class=\"wp-block-image\">\n<figure class=\"aligncenter size-large\"><img loading=\"lazy\" decoding=\"async\" width=\"1024\" height=\"473\" src=\"https:\/\/webvasco.com\/artigos\/wp-content\/uploads\/2024\/06\/Imagem46-1024x473.jpg\" alt=\"\" class=\"wp-image-9664\" srcset=\"https:\/\/webvasco.com\/artigos\/wp-content\/uploads\/2024\/06\/Imagem46-1024x473.jpg 1024w, https:\/\/webvasco.com\/artigos\/wp-content\/uploads\/2024\/06\/Imagem46-300x139.jpg 300w, https:\/\/webvasco.com\/artigos\/wp-content\/uploads\/2024\/06\/Imagem46-150x69.jpg 150w, https:\/\/webvasco.com\/artigos\/wp-content\/uploads\/2024\/06\/Imagem46-768x355.jpg 768w, https:\/\/webvasco.com\/artigos\/wp-content\/uploads\/2024\/06\/Imagem46.jpg 1299w\" sizes=\"auto, (max-width: 1024px) 100vw, 1024px\" \/><figcaption class=\"wp-element-caption\">Sr Der\u00ea Gomes, Diretor da Federa\u00e7\u00e3o de Favelas do Estado do Rio de Janeiro<br \/>Fonte: C\u00e2mara Municipal do Rio de Janeiro<\/figcaption><\/figure>\n<\/div>\n\n\n<p><\/p>\n\n\n\n<p>&nbsp;&nbsp;&nbsp;&nbsp; Dando continuidade, chegou a vez do Sr Arlem Martinez, Presidente da Associa\u00e7\u00e3o de Moradores do Caf\u00e9, agradecer pelo que ir\u00e1 ser feito pelo Poder&nbsp; P\u00fablico e perguntou, se os Comerciantes Informais do Entorno de SJ ter\u00e3o a oportunidade de continuarem exercendo as vossas atividades?<\/p>\n\n\n\n<p>&nbsp;&nbsp;&nbsp;&nbsp; O Sub Secret\u00e1rio da SMDU posicionou que pelo Poder P\u00fablico n\u00e3o h\u00e1 nenhuma previs\u00e3o de remo\u00e7\u00e3o de ambulantes, mas que poder\u00e1 cadastrar e autorizar os mesmos, assim como o Pedrinho posicionou que moradores da Barreira do Vasco, que sejam Profissionais de Obra e outros que ser\u00e3o Capacitados por iniciativas, ser\u00e3o aproveitados como M\u00e3o de Obra na Reforma de SJ.<\/p>\n\n\n\n<p>&nbsp;&nbsp;&nbsp;&nbsp; Prontamente o Sr Arlem Martinez, agradeceu pela resposta.<\/p>\n\n\n<div class=\"wp-block-image\">\n<figure class=\"aligncenter size-large\"><img loading=\"lazy\" decoding=\"async\" width=\"1024\" height=\"473\" src=\"https:\/\/webvasco.com\/artigos\/wp-content\/uploads\/2024\/06\/Imagem47-1024x473.jpg\" alt=\"\" class=\"wp-image-9665\" srcset=\"https:\/\/webvasco.com\/artigos\/wp-content\/uploads\/2024\/06\/Imagem47-1024x473.jpg 1024w, https:\/\/webvasco.com\/artigos\/wp-content\/uploads\/2024\/06\/Imagem47-300x139.jpg 300w, https:\/\/webvasco.com\/artigos\/wp-content\/uploads\/2024\/06\/Imagem47-150x69.jpg 150w, https:\/\/webvasco.com\/artigos\/wp-content\/uploads\/2024\/06\/Imagem47-768x355.jpg 768w, https:\/\/webvasco.com\/artigos\/wp-content\/uploads\/2024\/06\/Imagem47.jpg 1299w\" sizes=\"auto, (max-width: 1024px) 100vw, 1024px\" \/><figcaption class=\"wp-element-caption\">Sr Arlem Martinez Presidente da Associa\u00e7\u00e3o de Moradores do Caf\u00e9<br \/>Fonte: C\u00e2mara Municipal do Rio de Janeiro<\/figcaption><\/figure>\n<\/div>\n\n\n<p><\/p>\n\n\n\n<p>&nbsp;&nbsp;&nbsp;&nbsp; A seguir, o Presidente da Associa\u00e7\u00e3o de Moradores do Arar\u00e1, Sr Marcelo Ferreira, Parabenizou o Projeto de Amplia\u00e7\u00e3o de SJ, cujo mesmo afirmou que este Projeto dar\u00e1 uma transforma\u00e7\u00e3o positiva nesta regi\u00e3o.<\/p>\n\n\n<div class=\"wp-block-image\">\n<figure class=\"aligncenter size-large\"><img loading=\"lazy\" decoding=\"async\" width=\"1024\" height=\"473\" src=\"https:\/\/webvasco.com\/artigos\/wp-content\/uploads\/2024\/06\/Imagem48-1024x473.jpg\" alt=\"\" class=\"wp-image-9666\" srcset=\"https:\/\/webvasco.com\/artigos\/wp-content\/uploads\/2024\/06\/Imagem48-1024x473.jpg 1024w, https:\/\/webvasco.com\/artigos\/wp-content\/uploads\/2024\/06\/Imagem48-300x139.jpg 300w, https:\/\/webvasco.com\/artigos\/wp-content\/uploads\/2024\/06\/Imagem48-150x69.jpg 150w, https:\/\/webvasco.com\/artigos\/wp-content\/uploads\/2024\/06\/Imagem48-768x355.jpg 768w, https:\/\/webvasco.com\/artigos\/wp-content\/uploads\/2024\/06\/Imagem48.jpg 1299w\" sizes=\"auto, (max-width: 1024px) 100vw, 1024px\" \/><figcaption class=\"wp-element-caption\">Sr Marcelo Ferreira, Presidente da Associa\u00e7\u00e3o de Moradores do Arar\u00e1<br \/>Fonte: C\u00e2mara Municipal do Rio de Janeiro<\/figcaption><\/figure>\n<\/div>\n\n\n<p><\/p>\n\n\n\n<p>&nbsp;&nbsp;&nbsp;&nbsp; Chegou a vez da Sra V\u00e2nia Rodrigues, Presidente da Associa\u00e7\u00e3o de Moradores da Barreira do Vasco, agradecer aos Torcedores de Organizadas do Vasco, em momentos dif\u00edceis, agradeceu ao CRVG, atrav\u00e9s do Pedrinho, pelo que o Projeto de Reforma do Est\u00e1dio de SJ ir\u00e1 proporcionar ao Lugar, pois dar\u00e1 uma grande transforma\u00e7\u00e3o na Barreira do Vasco e que existe um elo muito forte, entre aquela Comunidade e o Clube.<\/p>\n\n\n<div class=\"wp-block-image\">\n<figure class=\"aligncenter size-large\"><img loading=\"lazy\" decoding=\"async\" width=\"1024\" height=\"473\" src=\"https:\/\/webvasco.com\/artigos\/wp-content\/uploads\/2024\/06\/Imagem49-1-1024x473.jpg\" alt=\"\" class=\"wp-image-9668\" srcset=\"https:\/\/webvasco.com\/artigos\/wp-content\/uploads\/2024\/06\/Imagem49-1-1024x473.jpg 1024w, https:\/\/webvasco.com\/artigos\/wp-content\/uploads\/2024\/06\/Imagem49-1-300x139.jpg 300w, https:\/\/webvasco.com\/artigos\/wp-content\/uploads\/2024\/06\/Imagem49-1-150x69.jpg 150w, https:\/\/webvasco.com\/artigos\/wp-content\/uploads\/2024\/06\/Imagem49-1-768x355.jpg 768w, https:\/\/webvasco.com\/artigos\/wp-content\/uploads\/2024\/06\/Imagem49-1.jpg 1299w\" sizes=\"auto, (max-width: 1024px) 100vw, 1024px\" \/><figcaption class=\"wp-element-caption\">Presidente da Associa\u00e7\u00e3o de Moradores da Barreira do Vasco, Sra V\u00e2nia Rodrigues<br \/>Fonte: C\u00e2mara Municipal do Rio de Janeiro<\/figcaption><\/figure>\n<\/div>\n\n\n<p><\/p>\n\n\n\n<p>&nbsp;&nbsp;&nbsp;&nbsp; Fechando a s\u00e9rie de Uso da Palavra pelos inscritos, foi a vez do Dr Renato Brito, 2\u00ba Vice Presidente Geral do CRVG, agradecer a presen\u00e7a das Torcidas Organizadas Vasca\u00ednas e posicionou que, as Favelas tem uma excelente rela\u00e7\u00e3o com o Vasco da Gama e que o CRVG ir\u00e1 fazer Cursos de Capacita\u00e7\u00e3o de Atividades de Trabalho, para Trabalhadores na Constru\u00e7\u00e3o da Reforma do Est\u00e1dio de S\u00e3o Janu\u00e1rio, assim como em outros Segmentos.<\/p>\n\n\n<div class=\"wp-block-image\">\n<figure class=\"aligncenter size-large\"><img loading=\"lazy\" decoding=\"async\" width=\"1024\" height=\"473\" src=\"https:\/\/webvasco.com\/artigos\/wp-content\/uploads\/2024\/06\/Imagem50-1024x473.jpg\" alt=\"\" class=\"wp-image-9669\" srcset=\"https:\/\/webvasco.com\/artigos\/wp-content\/uploads\/2024\/06\/Imagem50-1024x473.jpg 1024w, https:\/\/webvasco.com\/artigos\/wp-content\/uploads\/2024\/06\/Imagem50-300x139.jpg 300w, https:\/\/webvasco.com\/artigos\/wp-content\/uploads\/2024\/06\/Imagem50-150x69.jpg 150w, https:\/\/webvasco.com\/artigos\/wp-content\/uploads\/2024\/06\/Imagem50-768x355.jpg 768w, https:\/\/webvasco.com\/artigos\/wp-content\/uploads\/2024\/06\/Imagem50.jpg 1299w\" sizes=\"auto, (max-width: 1024px) 100vw, 1024px\" \/><figcaption class=\"wp-element-caption\">Dr Renato Brito, 2\u00ba Vice presidente Geral do CRVG<br \/>Fonte: C\u00e2mara Municipal do Rio de Janeiro<\/figcaption><\/figure>\n<\/div>\n\n\n<p><\/p>\n\n\n\n<p>&nbsp;&nbsp;&nbsp;&nbsp; Neste momento de Considera\u00e7\u00f5es Finais, o Presidente da Audi\u00eancia P\u00fablica, Vereador Eliseu Kessler, elogiou o Projeto da Amplia\u00e7\u00e3o\/Moderrniza\u00e7\u00e3o do Est\u00e1dio de S\u00e3o Janu\u00e1rio, assim como Elogiou o Arquiteto Dr S\u00e9rgio Dias, que \u00e9 seu Colega de Profiss\u00e3o e comparou esta Obra, quando Pronta, como uma grande Cidade. A \u201cCidade de S\u00e3o Janu\u00e1rio\u201d, local onde haver\u00e1 a Intera\u00e7\u00e3o Social, o Conv\u00edvio social e acima de tudo, os olhos do mundo estar\u00e3o voltados para este Equipamento.<\/p>\n\n\n\n<p>&nbsp;&nbsp;&nbsp;&nbsp; Como elogios finais, o Vereador dirigiu ao Prefeito do Rio de Janeiro, Sr Eduardo Paes que n\u00e3o pode estar presente, uma calorosa salva de palmas para ele, cujo seu Esfor\u00e7o Significativo foi notado e Servir\u00e1 de Refer\u00eancia para a Aprova\u00e7\u00e3o deste Projeto.<\/p>\n\n\n\n<p>&nbsp;&nbsp;&nbsp;&nbsp;&nbsp; Ao Final, o Presidente da Assembl\u00e9ia P\u00fablica, Vereador Eliseu Kessler, dirigiu a palavra, para o Presidente do CRVG, Sr Pedro Paulo de Oliveira, o Pedrinho, para puxar de p\u00e9, um Entusiasmado \u201cCasaca\u201d e posteriormente o Presidente da Assembl\u00e9ia deu por Encerrada esta Audi\u00eancia P\u00fablica.<\/p>\n\n\n<div class=\"wp-block-image\">\n<figure class=\"aligncenter size-large\"><img loading=\"lazy\" decoding=\"async\" width=\"1024\" height=\"473\" src=\"https:\/\/webvasco.com\/artigos\/wp-content\/uploads\/2024\/06\/Imagem51-1024x473.jpg\" alt=\"\" class=\"wp-image-9670\" srcset=\"https:\/\/webvasco.com\/artigos\/wp-content\/uploads\/2024\/06\/Imagem51-1024x473.jpg 1024w, https:\/\/webvasco.com\/artigos\/wp-content\/uploads\/2024\/06\/Imagem51-300x139.jpg 300w, https:\/\/webvasco.com\/artigos\/wp-content\/uploads\/2024\/06\/Imagem51-150x69.jpg 150w, https:\/\/webvasco.com\/artigos\/wp-content\/uploads\/2024\/06\/Imagem51-768x355.jpg 768w, https:\/\/webvasco.com\/artigos\/wp-content\/uploads\/2024\/06\/Imagem51.jpg 1299w\" sizes=\"auto, (max-width: 1024px) 100vw, 1024px\" \/><figcaption class=\"wp-element-caption\">Vereador Eliseu Kessler, Presidente da Audi\u00eancia P\u00fablica sobre o Potencial Construtivo<br \/>Fonte: C\u00e2mara Municipal do Rio de Janeiro<\/figcaption><\/figure>\n<\/div>\n\n\n<p><\/p>\n\n\n<div class=\"wp-block-image\">\n<figure class=\"aligncenter size-large\"><img loading=\"lazy\" decoding=\"async\" width=\"1024\" height=\"473\" src=\"https:\/\/webvasco.com\/artigos\/wp-content\/uploads\/2024\/06\/Imagem52-1024x473.jpg\" alt=\"\" class=\"wp-image-9672\" srcset=\"https:\/\/webvasco.com\/artigos\/wp-content\/uploads\/2024\/06\/Imagem52-1024x473.jpg 1024w, https:\/\/webvasco.com\/artigos\/wp-content\/uploads\/2024\/06\/Imagem52-300x139.jpg 300w, https:\/\/webvasco.com\/artigos\/wp-content\/uploads\/2024\/06\/Imagem52-150x69.jpg 150w, https:\/\/webvasco.com\/artigos\/wp-content\/uploads\/2024\/06\/Imagem52-768x355.jpg 768w, https:\/\/webvasco.com\/artigos\/wp-content\/uploads\/2024\/06\/Imagem52.jpg 1299w\" sizes=\"auto, (max-width: 1024px) 100vw, 1024px\" \/><figcaption class=\"wp-element-caption\">In\u00edcio do \u201cCasaca\u201d<\/figcaption><\/figure>\n<\/div>\n\n\n<p><\/p>\n\n\n<div class=\"wp-block-image\">\n<figure class=\"aligncenter size-large\"><img loading=\"lazy\" decoding=\"async\" width=\"1024\" height=\"473\" src=\"https:\/\/webvasco.com\/artigos\/wp-content\/uploads\/2024\/06\/Imagem53-1-1024x473.jpg\" alt=\"\" class=\"wp-image-9673\" srcset=\"https:\/\/webvasco.com\/artigos\/wp-content\/uploads\/2024\/06\/Imagem53-1-1024x473.jpg 1024w, https:\/\/webvasco.com\/artigos\/wp-content\/uploads\/2024\/06\/Imagem53-1-300x139.jpg 300w, https:\/\/webvasco.com\/artigos\/wp-content\/uploads\/2024\/06\/Imagem53-1-150x69.jpg 150w, https:\/\/webvasco.com\/artigos\/wp-content\/uploads\/2024\/06\/Imagem53-1-768x355.jpg 768w, https:\/\/webvasco.com\/artigos\/wp-content\/uploads\/2024\/06\/Imagem53-1.jpg 1299w\" sizes=\"auto, (max-width: 1024px) 100vw, 1024px\" \/><figcaption class=\"wp-element-caption\">Presidente do CRVG Pedrinho puxando o \u201cCasaca\u201d<br \/>Fonte: C\u00e2mara Municipal do Rio de Janeiro<\/figcaption><\/figure>\n<\/div>\n\n\n<p><\/p>\n\n\n<div class=\"wp-block-image\">\n<figure class=\"aligncenter size-large\"><img loading=\"lazy\" decoding=\"async\" width=\"1024\" height=\"473\" src=\"https:\/\/webvasco.com\/artigos\/wp-content\/uploads\/2024\/06\/Imagem54-1024x473.jpg\" alt=\"\" class=\"wp-image-9674\" srcset=\"https:\/\/webvasco.com\/artigos\/wp-content\/uploads\/2024\/06\/Imagem54-1024x473.jpg 1024w, https:\/\/webvasco.com\/artigos\/wp-content\/uploads\/2024\/06\/Imagem54-300x139.jpg 300w, https:\/\/webvasco.com\/artigos\/wp-content\/uploads\/2024\/06\/Imagem54-150x69.jpg 150w, https:\/\/webvasco.com\/artigos\/wp-content\/uploads\/2024\/06\/Imagem54-768x355.jpg 768w, https:\/\/webvasco.com\/artigos\/wp-content\/uploads\/2024\/06\/Imagem54.jpg 1299w\" sizes=\"auto, (max-width: 1024px) 100vw, 1024px\" \/><figcaption class=\"wp-element-caption\">Final do \u201cCasaca\u201d e Encerramento desta Audi\u00eancia P\u00fablica<br \/>Fonte: C\u00e3mara Municipal do Rio de Janeiro<\/figcaption><\/figure>\n<\/div>\n\n\n<p><\/p>\n\n\n\n<p>&nbsp;&nbsp;&nbsp;&nbsp; Sendo assim, este \u00e9 o relato do que ocorreu nesta Audi\u00eancia P\u00fablica e assistam abaixo, o V\u00eddeo da TV C\u00e2mara, a partir do minuto 23:24, o qual segue na \u00edntegra o que foi relatado neste Artigo.<\/p>\n\n\n\n<p>&nbsp;&nbsp;&nbsp; Sauda\u00e7\u00f5es Vasca\u00ednas e esta Reforma significa muito mais do que uma Obra e sim, a Reden\u00e7\u00e3o e o Futuro do Futebol do CRVG, assim como a Revitaliza\u00e7\u00e3o de uma Regi\u00e3o, que h\u00e1 d\u00e9cadas necessita de uma A\u00e7\u00e3o e Aten\u00e7\u00e3o P\u00fablica na mesma.<\/p>\n\n\n\n<p>\u00a0\u00a0\u00a0 Deus seja Louvado!<\/p>\n\n\n\n<figure class=\"wp-block-embed aligncenter is-type-video is-provider-youtube wp-block-embed-youtube wp-embed-aspect-16-9 wp-has-aspect-ratio\"><div class=\"wp-block-embed__wrapper\">\n<iframe loading=\"lazy\" title=\"Audi\u00eancia P\u00fablica sobre o PLC que institui Opera\u00e7\u00e3o Urbana Consorciada de S\u00e3o Janu\u00e1rio - 11.06.2024\" width=\"640\" height=\"360\" src=\"https:\/\/www.youtube.com\/embed\/dDQ4eAv-E6U?start=1762&#038;feature=oembed\" frameborder=\"0\" allow=\"accelerometer; autoplay; clipboard-write; encrypted-media; gyroscope; picture-in-picture; web-share\" referrerpolicy=\"strict-origin-when-cross-origin\" allowfullscreen><\/iframe>\n<\/div><\/figure>\n\n\n\n<p><\/p>\n","protected":false},"excerpt":{"rendered":"<p>&nbsp;&nbsp;&nbsp;&nbsp; Caros amigos Vasca\u00ednos, vimos por este Artigo, trazer Informa\u00e7\u00f5es B\u00e1sicas a respeito da \u00daltima&#8230;<\/p>\n","protected":false},"author":3,"featured_media":9646,"comment_status":"open","ping_status":"closed","sticky":false,"template":"","format":"standard","meta":{"footnotes":""},"categories":[16],"tags":[],"class_list":["post-9617","post","type-post","status-publish","format-standard","has-post-thumbnail","hentry","category-marcelopaiva"],"_links":{"self":[{"href":"https:\/\/webvasco.com\/artigos\/wp-json\/wp\/v2\/posts\/9617","targetHints":{"allow":["GET"]}}],"collection":[{"href":"https:\/\/webvasco.com\/artigos\/wp-json\/wp\/v2\/posts"}],"about":[{"href":"https:\/\/webvasco.com\/artigos\/wp-json\/wp\/v2\/types\/post"}],"author":[{"embeddable":true,"href":"https:\/\/webvasco.com\/artigos\/wp-json\/wp\/v2\/users\/3"}],"replies":[{"embeddable":true,"href":"https:\/\/webvasco.com\/artigos\/wp-json\/wp\/v2\/comments?post=9617"}],"version-history":[{"count":1,"href":"https:\/\/webvasco.com\/artigos\/wp-json\/wp\/v2\/posts\/9617\/revisions"}],"predecessor-version":[{"id":9675,"href":"https:\/\/webvasco.com\/artigos\/wp-json\/wp\/v2\/posts\/9617\/revisions\/9675"}],"wp:featuredmedia":[{"embeddable":true,"href":"https:\/\/webvasco.com\/artigos\/wp-json\/wp\/v2\/media\/9646"}],"wp:attachment":[{"href":"https:\/\/webvasco.com\/artigos\/wp-json\/wp\/v2\/media?parent=9617"}],"wp:term":[{"taxonomy":"category","embeddable":true,"href":"https:\/\/webvasco.com\/artigos\/wp-json\/wp\/v2\/categories?post=9617"},{"taxonomy":"post_tag","embeddable":true,"href":"https:\/\/webvasco.com\/artigos\/wp-json\/wp\/v2\/tags?post=9617"}],"curies":[{"name":"wp","href":"https:\/\/api.w.org\/{rel}","templated":true}]}}