{"id":9676,"date":"2024-06-27T13:14:26","date_gmt":"2024-06-27T16:14:26","guid":{"rendered":"https:\/\/webvasco.com\/artigos\/?p=9676"},"modified":"2024-06-27T13:14:26","modified_gmt":"2024-06-27T16:14:26","slug":"elas-o-professor-ilana","status":"publish","type":"post","link":"https:\/\/webvasco.com\/artigos\/temas\/elas-e-o-professor\/elas-o-professor-ilana\/","title":{"rendered":"ELAS &amp; O PROFESSOR \u2013 ILANA"},"content":{"rendered":"\n<p><strong><u>ELAS &amp; O PROFESSOR<\/u><\/strong><\/p>\n\n\n\n<p><strong>POR LUIZ CARLOS ROCHA<\/strong><\/p>\n\n\n\n<p>A entrevista de junho de 2024, com &nbsp;Ilana Silva da Costa \u00e9 dedicada ao grande amor da minha vida, que \u00e9 toda a fonte de inspira\u00e7\u00e3o, minha filha amada \u00darsulla Rocha.<\/p>\n\n\n\n<p><strong>&nbsp;&nbsp;&nbsp; ILANA, <\/strong>solteira, vendedora, 31 anos, moradora de Queimados (Baixada Fluminense \/ RJ), do s\u00edgno de C\u00e2ncer, sua Escola de Samba de cora\u00e7\u00e3o \u00e9 a Beija-Flor de Nil\u00f3polis, boa de boca disse n\u00e3o ter um prato predileto, pois gosta de tudo. Quanto a religi\u00e3o afirmou n\u00e3o ter. Nas horas vagas gosta de curtir a fam\u00edlia e amigos.<\/p>\n\n\n\n<p><strong>&nbsp;&nbsp;&nbsp; Voc\u00ea acredita no Vasco da Gama na temporada 2024?<\/strong><\/p>\n\n\n\n<p>Sempre.<\/p>\n\n\n\n<p><strong>\u00a0\u00a0\u00a0 O Cruzmaltino tem alguma chance de sagrar-se campe\u00e3o do Campeonato Brasileiro?<\/strong><\/p>\n\n\n\n<p>\u00c9 improv\u00e1vel.<\/p>\n\n\n\n<p><strong>&nbsp;&nbsp;&nbsp; Se n\u00e3o levantar a ta\u00e7a no Brasileir\u00e3o, pelo menos ter\u00e1 chance de disputar a Libertadores 2025?<\/strong><\/p>\n\n\n\n<p>Sim.<\/p>\n\n\n\n<p><strong>&nbsp;&nbsp;&nbsp; O que voc\u00ea achou da passagem mete\u00f3rica do treinador portuga \u00c1lvaro Pacheco?<\/strong><\/p>\n\n\n\n<p>Rid\u00edcula, n\u00e3o conseguiu fazer o time se impor num jogo sequer.<\/p>\n\n\n\n<p><strong>&nbsp;&nbsp;&nbsp; O fato de Jorge Jesus (ex-Flamengo) e Abel Ferreira (Palmeiras) serem portugueses n\u00e3o significa que todo treinador de Portugal \u00e9 bom, n\u00e3o \u00e9?<\/strong><\/p>\n\n\n\n<p>Sim.<\/p>\n\n\n\n<p><strong>&nbsp;&nbsp;&nbsp; Tanto que Ricardo S\u00e1 Pinto j\u00e1 esteve no comando vasca\u00edno e pouco produziu. Podemos compar\u00e1-los?<\/strong><\/p>\n\n\n\n<p>N\u00e3o.<\/p>\n\n\n\n<p><strong>&nbsp;&nbsp;&nbsp; Qual a camisa vasca\u00edna \u00e9 mais f\u00e1cil de vender?<\/strong><\/p>\n\n\n\n<p>Qualquer camisa do Vasco \u00e9 f\u00e1cil de vender, mas a minha prefer\u00eancia s\u00e3o as camisas negras.<\/p>\n\n\n\n<p><strong>&nbsp;&nbsp;&nbsp; O Gigante da Colina precisa procurar um t\u00e9cnico estrangeiro ou aqui no Brasil h\u00e1 algu\u00e9m capaz?<\/strong><\/p>\n\n\n\n<p>N\u00e3o importa a nacionalidade, o que importa s\u00e3o os resultados em campo .<\/p>\n\n\n\n<p><strong>&nbsp;&nbsp;&nbsp; Luiz Felipe Scolari \u00e9 uma boa indica\u00e7\u00e3o para o presidente Pedrinho?<\/strong><\/p>\n\n\n\n<p>N\u00e3o, ele \u00e9 ultrapassado.<\/p>\n\n\n\n<p><strong>&nbsp;&nbsp;&nbsp; Qual atleta do atual plantel vasca\u00edno jamais poder\u00e1 ser negociado?<\/strong><\/p>\n\n\n\n<p>L\u00e9o Jardim.<\/p>\n\n\n\n<p><strong>&nbsp;&nbsp;&nbsp; Vamos imaginar uma promo\u00e7\u00e3o: Compre 1 e leve 5 do elenco cruzmaltino. Quem seriam os 5 jogadores da promo\u00e7\u00e3o?<\/strong><\/p>\n\n\n\n<p>L\u00e9o Pel\u00e9, Maicon, Puma Rodr\u00edguez, Hugo Moura e Galdames .<\/p>\n\n\n\n<p><strong>&nbsp;&nbsp;&nbsp; Se voc\u00ea puder escolher entre o Vasco ser campe\u00e3o brasileiro de 2024 ou Fluminense rebaixado em 2024, o que voc\u00ea escolheria?<\/strong><\/p>\n\n\n\n<p>Vasco campe\u00e3o sempre. Pois o que faz o clube crescer cada vez mais s\u00e3o os t\u00edtulos, e n\u00e3o rebaixamentos dos rivais.<\/p>\n\n\n\n<p><strong><u>FOTOGRAFIAS \u00a0FORNECIDAS PELA ENTREVISTADA.<\/u><\/strong><\/p>\n\n\n\n<figure class=\"wp-block-image size-large\"><img loading=\"lazy\" decoding=\"async\" width=\"498\" height=\"1024\" src=\"https:\/\/webvasco.com\/artigos\/wp-content\/uploads\/2024\/06\/WhatsApp-Image-2024-06-23-at-21.18.25-498x1024.jpeg\" alt=\"\" class=\"wp-image-9677\" srcset=\"https:\/\/webvasco.com\/artigos\/wp-content\/uploads\/2024\/06\/WhatsApp-Image-2024-06-23-at-21.18.25-498x1024.jpeg 498w, https:\/\/webvasco.com\/artigos\/wp-content\/uploads\/2024\/06\/WhatsApp-Image-2024-06-23-at-21.18.25-146x300.jpeg 146w, https:\/\/webvasco.com\/artigos\/wp-content\/uploads\/2024\/06\/WhatsApp-Image-2024-06-23-at-21.18.25-73x150.jpeg 73w, https:\/\/webvasco.com\/artigos\/wp-content\/uploads\/2024\/06\/WhatsApp-Image-2024-06-23-at-21.18.25.jpeg 640w\" sizes=\"auto, (max-width: 498px) 100vw, 498px\" \/><\/figure>\n","protected":false},"excerpt":{"rendered":"<p>ELAS &amp; O PROFESSOR POR LUIZ CARLOS ROCHA A entrevista de junho de 2024, com&#8230;<\/p>\n","protected":false},"author":7,"featured_media":9677,"comment_status":"open","ping_status":"closed","sticky":false,"template":"","format":"standard","meta":{"footnotes":""},"categories":[27],"tags":[],"class_list":["post-9676","post","type-post","status-publish","format-standard","has-post-thumbnail","hentry","category-elas-e-o-professor"],"_links":{"self":[{"href":"https:\/\/webvasco.com\/artigos\/wp-json\/wp\/v2\/posts\/9676","targetHints":{"allow":["GET"]}}],"collection":[{"href":"https:\/\/webvasco.com\/artigos\/wp-json\/wp\/v2\/posts"}],"about":[{"href":"https:\/\/webvasco.com\/artigos\/wp-json\/wp\/v2\/types\/post"}],"author":[{"embeddable":true,"href":"https:\/\/webvasco.com\/artigos\/wp-json\/wp\/v2\/users\/7"}],"replies":[{"embeddable":true,"href":"https:\/\/webvasco.com\/artigos\/wp-json\/wp\/v2\/comments?post=9676"}],"version-history":[{"count":1,"href":"https:\/\/webvasco.com\/artigos\/wp-json\/wp\/v2\/posts\/9676\/revisions"}],"predecessor-version":[{"id":9678,"href":"https:\/\/webvasco.com\/artigos\/wp-json\/wp\/v2\/posts\/9676\/revisions\/9678"}],"wp:featuredmedia":[{"embeddable":true,"href":"https:\/\/webvasco.com\/artigos\/wp-json\/wp\/v2\/media\/9677"}],"wp:attachment":[{"href":"https:\/\/webvasco.com\/artigos\/wp-json\/wp\/v2\/media?parent=9676"}],"wp:term":[{"taxonomy":"category","embeddable":true,"href":"https:\/\/webvasco.com\/artigos\/wp-json\/wp\/v2\/categories?post=9676"},{"taxonomy":"post_tag","embeddable":true,"href":"https:\/\/webvasco.com\/artigos\/wp-json\/wp\/v2\/tags?post=9676"}],"curies":[{"name":"wp","href":"https:\/\/api.w.org\/{rel}","templated":true}]}}