{"id":9679,"date":"2024-07-26T13:15:17","date_gmt":"2024-07-26T16:15:17","guid":{"rendered":"https:\/\/webvasco.com\/artigos\/?p=9679"},"modified":"2024-07-26T18:04:48","modified_gmt":"2024-07-26T21:04:48","slug":"elas-o-professor-ev","status":"publish","type":"post","link":"https:\/\/webvasco.com\/artigos\/temas\/elas-e-o-professor\/elas-o-professor-ev\/","title":{"rendered":"ELAS &amp; O PROFESSOR \u2013 EV"},"content":{"rendered":"\n<p><strong><u>ELAS &amp; O PROFESSOR<\/u><\/strong><\/p>\n\n\n\n<p><strong>POR LUIZ CARLOS ROCHA<\/strong><\/p>\n\n\n\n<p>A entrevista de julho de 2024, com Evelyn Rocha \u00e9 dedicada ao grande amor da minha vida, meu amor infinito, meu cora\u00e7\u00e3ozinho fora do peito, minha filha amada <strong>\u00darsulla Rocha<\/strong>.<\/p>\n\n\n\n<p><strong>\u00a0\u00a0\u00a0 EV, <\/strong>casada com o Luis Maffei, professor, poeta e autor de dois livros com tem\u00e1tica Cruz Maltina, psicanalista, professora e editora, \u00a036 anos, madrasta do vasca\u00edno Dioniso (de 13 anos), moradora de Icara\u00ed, Niter\u00f3i\/RJ, do s\u00edgno de G\u00eameos, sua Escola de Samba de cora\u00e7\u00e3o \u00e9 a Mocidade Independente de Icara\u00ed, tendo inclusive j\u00e1 desfilado pela agremia\u00e7\u00e3o, seus pratos prediletos s\u00e3o Kibe Cru e Sushi, das culin\u00e1rias arabe e japonesa, Quanto a religi\u00e3o pediu para n\u00e3o citar. Nas horas vagas a intelectual vasca\u00edna gosta de ler e ver s\u00e9ries.<\/p>\n\n\n\n<p>&nbsp;<strong>&nbsp;&nbsp;&nbsp;&nbsp;&nbsp;&nbsp;&nbsp;&nbsp; O Vasco da Gama acertou em repatriar&nbsp; Philippe Coutinho?<\/strong><\/p>\n\n\n\n<p>Com certeza! Jogador acima da m\u00e9dia, e gosta do Vasco.<\/p>\n\n\n\n<p><strong>&nbsp;&nbsp;&nbsp;&nbsp;&nbsp;&nbsp;&nbsp;&nbsp;&nbsp; Com Philippe Coutinho, Dimitri Payet e Pablo Vegetti o Cruzmaltino j\u00e1 est\u00e1 completo de estrelas ou falta mais algu\u00e9m?<\/strong><\/p>\n\n\n\n<p>Falta sempre. Precisamos de um elenco mais completo e regular. E uma op\u00e7\u00e3o de zagueiro.<\/p>\n\n\n\n<p><strong>&nbsp;&nbsp;&nbsp;&nbsp;&nbsp;&nbsp;&nbsp;&nbsp;&nbsp; O Camisa 11 (Coutinho) mostrou amor pelo clube quando optou em voltar?<\/strong><\/p>\n\n\n\n<p>Sim, o Vasco n\u00e3o \u00e9 um time, \u00e9 um sentimento. Al\u00e9m disso, a vontade de voltar para a Sele\u00e7\u00e3o (Brasileira). O Vasco pode ser uma porta para isso.<\/p>\n\n\n\n<p><strong>&nbsp;&nbsp;&nbsp;&nbsp;&nbsp;&nbsp;&nbsp;&nbsp;&nbsp; O contrato de Philippe Coutinho deveria ser mais longo ou 1 ano ser\u00e1 suficiente?<\/strong><\/p>\n\n\n\n<p>Penso que poderia ser mais longo, mas o Aston Villa n\u00e3o aceitou, ent\u00e3o, para come\u00e7ar, est\u00e1 bom.<\/p>\n\n\n\n<p><strong>&nbsp;&nbsp;&nbsp;&nbsp;&nbsp;&nbsp;&nbsp;&nbsp;&nbsp; Com \u201cLittle Couto\u201d poderemos ter esperan\u00e7a de conquistar o t\u00edtulo do Campeonato Brasileiro de 2024?<\/strong><\/p>\n\n\n\n<p>Sou muito realista, acho que podemos ter esperan\u00e7as de jogos emocionantes, por\u00e9m com calma.<\/p>\n\n\n\n<p><strong>&nbsp;&nbsp;&nbsp;&nbsp;&nbsp;&nbsp;&nbsp;&nbsp;&nbsp; A Barreira (comunidade pr\u00f3xima a S\u00e3o Janu\u00e1rio) vai virar baile, conforme o funk do momento?<\/strong><\/p>\n\n\n\n<p>J\u00e1 virou. Mesmo lutando contra o rebaixamento ano passado, e em outros anos, o Vasco \u00e9 uma festa!<\/p>\n\n\n\n<p><strong>&nbsp;&nbsp;&nbsp;&nbsp;&nbsp;&nbsp;&nbsp;&nbsp;&nbsp; Coutinho tem de jogar ao lado de Vegetti bem na frente ou um pouco mais recuado fazendo tabelinha com Payet?<\/strong><\/p>\n\n\n\n<p>Tabelinha com Payet. Quero muito ver isso. Mas temos de analisar se jogando juntos n\u00e3o afetar\u00e3o a estrutura defensiva.<\/p>\n\n\n\n<p><strong>&nbsp;&nbsp;&nbsp;&nbsp;&nbsp;&nbsp;&nbsp;&nbsp;&nbsp; Philippe Coutinho pediu para o Pedrinho (presidente do clube) trazer tamb\u00e9m Souza e Alex Teixeira, h\u00e1 espa\u00e7o para eles no time titular?<\/strong><\/p>\n\n\n\n<p>Acho \u00f3timo que tenhamos boas op\u00e7\u00f5es de forma\u00e7\u00e3o ou novas possibilidades de jogadores nas posi\u00e7\u00f5es, mas no time titular, acho que o Souza, se estiver bem fisicamente disputa vaga, j\u00e1 que Coc\u00e3o e Hugo Moura est\u00e3o mandando bem.<\/p>\n\n\n\n<p><strong>&nbsp;&nbsp;&nbsp;&nbsp;&nbsp;&nbsp;&nbsp;&nbsp;&nbsp; O t\u00e9cnico Rafael Paiva t\u00eam experi\u00eancia para comandar tantas estrelas na equipe?<\/strong><\/p>\n\n\n\n<p>Alguma experi\u00eancia. O importante \u00e9 que por enquanto tem feito um trabalho inteligente e tem a hist\u00f3ria na base. Vamos confiar.<\/p>\n\n\n\n<p><strong>&nbsp;&nbsp;&nbsp;&nbsp;&nbsp;&nbsp;&nbsp;&nbsp;&nbsp; Que tipo de impacto acontecer\u00e1 com o Vasco com a vinda de Coutinho?<\/strong><\/p>\n\n\n\n<p>Acredito que o meio de campo vai ganhar muita classe e rendimentos de passes, ou seja, qualidade para o time. Confian\u00e7a dos torcedores e com isso, talvez aumentar o n\u00famero de s\u00f3cios.<\/p>\n\n\n\n<p><strong>&nbsp;&nbsp;&nbsp;&nbsp;&nbsp;&nbsp;&nbsp;&nbsp;&nbsp; Depois do Roberto Dinamite podemos afirmar que Philippe Coutinho \u00e9 o maior \u00eddolo do Gigante da Colina?<\/strong><\/p>\n\n\n\n<p>Nossa que disputa pesada! N\u00e3o posso afirmar. T\u00eam Juninho Pernambucano, Germano, Galv\u00e3o, Rom\u00e1rio, Bebeto, Pedrinho, Edmundo, muitos outros.<\/p>\n\n\n\n<p><strong>&nbsp;&nbsp;&nbsp;&nbsp;&nbsp;&nbsp;&nbsp;&nbsp;&nbsp; Se voc\u00ea pudesse escolher Coutinho trazendo uma Ta\u00e7a da Copa do Mundo ou uma Ta\u00e7a do Brasileir\u00e3o para S\u00e3o Janu\u00e1rio, qual seria sua op\u00e7\u00e3o?<\/strong><\/p>\n\n\n\n<p>Ta\u00e7a para S\u00e3o Janu\u00e1rio, sem d\u00favida (terminou a entrevista sorrindo).<\/p>\n\n\n\n<p><strong><u>FOTOGRAFIAS &nbsp;FORNECIDAS PELA ENTREVISTADA.<\/u><\/strong><\/p>\n\n\n\n<figure class=\"wp-block-gallery has-nested-images columns-default is-cropped wp-block-gallery-1 is-layout-flex wp-block-gallery-is-layout-flex\">\n<figure class=\"wp-block-image size-large\"><img loading=\"lazy\" decoding=\"async\" width=\"766\" height=\"1024\" data-id=\"9680\" src=\"https:\/\/webvasco.com\/artigos\/wp-content\/uploads\/2024\/07\/WhatsApp-Image-2024-07-22-at-21.41.36-766x1024.jpeg\" alt=\"\" class=\"wp-image-9680\" srcset=\"https:\/\/webvasco.com\/artigos\/wp-content\/uploads\/2024\/07\/WhatsApp-Image-2024-07-22-at-21.41.36-766x1024.jpeg 766w, https:\/\/webvasco.com\/artigos\/wp-content\/uploads\/2024\/07\/WhatsApp-Image-2024-07-22-at-21.41.36-225x300.jpeg 225w, https:\/\/webvasco.com\/artigos\/wp-content\/uploads\/2024\/07\/WhatsApp-Image-2024-07-22-at-21.41.36-112x150.jpeg 112w, https:\/\/webvasco.com\/artigos\/wp-content\/uploads\/2024\/07\/WhatsApp-Image-2024-07-22-at-21.41.36-768x1026.jpeg 768w, https:\/\/webvasco.com\/artigos\/wp-content\/uploads\/2024\/07\/WhatsApp-Image-2024-07-22-at-21.41.36.jpeg 958w\" sizes=\"auto, (max-width: 766px) 100vw, 766px\" \/><\/figure>\n\n\n\n<figure class=\"wp-block-image size-large\"><img loading=\"lazy\" decoding=\"async\" width=\"1024\" height=\"1024\" data-id=\"9684\" src=\"https:\/\/webvasco.com\/artigos\/wp-content\/uploads\/2024\/07\/WhatsApp-Image-2024-07-22-at-21.43.15-1024x1024.jpeg\" alt=\"\" class=\"wp-image-9684\" srcset=\"https:\/\/webvasco.com\/artigos\/wp-content\/uploads\/2024\/07\/WhatsApp-Image-2024-07-22-at-21.43.15-1024x1024.jpeg 1024w, https:\/\/webvasco.com\/artigos\/wp-content\/uploads\/2024\/07\/WhatsApp-Image-2024-07-22-at-21.43.15-300x300.jpeg 300w, https:\/\/webvasco.com\/artigos\/wp-content\/uploads\/2024\/07\/WhatsApp-Image-2024-07-22-at-21.43.15-150x150.jpeg 150w, https:\/\/webvasco.com\/artigos\/wp-content\/uploads\/2024\/07\/WhatsApp-Image-2024-07-22-at-21.43.15-768x768.jpeg 768w, https:\/\/webvasco.com\/artigos\/wp-content\/uploads\/2024\/07\/WhatsApp-Image-2024-07-22-at-21.43.15.jpeg 1280w\" sizes=\"auto, (max-width: 1024px) 100vw, 1024px\" \/><\/figure>\n\n\n\n<figure class=\"wp-block-image size-large\"><img loading=\"lazy\" decoding=\"async\" width=\"768\" height=\"1024\" data-id=\"9685\" src=\"https:\/\/webvasco.com\/artigos\/wp-content\/uploads\/2024\/07\/WhatsApp-Image-2024-07-22-at-21.50.24-1-768x1024.jpeg\" alt=\"\" class=\"wp-image-9685\" srcset=\"https:\/\/webvasco.com\/artigos\/wp-content\/uploads\/2024\/07\/WhatsApp-Image-2024-07-22-at-21.50.24-1-768x1024.jpeg 768w, https:\/\/webvasco.com\/artigos\/wp-content\/uploads\/2024\/07\/WhatsApp-Image-2024-07-22-at-21.50.24-1-225x300.jpeg 225w, https:\/\/webvasco.com\/artigos\/wp-content\/uploads\/2024\/07\/WhatsApp-Image-2024-07-22-at-21.50.24-1-113x150.jpeg 113w, https:\/\/webvasco.com\/artigos\/wp-content\/uploads\/2024\/07\/WhatsApp-Image-2024-07-22-at-21.50.24-1-1152x1536.jpeg 1152w, https:\/\/webvasco.com\/artigos\/wp-content\/uploads\/2024\/07\/WhatsApp-Image-2024-07-22-at-21.50.24-1-1024x1365.jpeg 1024w, https:\/\/webvasco.com\/artigos\/wp-content\/uploads\/2024\/07\/WhatsApp-Image-2024-07-22-at-21.50.24-1.jpeg 1200w\" sizes=\"auto, (max-width: 768px) 100vw, 768px\" \/><\/figure>\n\n\n\n<figure class=\"wp-block-image size-large\"><img loading=\"lazy\" decoding=\"async\" width=\"768\" height=\"1024\" data-id=\"9688\" src=\"https:\/\/webvasco.com\/artigos\/wp-content\/uploads\/2024\/07\/WhatsApp-Image-2024-07-22-at-21.50.24-768x1024.jpeg\" alt=\"\" class=\"wp-image-9688\" srcset=\"https:\/\/webvasco.com\/artigos\/wp-content\/uploads\/2024\/07\/WhatsApp-Image-2024-07-22-at-21.50.24-768x1024.jpeg 768w, https:\/\/webvasco.com\/artigos\/wp-content\/uploads\/2024\/07\/WhatsApp-Image-2024-07-22-at-21.50.24-225x300.jpeg 225w, https:\/\/webvasco.com\/artigos\/wp-content\/uploads\/2024\/07\/WhatsApp-Image-2024-07-22-at-21.50.24-113x150.jpeg 113w, https:\/\/webvasco.com\/artigos\/wp-content\/uploads\/2024\/07\/WhatsApp-Image-2024-07-22-at-21.50.24-1152x1536.jpeg 1152w, https:\/\/webvasco.com\/artigos\/wp-content\/uploads\/2024\/07\/WhatsApp-Image-2024-07-22-at-21.50.24-1024x1365.jpeg 1024w, https:\/\/webvasco.com\/artigos\/wp-content\/uploads\/2024\/07\/WhatsApp-Image-2024-07-22-at-21.50.24.jpeg 1200w\" sizes=\"auto, (max-width: 768px) 100vw, 768px\" \/><\/figure>\n\n\n\n<figure class=\"wp-block-image size-large\"><img loading=\"lazy\" decoding=\"async\" width=\"768\" height=\"1024\" data-id=\"9686\" src=\"https:\/\/webvasco.com\/artigos\/wp-content\/uploads\/2024\/07\/WhatsApp-Image-2024-07-22-at-21.50.25-768x1024.jpeg\" alt=\"\" class=\"wp-image-9686\" srcset=\"https:\/\/webvasco.com\/artigos\/wp-content\/uploads\/2024\/07\/WhatsApp-Image-2024-07-22-at-21.50.25-768x1024.jpeg 768w, https:\/\/webvasco.com\/artigos\/wp-content\/uploads\/2024\/07\/WhatsApp-Image-2024-07-22-at-21.50.25-225x300.jpeg 225w, https:\/\/webvasco.com\/artigos\/wp-content\/uploads\/2024\/07\/WhatsApp-Image-2024-07-22-at-21.50.25-113x150.jpeg 113w, https:\/\/webvasco.com\/artigos\/wp-content\/uploads\/2024\/07\/WhatsApp-Image-2024-07-22-at-21.50.25-1152x1536.jpeg 1152w, https:\/\/webvasco.com\/artigos\/wp-content\/uploads\/2024\/07\/WhatsApp-Image-2024-07-22-at-21.50.25-1024x1365.jpeg 1024w, https:\/\/webvasco.com\/artigos\/wp-content\/uploads\/2024\/07\/WhatsApp-Image-2024-07-22-at-21.50.25.jpeg 1200w\" sizes=\"auto, (max-width: 768px) 100vw, 768px\" \/><\/figure>\n\n\n\n<figure class=\"wp-block-image size-large\"><img loading=\"lazy\" decoding=\"async\" width=\"768\" height=\"1024\" data-id=\"9683\" src=\"https:\/\/webvasco.com\/artigos\/wp-content\/uploads\/2024\/07\/WhatsApp-Image-2024-07-22-at-21.53.28-768x1024.jpeg\" alt=\"\" class=\"wp-image-9683\" srcset=\"https:\/\/webvasco.com\/artigos\/wp-content\/uploads\/2024\/07\/WhatsApp-Image-2024-07-22-at-21.53.28-768x1024.jpeg 768w, https:\/\/webvasco.com\/artigos\/wp-content\/uploads\/2024\/07\/WhatsApp-Image-2024-07-22-at-21.53.28-225x300.jpeg 225w, https:\/\/webvasco.com\/artigos\/wp-content\/uploads\/2024\/07\/WhatsApp-Image-2024-07-22-at-21.53.28-113x150.jpeg 113w, https:\/\/webvasco.com\/artigos\/wp-content\/uploads\/2024\/07\/WhatsApp-Image-2024-07-22-at-21.53.28-1152x1536.jpeg 1152w, https:\/\/webvasco.com\/artigos\/wp-content\/uploads\/2024\/07\/WhatsApp-Image-2024-07-22-at-21.53.28-1024x1365.jpeg 1024w, https:\/\/webvasco.com\/artigos\/wp-content\/uploads\/2024\/07\/WhatsApp-Image-2024-07-22-at-21.53.28.jpeg 1200w\" sizes=\"auto, (max-width: 768px) 100vw, 768px\" \/><\/figure>\n\n\n\n<figure class=\"wp-block-image size-large\"><img loading=\"lazy\" decoding=\"async\" width=\"768\" height=\"1024\" data-id=\"9682\" src=\"https:\/\/webvasco.com\/artigos\/wp-content\/uploads\/2024\/07\/WhatsApp-Image-2024-07-22-at-21.53.29-768x1024.jpeg\" alt=\"\" class=\"wp-image-9682\" srcset=\"https:\/\/webvasco.com\/artigos\/wp-content\/uploads\/2024\/07\/WhatsApp-Image-2024-07-22-at-21.53.29-768x1024.jpeg 768w, https:\/\/webvasco.com\/artigos\/wp-content\/uploads\/2024\/07\/WhatsApp-Image-2024-07-22-at-21.53.29-225x300.jpeg 225w, https:\/\/webvasco.com\/artigos\/wp-content\/uploads\/2024\/07\/WhatsApp-Image-2024-07-22-at-21.53.29-113x150.jpeg 113w, https:\/\/webvasco.com\/artigos\/wp-content\/uploads\/2024\/07\/WhatsApp-Image-2024-07-22-at-21.53.29-1152x1536.jpeg 1152w, https:\/\/webvasco.com\/artigos\/wp-content\/uploads\/2024\/07\/WhatsApp-Image-2024-07-22-at-21.53.29-1024x1365.jpeg 1024w, https:\/\/webvasco.com\/artigos\/wp-content\/uploads\/2024\/07\/WhatsApp-Image-2024-07-22-at-21.53.29.jpeg 1200w\" sizes=\"auto, (max-width: 768px) 100vw, 768px\" \/><\/figure>\n\n\n\n<figure class=\"wp-block-image size-large\"><img loading=\"lazy\" decoding=\"async\" width=\"1024\" height=\"803\" data-id=\"9681\" src=\"https:\/\/webvasco.com\/artigos\/wp-content\/uploads\/2024\/07\/WhatsApp-Image-2024-07-23-at-16.26.01-1024x803.jpeg\" alt=\"\" class=\"wp-image-9681\" srcset=\"https:\/\/webvasco.com\/artigos\/wp-content\/uploads\/2024\/07\/WhatsApp-Image-2024-07-23-at-16.26.01-1024x803.jpeg 1024w, https:\/\/webvasco.com\/artigos\/wp-content\/uploads\/2024\/07\/WhatsApp-Image-2024-07-23-at-16.26.01-300x235.jpeg 300w, https:\/\/webvasco.com\/artigos\/wp-content\/uploads\/2024\/07\/WhatsApp-Image-2024-07-23-at-16.26.01-150x118.jpeg 150w, https:\/\/webvasco.com\/artigos\/wp-content\/uploads\/2024\/07\/WhatsApp-Image-2024-07-23-at-16.26.01-768x602.jpeg 768w, https:\/\/webvasco.com\/artigos\/wp-content\/uploads\/2024\/07\/WhatsApp-Image-2024-07-23-at-16.26.01.jpeg 1536w\" sizes=\"auto, (max-width: 1024px) 100vw, 1024px\" \/><\/figure>\n<\/figure>\n","protected":false},"excerpt":{"rendered":"<p>ELAS &amp; O PROFESSOR POR LUIZ CARLOS ROCHA A entrevista de julho de 2024, com&#8230;<\/p>\n","protected":false},"author":7,"featured_media":9680,"comment_status":"open","ping_status":"closed","sticky":false,"template":"","format":"standard","meta":{"footnotes":""},"categories":[27],"tags":[],"class_list":["post-9679","post","type-post","status-publish","format-standard","has-post-thumbnail","hentry","category-elas-e-o-professor"],"_links":{"self":[{"href":"https:\/\/webvasco.com\/artigos\/wp-json\/wp\/v2\/posts\/9679","targetHints":{"allow":["GET"]}}],"collection":[{"href":"https:\/\/webvasco.com\/artigos\/wp-json\/wp\/v2\/posts"}],"about":[{"href":"https:\/\/webvasco.com\/artigos\/wp-json\/wp\/v2\/types\/post"}],"author":[{"embeddable":true,"href":"https:\/\/webvasco.com\/artigos\/wp-json\/wp\/v2\/users\/7"}],"replies":[{"embeddable":true,"href":"https:\/\/webvasco.com\/artigos\/wp-json\/wp\/v2\/comments?post=9679"}],"version-history":[{"count":4,"href":"https:\/\/webvasco.com\/artigos\/wp-json\/wp\/v2\/posts\/9679\/revisions"}],"predecessor-version":[{"id":9693,"href":"https:\/\/webvasco.com\/artigos\/wp-json\/wp\/v2\/posts\/9679\/revisions\/9693"}],"wp:featuredmedia":[{"embeddable":true,"href":"https:\/\/webvasco.com\/artigos\/wp-json\/wp\/v2\/media\/9680"}],"wp:attachment":[{"href":"https:\/\/webvasco.com\/artigos\/wp-json\/wp\/v2\/media?parent=9679"}],"wp:term":[{"taxonomy":"category","embeddable":true,"href":"https:\/\/webvasco.com\/artigos\/wp-json\/wp\/v2\/categories?post=9679"},{"taxonomy":"post_tag","embeddable":true,"href":"https:\/\/webvasco.com\/artigos\/wp-json\/wp\/v2\/tags?post=9679"}],"curies":[{"name":"wp","href":"https:\/\/api.w.org\/{rel}","templated":true}]}}