{"id":969,"date":"2014-10-30T17:02:29","date_gmt":"2014-10-30T20:02:29","guid":{"rendered":"http:\/\/webvasco.com\/artigos\/?p=969"},"modified":"2014-10-30T17:04:57","modified_gmt":"2014-10-30T20:04:57","slug":"conveno-final-da-chapa-sempre-vasco-com-a-presena-de-julio-brant-e-edmundo-0311-1930-h-no-tijuca-tnis-clube","status":"publish","type":"post","link":"https:\/\/webvasco.com\/artigos\/colunistas\/marcus-simonini\/conveno-final-da-chapa-sempre-vasco-com-a-presena-de-julio-brant-e-edmundo-0311-1930-h-no-tijuca-tnis-clube\/","title":{"rendered":"Conven&ccedil;&atilde;o Final da Chapa Sempre Vasco, com a presen&ccedil;a de Julio Brant e Edmundo: 03\/11, 19:30 h, no Tijuca T&ecirc;nis Clube"},"content":{"rendered":"<div>\n<div dir='ltr'>Caros amigos Vasca\u00ednos,<br \/>&nbsp;<\/p>\n<p><span style='color: rgb(20, 24, 35); line-height: 20px; font-family: Helvetica,Arial,\"lucida grande\",tahoma,verdana,arial,sans-serif; font-size: 14px;'>Julio Brant,&nbsp;<\/span><a style='color: rgb(59, 89, 152); line-height: 20px; font-family: Helvetica,Arial,\"lucida grande\",tahoma,verdana,arial,sans-serif; font-size: 14px; text-decoration: none;' href=\"https:\/\/www.facebook.com\/EdmundoSouzaOficial\" target=\"_blank\">Edmundo Souza<\/a><span style='color: rgb(20, 24, 35); line-height: 20px; font-family: Helvetica,Arial,\"lucida grande\",tahoma,verdana,arial,sans-serif; font-size: 14px;'>&nbsp;e a Chapa Sempre Vasco convidam todos os s\u00f3cios e torcedores para a conven\u00e7\u00e3o final, que acontece no dia 3 de Novembro, \u00e0s 19:30 h, no Tijuca T\u00eanis Clube (Rua Conde de Bonfim, 451).&nbsp;<\/span><br style='color: rgb(20, 24, 35); line-height: 20px; font-family: Helvetica,Arial,\"lucida grande\",tahoma,verdana,arial,sans-serif; font-size: 14px;'\/><br style='color: rgb(20, 24, 35); line-height: 20px; font-family: Helvetica,Arial,\"lucida grande\",tahoma,verdana,arial,sans-serif; font-size: 14px;'\/><span style='color: rgb(20, 24, 35); line-height: 20px; font-family: Helvetica,Arial,\"lucida grande\",tahoma,verdana,arial,sans-serif; font-size: 14px;'>N\u00e3o falte, sua presen\u00e7a \u00e9 muito importante!<\/span><\/p>\n<div>\n<div dir=\"ltr\">\n<div><span style='color: rgb(20, 24, 35); line-height: 20px; font-family: Helvetica,Arial,\"lucida grande\",tahoma,verdana,arial,sans-serif; font-size: 14px;'><\/span>&nbsp;<\/div>\n<div><span style='color: rgb(20, 24, 35); line-height: 20px; font-family: Helvetica,Arial,\"lucida grande\",tahoma,verdana,arial,sans-serif; font-size: 14px;'>Rumo \u00e0 vit\u00f3ria! Dia 11\/11 VOTE JUILIO BRANT! RENOVA\u00c7\u00c3O, PROFISSIONALISMO!<\/span><\/div>\n<div><font color=\"#141823\" face=\"Helvetica, Arial, lucida grande, tahoma, verdana, arial, sans-serif\"><span style=\"line-height: 20px; font-size: 14px;\"><br \/><\/span><\/font><\/div>\n<div><font color=\"#141823\" face=\"Helvetica, Arial, lucida grande, tahoma, verdana, arial, sans-serif\"><span style=\"line-height: 20px; font-size: 14px;\">Um abra\u00e7o e Sauda\u00e7\u00f5es Vasca\u00ednas do amigo,<\/span><\/font><\/div>\n<p><font color=\"#141823\" face=\"Helvetica, Arial, lucida grande, tahoma, verdana, arial, sans-serif\"><span style=\"line-height: 20px; font-size: 14px;\"><\/span><\/font><\/div>\n<p><font color=\"#141823\" face=\"Helvetica, Arial, lucida grande, tahoma, verdana, arial, sans-serif\"><span style=\"line-height: 20px; font-size: 14px;\"><\/span><\/font><\/div>\n<p>&nbsp;<br \/><font color=\"#141823\" face=\"Helvetica\"><\/font>&nbsp;<\/p>\n<div><font color=\"#141823\" face=\"Helvetica, Arial, lucida grande, tahoma, verdana, arial, sans-serif\"><span style=\"line-height: 20px; font-size: 14px;\">Marcus Simonini Ferreira<\/span><\/font><\/div>\n<p>&nbsp;  \t\t \t   \t\t  <\/div>\n<\/div>\n<p><\/p>\n<div id=\"attachment_970\" class=\"wp-caption alignleft\" style=\"width: 300px;\"><a rel=\"attachment wp-att-970\" href=\"https:\/\/webvasco.com\/artigos\/?attachment_id=970\"><img loading=\"lazy\" decoding=\"async\" width=\"300\" height=\"300\" class=\"size-medium wp-image-970\" title=\"1455976_1569404266615521_3906693438817060802_n\" alt=\"\" src=\"https:\/\/webvasco.com\/artigos\/wp-content\/uploads\/2014\/10\/1455976_1569404266615521_3906693438817060802_n-300x300.jpg\" srcset=\"https:\/\/webvasco.com\/artigos\/wp-content\/uploads\/2014\/10\/1455976_1569404266615521_3906693438817060802_n-300x300.jpg 300w, https:\/\/webvasco.com\/artigos\/wp-content\/uploads\/2014\/10\/1455976_1569404266615521_3906693438817060802_n-150x150.jpg 150w, https:\/\/webvasco.com\/artigos\/wp-content\/uploads\/2014\/10\/1455976_1569404266615521_3906693438817060802_n.jpg 700w\" sizes=\"auto, (max-width: 300px) 100vw, 300px\" \/> <\/a><\/p>\n<p class=\"wp-caption-text\">\n<\/div>\n<p><\/p>\n","protected":false},"excerpt":{"rendered":"<p>Caros amigos Vasca\u00ednos,&nbsp; Julio Brant,&nbsp;Edmundo Souza&nbsp;e a Chapa Sempre Vasco convidam todos os s\u00f3cios e&#8230;<\/p>\n","protected":false},"author":8,"featured_media":970,"comment_status":"open","ping_status":"closed","sticky":false,"template":"","format":"standard","meta":{"footnotes":""},"categories":[6],"tags":[],"class_list":["post-969","post","type-post","status-publish","format-standard","has-post-thumbnail","hentry","category-marcus-simonini"],"_links":{"self":[{"href":"https:\/\/webvasco.com\/artigos\/wp-json\/wp\/v2\/posts\/969","targetHints":{"allow":["GET"]}}],"collection":[{"href":"https:\/\/webvasco.com\/artigos\/wp-json\/wp\/v2\/posts"}],"about":[{"href":"https:\/\/webvasco.com\/artigos\/wp-json\/wp\/v2\/types\/post"}],"author":[{"embeddable":true,"href":"https:\/\/webvasco.com\/artigos\/wp-json\/wp\/v2\/users\/8"}],"replies":[{"embeddable":true,"href":"https:\/\/webvasco.com\/artigos\/wp-json\/wp\/v2\/comments?post=969"}],"version-history":[{"count":0,"href":"https:\/\/webvasco.com\/artigos\/wp-json\/wp\/v2\/posts\/969\/revisions"}],"wp:featuredmedia":[{"embeddable":true,"href":"https:\/\/webvasco.com\/artigos\/wp-json\/wp\/v2\/media\/970"}],"wp:attachment":[{"href":"https:\/\/webvasco.com\/artigos\/wp-json\/wp\/v2\/media?parent=969"}],"wp:term":[{"taxonomy":"category","embeddable":true,"href":"https:\/\/webvasco.com\/artigos\/wp-json\/wp\/v2\/categories?post=969"},{"taxonomy":"post_tag","embeddable":true,"href":"https:\/\/webvasco.com\/artigos\/wp-json\/wp\/v2\/tags?post=969"}],"curies":[{"name":"wp","href":"https:\/\/api.w.org\/{rel}","templated":true}]}}