{"id":9694,"date":"2024-08-31T16:23:10","date_gmt":"2024-08-31T19:23:10","guid":{"rendered":"https:\/\/webvasco.com\/artigos\/?p=9694"},"modified":"2024-09-01T16:28:54","modified_gmt":"2024-09-01T19:28:54","slug":"elas-o-professor-paulinha","status":"publish","type":"post","link":"https:\/\/webvasco.com\/artigos\/temas\/elas-e-o-professor\/elas-o-professor-paulinha\/","title":{"rendered":"ELAS &amp; O PROFESSOR \u2013 PAULINHA"},"content":{"rendered":"\n<p><strong><u>ELAS &amp; O PROFESSOR<\/u><\/strong><\/p>\n\n\n\n<p><strong>POR LUIZ CARLOS ROCHA<\/strong><\/p>\n\n\n\n<p>A entrevista de agosto de 2024, com Paula Fernanda Alves de Almeida \u00e9 dedicada ao grande amor da minha vida, meu amor infinito, toda a minha fonte de inspira\u00e7\u00e3o, respeito e dedica\u00e7\u00e3o: minha filha linda <strong>\u00darsulla Rocha<\/strong>.<\/p>\n\n\n\n<p><strong>PAULINHA, <\/strong>bacharel em Direito, 44 anos, casada, mam\u00e3e do Gabriel (de 6 aninhos), nascida em Niter\u00f3i\/RJ, criada em S\u00e3o Crist\u00f3v\u00e3o\/RJ e atualmente moradora de S\u00e3o Paulo\/SP, \u00a0do s\u00edgno de C\u00e2ncer, sua Escola de Samba de cora\u00e7\u00e3o \u00e9 o Acad\u00eamicos do Salgueiro, por\u00e9m com imenso carinho com a Unidos da Tijuca, seu prato predileto \u00e9 o bom e velho churrasco. Quanto a religi\u00e3o informou que \u00e9 cat\u00f3lica. Nas horas vagas a vasca\u00edna ra\u00edz gosta de curtir a fam\u00edlia, ler e com toda a emo\u00e7\u00e3o assistir os jogos do Vasc\u00e3o. Seu grande \u00eddolo cruzmaltino \u00e9 o saudoso e lend\u00e1rio Roberto Dinamite.<\/p>\n\n\n\n<p><strong>Voc\u00ea acha que o Vasco da Gama ir\u00e1 ser campe\u00e3o da Copa do Brasil 2024?<\/strong><\/p>\n\n\n\n<p>Gostaria muito, mas n\u00e3o acredito. Espero ser surpreendida.<\/p>\n\n\n\n<p><strong>O Cruzlmaltino j\u00e1 tem o plantel ideal para brigar por t\u00edtulos?<\/strong><\/p>\n\n\n\n<p>Definitivamente, n\u00e3o. Precisamos de bons zagueiros.<\/p>\n\n\n\n<p><strong>Voc\u00ea aprova a contrata\u00e7\u00e3o do meia Philippe Coutinho?<\/strong><\/p>\n\n\n\n<p>Sim, aprovo.<\/p>\n\n\n\n<p><strong>Qual o ponto mais positivo da gest\u00e3o do presidente Pedrinho?<\/strong><\/p>\n\n\n\n<p>A liminar que tirou a 777 da administra\u00e7\u00e3o do futebol.<\/p>\n\n\n\n<p><strong>Quem \u00e9 o seu \u00eddolo vasca\u00edno?<\/strong><\/p>\n\n\n\n<p>Roberto Dinamite.<\/p>\n\n\n\n<p><strong>A chance do Gigante da Colina disputar a Libertadores 2025 \u00e9 maior pela classifica\u00e7\u00e3o no Campeonato Brasileiro ou por conquistar a Copa do Brasil (se for o caso)?<\/strong><\/p>\n\n\n\n<p>Pela classifica\u00e7\u00e3o no Campeonato Brasileiro.<\/p>\n\n\n\n<p><strong>H\u00e1 lugar para Philippe Coutinho e Dimitri Payet no mesmo time (titular)?<\/strong><\/p>\n\n\n\n<p>Acredito que sim. Um ir\u00e1 complementar o outro.<\/p>\n\n\n\n<p><strong>Pablo Vegetti \u00e9 suficiente no ataque ou o Vasco precisa contratar um companheiro para ele?<\/strong><\/p>\n\n\n\n<p>Ele \u00e9 suficiente, mas precisa de um reserva \u00e0 altura para substitu\u00ed-lo quando necess\u00e1rio.<\/p>\n\n\n\n<p><strong>S\u00e3o Janu\u00e1rio \u00e9 mesmo um local perigoso como afirma a Fla Press?<\/strong><\/p>\n\n\n\n<p>Qual \u00e9 o lugar no Brasil que n\u00e3o \u00e9 perigoso? Mas o peso da m\u00eddia em cima da localiza\u00e7\u00e3o do Est\u00e1dio de S\u00e3o&nbsp; Janu\u00e1rio \u00e9 uma implic\u00e2ncia eterna com o clube.<\/p>\n\n\n\n<p><strong>Se o Vasc\u00e3o for para a final da Copa do Brasil (t\u00eam tudo para ir), qual time voc\u00ea gostaria de enfrentar?<\/strong><\/p>\n\n\n\n<p>Flamengo ou Corinthians.<\/p>\n\n\n\n<p><strong>Quem foi o melhor cartola vasca\u00edno at\u00e9 hoje?<\/strong><\/p>\n\n\n\n<p>Eurico Miranda.<\/p>\n\n\n\n<p><strong>Todo negro, oper\u00e1rio, pobre e gay deveria torcer para o Cruzmaltino, uma vez que o clube sempre lutou por seus direitos? (quest\u00e3o de gratid\u00e3o)<\/strong><\/p>\n\n\n\n<p>N\u00e3o que seja uma obriga\u00e7\u00e3o em torcer, mas respeitar a linda e incr\u00edvel hist\u00f3ria de luta do Vasco da Gama.<\/p>\n\n\n\n<p><strong><u>FOTOGRAFIAS \u00a0FORNECIDAS PELA ENTREVISTADA.<\/u><\/strong><\/p>\n\n\n\n<figure class=\"wp-block-gallery has-nested-images columns-default is-cropped wp-block-gallery-1 is-layout-flex wp-block-gallery-is-layout-flex\">\n<figure class=\"wp-block-image size-large\"><img loading=\"lazy\" decoding=\"async\" width=\"1024\" height=\"1022\" data-id=\"9696\" src=\"https:\/\/webvasco.com\/artigos\/wp-content\/uploads\/2024\/09\/WhatsApp-Image-2024-08-30-at-11.05.41-1024x1022.jpeg\" alt=\"\" class=\"wp-image-9696\" srcset=\"https:\/\/webvasco.com\/artigos\/wp-content\/uploads\/2024\/09\/WhatsApp-Image-2024-08-30-at-11.05.41-1024x1022.jpeg 1024w, https:\/\/webvasco.com\/artigos\/wp-content\/uploads\/2024\/09\/WhatsApp-Image-2024-08-30-at-11.05.41-300x300.jpeg 300w, https:\/\/webvasco.com\/artigos\/wp-content\/uploads\/2024\/09\/WhatsApp-Image-2024-08-30-at-11.05.41-150x150.jpeg 150w, https:\/\/webvasco.com\/artigos\/wp-content\/uploads\/2024\/09\/WhatsApp-Image-2024-08-30-at-11.05.41-768x767.jpeg 768w, https:\/\/webvasco.com\/artigos\/wp-content\/uploads\/2024\/09\/WhatsApp-Image-2024-08-30-at-11.05.41.jpeg 1080w\" sizes=\"auto, (max-width: 1024px) 100vw, 1024px\" \/><\/figure>\n\n\n\n<figure class=\"wp-block-image size-large\"><img loading=\"lazy\" decoding=\"async\" width=\"1024\" height=\"576\" data-id=\"9698\" src=\"https:\/\/webvasco.com\/artigos\/wp-content\/uploads\/2024\/09\/WhatsApp-Image-2024-08-30-at-11.11.50-1024x576.jpeg\" alt=\"\" class=\"wp-image-9698\" srcset=\"https:\/\/webvasco.com\/artigos\/wp-content\/uploads\/2024\/09\/WhatsApp-Image-2024-08-30-at-11.11.50-1024x576.jpeg 1024w, https:\/\/webvasco.com\/artigos\/wp-content\/uploads\/2024\/09\/WhatsApp-Image-2024-08-30-at-11.11.50-300x169.jpeg 300w, https:\/\/webvasco.com\/artigos\/wp-content\/uploads\/2024\/09\/WhatsApp-Image-2024-08-30-at-11.11.50-150x84.jpeg 150w, https:\/\/webvasco.com\/artigos\/wp-content\/uploads\/2024\/09\/WhatsApp-Image-2024-08-30-at-11.11.50-768x432.jpeg 768w, https:\/\/webvasco.com\/artigos\/wp-content\/uploads\/2024\/09\/WhatsApp-Image-2024-08-30-at-11.11.50-1536x864.jpeg 1536w, https:\/\/webvasco.com\/artigos\/wp-content\/uploads\/2024\/09\/WhatsApp-Image-2024-08-30-at-11.11.50-1280x720.jpeg 1280w, https:\/\/webvasco.com\/artigos\/wp-content\/uploads\/2024\/09\/WhatsApp-Image-2024-08-30-at-11.11.50.jpeg 1600w\" sizes=\"auto, (max-width: 1024px) 100vw, 1024px\" \/><\/figure>\n\n\n\n<figure class=\"wp-block-image size-large\"><img loading=\"lazy\" decoding=\"async\" width=\"768\" height=\"1024\" data-id=\"9700\" src=\"https:\/\/webvasco.com\/artigos\/wp-content\/uploads\/2024\/09\/WhatsApp-Image-2024-08-30-at-21.13.57-768x1024.jpeg\" alt=\"\" class=\"wp-image-9700\" srcset=\"https:\/\/webvasco.com\/artigos\/wp-content\/uploads\/2024\/09\/WhatsApp-Image-2024-08-30-at-21.13.57-768x1024.jpeg 768w, https:\/\/webvasco.com\/artigos\/wp-content\/uploads\/2024\/09\/WhatsApp-Image-2024-08-30-at-21.13.57-225x300.jpeg 225w, https:\/\/webvasco.com\/artigos\/wp-content\/uploads\/2024\/09\/WhatsApp-Image-2024-08-30-at-21.13.57-113x150.jpeg 113w, https:\/\/webvasco.com\/artigos\/wp-content\/uploads\/2024\/09\/WhatsApp-Image-2024-08-30-at-21.13.57-1152x1536.jpeg 1152w, https:\/\/webvasco.com\/artigos\/wp-content\/uploads\/2024\/09\/WhatsApp-Image-2024-08-30-at-21.13.57-1024x1365.jpeg 1024w, https:\/\/webvasco.com\/artigos\/wp-content\/uploads\/2024\/09\/WhatsApp-Image-2024-08-30-at-21.13.57.jpeg 1200w\" sizes=\"auto, (max-width: 768px) 100vw, 768px\" \/><\/figure>\n\n\n\n<figure class=\"wp-block-image size-large\"><img loading=\"lazy\" decoding=\"async\" width=\"1024\" height=\"768\" data-id=\"9699\" src=\"https:\/\/webvasco.com\/artigos\/wp-content\/uploads\/2024\/09\/WhatsApp-Image-2024-08-30-at-21.18.02-1024x768.jpeg\" alt=\"\" class=\"wp-image-9699\" srcset=\"https:\/\/webvasco.com\/artigos\/wp-content\/uploads\/2024\/09\/WhatsApp-Image-2024-08-30-at-21.18.02-1024x768.jpeg 1024w, https:\/\/webvasco.com\/artigos\/wp-content\/uploads\/2024\/09\/WhatsApp-Image-2024-08-30-at-21.18.02-300x225.jpeg 300w, https:\/\/webvasco.com\/artigos\/wp-content\/uploads\/2024\/09\/WhatsApp-Image-2024-08-30-at-21.18.02-150x113.jpeg 150w, https:\/\/webvasco.com\/artigos\/wp-content\/uploads\/2024\/09\/WhatsApp-Image-2024-08-30-at-21.18.02-768x576.jpeg 768w, https:\/\/webvasco.com\/artigos\/wp-content\/uploads\/2024\/09\/WhatsApp-Image-2024-08-30-at-21.18.02-1536x1152.jpeg 1536w, https:\/\/webvasco.com\/artigos\/wp-content\/uploads\/2024\/09\/WhatsApp-Image-2024-08-30-at-21.18.02.jpeg 1600w\" sizes=\"auto, (max-width: 1024px) 100vw, 1024px\" \/><\/figure>\n\n\n\n<figure class=\"wp-block-image size-large\"><img loading=\"lazy\" decoding=\"async\" width=\"640\" height=\"480\" data-id=\"9695\" src=\"https:\/\/webvasco.com\/artigos\/wp-content\/uploads\/2024\/09\/WhatsApp-Image-2024-08-30-at-21.21.20.jpeg\" alt=\"\" class=\"wp-image-9695\" srcset=\"https:\/\/webvasco.com\/artigos\/wp-content\/uploads\/2024\/09\/WhatsApp-Image-2024-08-30-at-21.21.20.jpeg 640w, https:\/\/webvasco.com\/artigos\/wp-content\/uploads\/2024\/09\/WhatsApp-Image-2024-08-30-at-21.21.20-300x225.jpeg 300w, https:\/\/webvasco.com\/artigos\/wp-content\/uploads\/2024\/09\/WhatsApp-Image-2024-08-30-at-21.21.20-150x113.jpeg 150w\" sizes=\"auto, (max-width: 640px) 100vw, 640px\" \/><\/figure>\n\n\n\n<figure class=\"wp-block-image size-large\"><img loading=\"lazy\" decoding=\"async\" width=\"897\" height=\"1024\" data-id=\"9697\" src=\"https:\/\/webvasco.com\/artigos\/wp-content\/uploads\/2024\/09\/WhatsApp-Image-2024-08-30-at-22.11.03-897x1024.jpeg\" alt=\"\" class=\"wp-image-9697\" srcset=\"https:\/\/webvasco.com\/artigos\/wp-content\/uploads\/2024\/09\/WhatsApp-Image-2024-08-30-at-22.11.03-897x1024.jpeg 897w, https:\/\/webvasco.com\/artigos\/wp-content\/uploads\/2024\/09\/WhatsApp-Image-2024-08-30-at-22.11.03-263x300.jpeg 263w, https:\/\/webvasco.com\/artigos\/wp-content\/uploads\/2024\/09\/WhatsApp-Image-2024-08-30-at-22.11.03-131x150.jpeg 131w, https:\/\/webvasco.com\/artigos\/wp-content\/uploads\/2024\/09\/WhatsApp-Image-2024-08-30-at-22.11.03-768x877.jpeg 768w, https:\/\/webvasco.com\/artigos\/wp-content\/uploads\/2024\/09\/WhatsApp-Image-2024-08-30-at-22.11.03-1024x1169.jpeg 1024w, https:\/\/webvasco.com\/artigos\/wp-content\/uploads\/2024\/09\/WhatsApp-Image-2024-08-30-at-22.11.03.jpeg 1125w\" sizes=\"auto, (max-width: 897px) 100vw, 897px\" \/><\/figure>\n<\/figure>\n","protected":false},"excerpt":{"rendered":"<p>ELAS &amp; O PROFESSOR POR LUIZ CARLOS ROCHA A entrevista de agosto de 2024, com&#8230;<\/p>\n","protected":false},"author":7,"featured_media":9695,"comment_status":"open","ping_status":"closed","sticky":false,"template":"","format":"standard","meta":{"footnotes":""},"categories":[27],"tags":[],"class_list":["post-9694","post","type-post","status-publish","format-standard","has-post-thumbnail","hentry","category-elas-e-o-professor"],"_links":{"self":[{"href":"https:\/\/webvasco.com\/artigos\/wp-json\/wp\/v2\/posts\/9694","targetHints":{"allow":["GET"]}}],"collection":[{"href":"https:\/\/webvasco.com\/artigos\/wp-json\/wp\/v2\/posts"}],"about":[{"href":"https:\/\/webvasco.com\/artigos\/wp-json\/wp\/v2\/types\/post"}],"author":[{"embeddable":true,"href":"https:\/\/webvasco.com\/artigos\/wp-json\/wp\/v2\/users\/7"}],"replies":[{"embeddable":true,"href":"https:\/\/webvasco.com\/artigos\/wp-json\/wp\/v2\/comments?post=9694"}],"version-history":[{"count":1,"href":"https:\/\/webvasco.com\/artigos\/wp-json\/wp\/v2\/posts\/9694\/revisions"}],"predecessor-version":[{"id":9701,"href":"https:\/\/webvasco.com\/artigos\/wp-json\/wp\/v2\/posts\/9694\/revisions\/9701"}],"wp:featuredmedia":[{"embeddable":true,"href":"https:\/\/webvasco.com\/artigos\/wp-json\/wp\/v2\/media\/9695"}],"wp:attachment":[{"href":"https:\/\/webvasco.com\/artigos\/wp-json\/wp\/v2\/media?parent=9694"}],"wp:term":[{"taxonomy":"category","embeddable":true,"href":"https:\/\/webvasco.com\/artigos\/wp-json\/wp\/v2\/categories?post=9694"},{"taxonomy":"post_tag","embeddable":true,"href":"https:\/\/webvasco.com\/artigos\/wp-json\/wp\/v2\/tags?post=9694"}],"curies":[{"name":"wp","href":"https:\/\/api.w.org\/{rel}","templated":true}]}}