{"id":9703,"date":"2024-09-30T09:22:00","date_gmt":"2024-09-30T12:22:00","guid":{"rendered":"https:\/\/webvasco.com\/artigos\/?p=9703"},"modified":"2024-10-02T09:26:29","modified_gmt":"2024-10-02T12:26:29","slug":"elas-o-professor-dayse","status":"publish","type":"post","link":"https:\/\/webvasco.com\/artigos\/temas\/elas-e-o-professor\/elas-o-professor-dayse\/","title":{"rendered":"ELAS &amp; O PROFESSOR \u2013 DAYSE"},"content":{"rendered":"\n<p><strong><u>ELAS &amp; O PROFESSOR<\/u><\/strong><\/p>\n\n\n\n<p><strong>POR LUIZ CARLOS ROCHA<\/strong><\/p>\n\n\n\n<p>A entrevista de setembro de 2024, com Dayse da Silva Xavier \u00e9 dedicada ao grande amor da minha vida, meu cora\u00e7\u00e3o fora do peito: minha filha amada&nbsp;<strong>\u00darsulla Rocha<\/strong>.<\/p>\n\n\n\n<p><strong>&nbsp;&nbsp;&nbsp;&nbsp;DAYSE,&nbsp;<\/strong>investigadora da Pol\u00edcia Civil do Amazonas<strong>,&nbsp;<\/strong>46 anos, vivendo em uni\u00e3o est\u00e1vel, sem filhos, moradora de Manaus\/AM, do s\u00edgno de Capric\u00f3rnio, sua Escola de Samba de cora\u00e7\u00e3o \u00e9 o Acad\u00eamicos do Grande Rio (Escola Carioca), seu prato predileto \u00e9 o&nbsp;&nbsp;&nbsp;&nbsp;&nbsp;&nbsp;&nbsp;Jaraqui com farinha ovinha&nbsp;(prato t\u00edpico da regi\u00e3o, que t\u00eam como base o peixe frito). De&nbsp;religi\u00e3o evang\u00e9lica. Nas horas vagas a pol\u00edcial vasca\u00edna ra\u00edz gosta de jogar v\u00f4leial\u00e9m de estar com a fam\u00edlia.<\/p>\n\n\n\n<p><strong>Administrar um clube como o Vasco da Gama \u00e9 uma tarefa f\u00e1cil para o Pedrinho?<\/strong><\/p>\n\n\n\n<p>Administrar um clube gigante como o Vasco da Gama jamais ser\u00e1 uma tarefa f\u00e1cil, independente de quem seja o Presidente.<\/p>\n\n\n\n<p><strong>O que mais t\u00eam lhe agradado na atual gest\u00e3o?<\/strong><\/p>\n\n\n\n<p>A compet\u00eancia, a seriedade e o comprometimento&nbsp;&nbsp;da atual gest\u00e3o com certeza s\u00e3o fatores primordiais, e que fazem diferen\u00e7a. A atual gest\u00e3o encontrou um clube endividado e n\u00e3o mediu esfor\u00e7os para sanar os problemas financeiros, principalmente colocando a folha de pagamento do clube em dia e investindo em melhorias.<\/p>\n\n\n\n<p><strong>O Cruzmaltino t\u00eam chances reais de t\u00edtulo na Copa do Brasil?<\/strong><\/p>\n\n\n\n<p>O Vasco da Gama \u00e9 um clube gigante, e tem atuado com&nbsp;&nbsp;postura de time grandioso, e, apesar de algumas defici\u00eancias, \u00e9 not\u00f3ria a mudan\u00e7a de comportamento em campo, de modo que o torcedor pode sim apostar em um t\u00edtulo de Copa do Brasil.<\/p>\n\n\n\n<p><strong>O atual plantel \u00e9 suficiente para as competi\u00e7\u00f5es em 2025 ou o Vasco precisa de refor\u00e7os?<\/strong><\/p>\n\n\n\n<p>O atual plantel possui um ataque muito bom, por\u00e9m, ao meu ver, h\u00e1 defici\u00eancia nas laterais e na defesa, necessitando de melhorias em tais posi\u00e7\u00f5es.<\/p>\n\n\n\n<p><strong>Rafael Paiva ainda pode ser chamado de interino?<\/strong><\/p>\n\n\n\n<p>Com toda certeza n\u00e3o! Diante dos resultados apresentados \u00e0 frente do clube, Rafael Paiva pode, e deve ser considerado o t\u00e9cnico titular do clube.<\/p>\n\n\n\n<p><strong>Em compara\u00e7\u00e3o ao elenco de 2011 que foi campe\u00e3o da Copa do Brasil, com o time de 2024 que poder\u00e1 repetir o feito, qual a melhor equipe?<\/strong><\/p>\n\n\n\n<p>Sem d\u00favida a equipe de 2011 \u00e9 superior \u00e0 equipe atual.<\/p>\n\n\n\n<p><strong>O presidente Pedrinho, recentemente elogiou o t\u00e9cnico Fernando Diniz, que j\u00e1 passou pelo Vasco em 2021, foram 12 jogos (4 vit\u00f3rias, 3 empates e&nbsp;&nbsp;5 derrotas, ou seja de 36 pontos disputados, conquistou apenas 15). Voc\u00ea acha que o Pedrinho trocaria Rafael Paiva por Fernando Diniz?<\/strong><\/p>\n\n\n\n<p>Espero que ele n\u00e3o fa\u00e7a tal substitui\u00e7\u00e3o, pois diante dos resultados apresentados, Rafael Paiva deve e merece permanecer como t\u00e9cnico do clube.<\/p>\n\n\n\n<p><strong>Qual o melhor treinador do Gigante da Colina nos \u00faltimos 24 anos?<\/strong><\/p>\n\n\n\n<p>Sem sombra de d\u00favida, Ant\u00f4nio Lopes.<\/p>\n\n\n\n<p><strong>Se fosse voc\u00ea a diretora de futebol do clube, quem seria avaliado como o jogador destaque da atual temporada no time do Vasco?<\/strong><\/p>\n\n\n\n<p>Vegetti (Pablo) ou Payet (Dimitri).<\/p>\n\n\n\n<p><strong>Se pudesse mandar um atleta embora hoje, para nunca mais voltar, quem seria?<\/strong><\/p>\n\n\n\n<p>Rossi ou o L\u00e9o Pel\u00e9.<\/p>\n\n\n\n<p><strong>Qual zagueiro &#8211; independente do lado financeiro &#8211; voc\u00ea gostaria de ver atuando pelo Vasco?<\/strong><\/p>\n\n\n\n<p>\u00c9der Milit\u00e3o ou Tiago Silva<\/p>\n\n\n\n<p><strong>Voc\u00ea gostaria de ver Adidas, Asics ou Nike fornecendo material esportivo para o Cruzmaltino?<\/strong><\/p>\n\n\n\n<p>Nike.<\/p>\n\n\n\n<p><strong><u>FOTOGRAFIAS&nbsp;&nbsp;FORNECIDAS PELA ENTREVISTADA.<\/u><\/strong><\/p>\n\n\n\n<p><\/p>\n\n\n\n<figure class=\"wp-block-gallery has-nested-images columns-default is-cropped wp-block-gallery-1 is-layout-flex wp-block-gallery-is-layout-flex\">\n<figure class=\"wp-block-image size-full\"><a href=\"https:\/\/webvasco.com\/artigos\/wp-content\/uploads\/2024\/09\/WhatsApp-Image-2024-09-27-at-22.01.19.jpeg\"><img loading=\"lazy\" decoding=\"async\" width=\"396\" height=\"852\" data-id=\"9707\" src=\"https:\/\/webvasco.com\/artigos\/wp-content\/uploads\/2024\/09\/WhatsApp-Image-2024-09-27-at-22.01.19.jpeg\" alt=\"\" class=\"wp-image-9707\" srcset=\"https:\/\/webvasco.com\/artigos\/wp-content\/uploads\/2024\/09\/WhatsApp-Image-2024-09-27-at-22.01.19.jpeg 396w, https:\/\/webvasco.com\/artigos\/wp-content\/uploads\/2024\/09\/WhatsApp-Image-2024-09-27-at-22.01.19-139x300.jpeg 139w, https:\/\/webvasco.com\/artigos\/wp-content\/uploads\/2024\/09\/WhatsApp-Image-2024-09-27-at-22.01.19-70x150.jpeg 70w\" sizes=\"auto, (max-width: 396px) 100vw, 396px\" \/><\/a><\/figure>\n<\/figure>\n","protected":false},"excerpt":{"rendered":"<p>ELAS &amp; O PROFESSOR POR LUIZ CARLOS ROCHA A entrevista de setembro de 2024, com&#8230;<\/p>\n","protected":false},"author":7,"featured_media":9704,"comment_status":"open","ping_status":"closed","sticky":false,"template":"","format":"standard","meta":{"footnotes":""},"categories":[27],"tags":[],"class_list":["post-9703","post","type-post","status-publish","format-standard","has-post-thumbnail","hentry","category-elas-e-o-professor"],"_links":{"self":[{"href":"https:\/\/webvasco.com\/artigos\/wp-json\/wp\/v2\/posts\/9703","targetHints":{"allow":["GET"]}}],"collection":[{"href":"https:\/\/webvasco.com\/artigos\/wp-json\/wp\/v2\/posts"}],"about":[{"href":"https:\/\/webvasco.com\/artigos\/wp-json\/wp\/v2\/types\/post"}],"author":[{"embeddable":true,"href":"https:\/\/webvasco.com\/artigos\/wp-json\/wp\/v2\/users\/7"}],"replies":[{"embeddable":true,"href":"https:\/\/webvasco.com\/artigos\/wp-json\/wp\/v2\/comments?post=9703"}],"version-history":[{"count":2,"href":"https:\/\/webvasco.com\/artigos\/wp-json\/wp\/v2\/posts\/9703\/revisions"}],"predecessor-version":[{"id":9708,"href":"https:\/\/webvasco.com\/artigos\/wp-json\/wp\/v2\/posts\/9703\/revisions\/9708"}],"wp:featuredmedia":[{"embeddable":true,"href":"https:\/\/webvasco.com\/artigos\/wp-json\/wp\/v2\/media\/9704"}],"wp:attachment":[{"href":"https:\/\/webvasco.com\/artigos\/wp-json\/wp\/v2\/media?parent=9703"}],"wp:term":[{"taxonomy":"category","embeddable":true,"href":"https:\/\/webvasco.com\/artigos\/wp-json\/wp\/v2\/categories?post=9703"},{"taxonomy":"post_tag","embeddable":true,"href":"https:\/\/webvasco.com\/artigos\/wp-json\/wp\/v2\/tags?post=9703"}],"curies":[{"name":"wp","href":"https:\/\/api.w.org\/{rel}","templated":true}]}}