{"id":972,"date":"2014-11-08T18:37:58","date_gmt":"2014-11-08T21:37:58","guid":{"rendered":"http:\/\/webvasco.com\/artigos\/?p=972"},"modified":"2014-11-08T18:39:03","modified_gmt":"2014-11-08T21:39:03","slug":"time-incompatvel-com-a-torcida","status":"publish","type":"post","link":"https:\/\/webvasco.com\/artigos\/colunistas\/luizcarlosrocha\/time-incompatvel-com-a-torcida\/","title":{"rendered":"TIME INCOMPAT&Iacute;VEL COM A TORCIDA!"},"content":{"rendered":"<div>\n<div style=\"color:#000; background-color:#fff; font-family:HelveticaNeue, Helvetica Neue, Helvetica, Arial, Lucida Grande, sans-serif;font-size:8px\">\n<div class=\"\" style=\"text-align:justify;tab-stops:111.0pt\"><span style=\"font-size:16.0pt;line-height:115%;font-family:&quot;Arial&quot;,&quot;sans-serif&quot;\" class=\"\">&nbsp; &nbsp;&nbsp;Vergonha! O Vasco precisou jogar com um homem a mais toda a etapa complementar, expulsar o goleiro Gilvan e gastar o tempo diante do fraco time do ABC. Balan\u00e7ar a rede uma \u00fanica vez \u2013 de p\u00eanalti \u2013 em pleno Est\u00e1dio do Maracan\u00e3, com o hist\u00f3rico futebol\u00edstico que o Gigante da Colina tem \u00e9 no m\u00ednimo um vexame. S\u00f3 assim mesmo para Douglas marcar.<o:p class=\"\" style=\"\"><\/o:p><\/span><\/div>\n<div class=\"\" style=\"text-align:justify;tab-stops:111.0pt\"><span style=\"font-size:16.0pt;line-height:115%;font-family:&quot;Arial&quot;,&quot;sans-serif&quot;\" class=\"\">&nbsp;&nbsp;&nbsp; Deixar que Ponte Preta e Joinville tivessem garantido vagas para a S\u00e9rie A, do Campeonato Brasileiro, vers\u00e3o 2015 antes do Cruzmaltino \u00e9 comprovar mais do que nunca a incompet\u00eancia do presidente Roberto Bombinha e sua trupe. Por tantos feitos sociais e anos de gl\u00f3rias dentro dos gramados, era OBRIGA\u00c7\u00c3O do Vasco da Gama subir na condi\u00e7\u00e3o de campe\u00e3o. Um triunfo \u00f3bvio. <o:p class=\"\" style=\"\"><\/o:p><\/span><\/div>\n<div class=\"\" style=\"text-align:justify;tab-stops:111.0pt\"><span style=\"font-size:16.0pt;line-height:115%;font-family:&quot;Arial&quot;,&quot;sans-serif&quot;\" class=\"\">&nbsp;&nbsp;&nbsp; Acho que a iniciativa do Programa D\u00edvida Zero \u00e9 maravilhosa. Conduzida por homens de bens em prol da melhoria da imagem do clube. Por\u00e9m, se mandat\u00e1rios n\u00e3o tivessem sugado o time de S\u00e3o Janu\u00e1rio durante tantos anos a situa\u00e7\u00e3o n\u00e3o estaria t\u00e3o ca\u00f3tica! A obriga\u00e7\u00e3o de pagar as d\u00edvidas e distribuir corretamente a renda de uma institui\u00e7\u00e3o \u00e9 da administra\u00e7\u00e3o da mesma. Gest\u00e3o de bosta do Roberto Bombinha. Atolada em d\u00edvidas, jogou a responsabilidade para a Imensa Torcida Bem Feliz! O que fez esse in\u00fatil durante todo esse tempo sentando aquela n\u00e1dega na cadeira principal da diretoria? Nada! Ou melhor, acabou com o pouco de prest\u00edgio que o Vasco tinha antes da sua posse.<o:p class=\"\" style=\"\"><\/o:p><\/span><\/div>\n<div class=\"\" style=\"text-align:justify;tab-stops:111.0pt\"><span style=\"font-size:16.0pt;line-height:115%;font-family:&quot;Arial&quot;,&quot;sans-serif&quot;\" class=\"\">&nbsp;&nbsp;&nbsp; Mais uma vez n\u00e3o foi diferente! Essa cartolagem de merda jogou nas m\u00e3os do torcedor a responsabilidade desse time capenga de somar mais tr\u00eas pontos. N\u00e3o tiveram a menor considera\u00e7\u00e3o pela torcida nesses seis anos. Pelo contr\u00e1rio, ofenderam a moral e a dignidade da massa vasca\u00edna. Agora, que precisavam de um bom n\u00famero no M\u00e1rio Filho \u201chumildemente\u201d fizeram apelos. Como sempre a mais bela, mais importante, mais fiel (fiel n\u00e3o que \u00e9 coisa de bandido, podemos usar a nomenclatura apaixonada), mais culta torcida do Brasil compareceu lotando o Maior do Mundo. Quase 50 mil torcedores! Cantarolaram. Fizeram coreografias. Incentivaram&#8230; <o:p class=\"\" style=\"\"><\/o:p><\/span><\/div>\n<div class=\"\" style=\"text-align:justify;tab-stops:111.0pt\"><span style=\"font-size:16.0pt;line-height:115%;font-family:&quot;Arial&quot;,&quot;sans-serif&quot;\" class=\"\">&nbsp;&nbsp;&nbsp; O que tiveram em troca? Uma equipe ap\u00e1tica, inoperante, com um treinador hipossuficiente no que tange ao conhecimento t\u00e9cnico e t\u00e1tico. Passamos de 56 para 59 pontos na tabela de classifica\u00e7\u00e3o por pura sorte. O time atuou mal, principalmente no primeiro tempo. Tanto, que o gol s\u00f3 saiu aos 48 minutos. Na etapa final foi s\u00f3 enrola\u00e7\u00e3o para o tempo passar. O Vasco conseguiu se manter em terceiro lugar na competi\u00e7\u00e3o. Essa rodada (34\u00aa) serviu de alerta para que Joel Santana conserte a pontaria dos jogadores, e quem sabe na ter\u00e7a-feira, dia 11, o Vasco consiga um resultado mais folgado contra o Cear\u00e1, no Est\u00e1dio do Castel\u00e3o, em Fortaleza. \u00c9 preciso pontuar de tr\u00eas em tr\u00eas agora!<o:p class=\"\" style=\"\"><\/o:p><\/span><\/div>\n<div class=\"\" style=\"text-align:justify;tab-stops:85.5pt\"><span style=\"font-size:16.0pt;line-height:115%;font-family:&quot;Arial&quot;,&quot;sans-serif&quot;\" class=\"\">&nbsp;&nbsp;&nbsp;&nbsp;&nbsp;&nbsp;&nbsp;&nbsp;&nbsp;&nbsp;&nbsp;&nbsp;&nbsp;&nbsp;&nbsp;&nbsp;&nbsp;&nbsp; <o:p class=\"\" style=\"\"><\/o:p><\/span><\/div>\n<div class=\"\" style=\"text-align:justify;tab-stops:111.0pt\"><b class=\"\" style=\"\"><u class=\"\" style=\"\"><span style=\"font-size:16.0pt; line-height:115%;font-family:&quot;Arial&quot;,&quot;sans-serif&quot;\" class=\"\">ELEI\u00c7\u00d5ES:<\/span><\/u><\/b><span style=\"font-size:16.0pt;line-height:115%;font-family:&quot;Arial&quot;,&quot;sans-serif&quot;\" class=\"\"> Na pr\u00f3xima ter\u00e7a-feira, dia 11 de novembro, acontecer\u00e3o \u00e0s elei\u00e7\u00f5es para presidente do Club de Regatas Vasco da Gama. Faz parte do Estado Democr\u00e1tico de Direito a livre escolha. Cada eleitor tem a sua convic\u00e7\u00e3o e sabe em quem votar. Ou pelo menos deveria saber. Nenhum dos candidatos \u00e9 Deus ou Dem\u00f4nio. S\u00e3o homens feitos de qualidades e defeitos. Erros e acertos. Portanto, cabe a n\u00f3s eleitores e \/ ou torcedores apoiar e at\u00e9 torcer por seus candidatos. JAMAIS chegar as vias de fato. NUNCA ofender a honra ou integridade. Para que corra tudo de forma civilizada \u00e9 necess\u00e1rio semearmos o respeito! Desejo a todos os amigos e leitores \u2013 aqueles que compartilham da minha ideia ou n\u00e3o \u2013 um bom voto. Que possamos reerguer esse Gigante chamado Vasco da Gama!<o:p class=\"\" style=\"\"><\/o:p><\/span><\/div>\n<div class=\"\" style=\"text-align:justify;tab-stops:111.0pt\"><span style=\"font-size:16.0pt;line-height:115%;font-family:&quot;Arial&quot;,&quot;sans-serif&quot;\" class=\"\">&nbsp;&nbsp;&nbsp; &nbsp;&nbsp;&nbsp;&nbsp;<o:p class=\"\" style=\"\"><\/o:p><\/span><\/div>\n<div class=\"\" style=\"text-align:justify;tab-stops:111.0pt\"><span style=\"font-size:16.0pt;line-height:115%;font-family:&quot;Arial&quot;,&quot;sans-serif&quot;\" class=\"\">&nbsp;&nbsp;&nbsp;&nbsp;&nbsp;&nbsp;&nbsp;&nbsp;&nbsp;&nbsp;&nbsp;&nbsp;&nbsp;&nbsp;&nbsp;&nbsp;&nbsp;&nbsp;&nbsp;&nbsp;&nbsp;&nbsp;&nbsp;&nbsp; <o:p class=\"\" style=\"\"><\/o:p><\/span><\/div>\n<div class=\"\" style=\"text-align:justify;tab-stops:79.5pt\"><b class=\"\" style=\"\"><u class=\"\" style=\"\"><span style=\"font-size:16.0pt; line-height:115%;font-family:&quot;Arial&quot;,&quot;sans-serif&quot;\" class=\"\">DIVULGUEM ESSA COVARDIA:<\/span><\/u><\/b><span style=\"font-size:16.0pt;line-height:115%;font-family:&quot;Arial&quot;,&quot;sans-serif&quot;\" class=\"\"> GOSTARIA DE PEDIR A TODOS OS MEUS AMIGOS E LEITORES QUE TIRASSE UM TEMPINHO PARA LER A PETI\u00c7\u00c3O P\u00daBLICA, AO QUAL SEGUE ABAIXO O LINK. TAL DOCUMENTO REFERE-SE A UM ATO DE COVARDIA POR PARTE DA VOLKSWAGEN DO BRASIL EM COAUTORIA DA ABOLI\u00c7\u00c3O VE\u00cdCULOS (GRUPO AB) CONTRA ESTE VELHO JORNALISTA. A REFERIDA CONCESSION\u00c1RIA EST\u00c1 ME LESANDO DESDE FEVEREIRO DE 2013. MEU CARRO FOI BATIDO DENTRO DA OFICINA, FURTARAM ACESS\u00d3RIOS, TEM PROBLEMAS CAUSADOS POR ELES, AL\u00c9M DE DEFEITOS DE FABRICA\u00c7\u00c3O. O CARRO 0 KM COMPRADO POR MIM HOJE SE ENCONTRA NA OFICINA DA ABOLI\u00c7\u00c3O VE\u00cdCULOS (CENTRO DE NITER\u00d3I) <b class=\"\" style=\"\"><u class=\"\" style=\"\">DESDE 10 DE JUNHO DE 2013<\/u><\/b>, OU SEJA, H\u00c1 16 MESES. <b class=\"\" style=\"\"><u class=\"\" style=\"\">TEM APENAS 703 KM RODADOS<\/u><\/b> PARA COMPROVAR O CALV\u00c1RIO TENHO DOCUMENTOS, GRAVA\u00c7\u00d5ES DE AUDIO E V\u00cdDEO, MAIS DE 400 FOTOGRAFIAS E E-MAILS TROCADOS COM FUNCION\u00c1RIOS DO BAIXO, M\u00c9DIO E ALTO ESCAL\u00c3O DA EMPRESA. POR FAVOR, ASSINEM O DOCUMENTO PARA QUE OUTROS CONSUMIDORES N\u00c3O SEJAM LESADOS POR EMPRESAS DESTE N\u00cdVEL.&nbsp; <\/span><a href=\"https:\/\/secure.avaaz.org\/po\/petition\/Aos_Orgaos_de_Defesa_do_Consumidor_e_ao_Poder_Judiciario_JUSTICA_CONTRA_UMA_MARCA_E_SUA_REVENDERORA_QUE_DESCUMPREM_A_LEI\/?lJEcNfb&amp;pv=0\" class=\"\" style=\"\"><span style=\"font-size:16.0pt;line-height:115%;font-family:&quot;Arial&quot;,&quot;sans-serif&quot;\" class=\"\"><a href=\"https:\/\/secure.avaaz.org\/po\/petition\/Aos_Orgaos_de_Defesa_do_Consumidor_e_ao_Poder_Judiciario_JUSTICA_CONTRA_UMA_MARCA_E_SUA_REVENDERORA_QUE_DESCUMPREM_A_LEI\/?lJEcNfb&amp;pv=0\" >https:\/\/secure.avaaz.org\/po\/petition\/Aos_Orgaos_de_Defesa_do_Consumidor_e_ao_Poder_Judiciario_JUSTICA_CONTRA_UMA_MARCA_E_SUA_REVENDERORA_QUE_DESCUMPREM_A_LEI\/?lJEcNfb&amp;pv=0<\/a><\/span><\/a><span style=\"font-size:16.0pt;line-height:115%;font-family:&quot;Arial&quot;,&quot;sans-serif&quot;\" class=\"\"><o:p class=\"\" style=\"\"><\/o:p><\/span><\/div>\n<div class=\"\" style=\"text-align:justify;tab-stops:111.0pt\"><span style=\"font-size:16.0pt;line-height:115%;font-family:&quot;Arial&quot;,&quot;sans-serif&quot;\" class=\"\"><o:p class=\"\" style=\"\">&nbsp;<\/o:p><\/span><\/div>\n<div class=\"\" style=\"text-align:justify;tab-stops:111.0pt\"><b class=\"\"   style=\"\"><span style=\"font-size:16.0pt;line-height: 115%;font-family:&quot;Arial&quot;,&quot;sans-serif&quot;\" class=\"\">&nbsp;&nbsp;&nbsp;&nbsp;&nbsp;&nbsp;&nbsp;&nbsp;&nbsp;&nbsp;&nbsp;&nbsp;&nbsp;&nbsp;&nbsp;&nbsp;&nbsp;&nbsp;&nbsp;&nbsp;&nbsp;&nbsp;&nbsp;&nbsp; &nbsp;&nbsp;&nbsp;&nbsp;&nbsp;&nbsp; <o:p class=\"\" style=\"\"><\/o:p><\/span><\/b><\/div>\n<div class=\"\" style=\"\"><span class=\"\" style=\"\">                        <\/span><\/div>\n<div class=\"\" style=\"text-align:justify\"><b class=\"\" style=\"\"><span style=\"font-size:14.0pt;line-height:115%;font-family:&quot;Arial&quot;,&quot;sans-serif&quot;\" class=\"\">AP\u00d3S AS TODAS AS PARTIDAS DO VASC\u00c3O EM MEU PERFIL DO FACEBOOK (QUEM QUISER RECEBER AS CR\u00d4NICAS DE PRIMEIRA M\u00c3O \u00c9 S\u00d3 ME ADICIONAR), E NOS SITES WEBVASCO (www.webvasco.com), E VASCA\u00cdNOS UNIDOS (www.vascainosunidos.com.br) TEM A OPINI\u00c3O DO JORNALISTA LUIZ CARLOS ROCHA. LEIAM! COMPARTILHEM E CURTAM! VASCA\u00cdNOS UNIDOS JAMAIS SER\u00c3O VENCIDOS.<o:p class=\"\" style=\"\"><\/o:p><\/span><\/b><\/div>\n<div style=\"color: rgb(0, 0, 0); font-size: 8px; font-family: HelveticaNeue, 'Helvetica Neue', Helvetica, Arial, 'Lucida Grande', sans-serif; background-color: transparent; font-style: normal;\" class=\"\"><span class=\"\" style=\"\"><br class=\"\" style=\"\"\/><\/span><\/div>\n<div style=\"color: rgb(0, 0, 0); font-size: 8px; font-family: HelveticaNeue, 'Helvetica Neue', Helvetica, Arial, 'Lucida Grande', sans-serif; background-color: transparent; font-style: normal;\" class=\"\"><span class=\"\" style=\"\"><br class=\"\" style=\"\"\/><\/span><\/div>\n<div style=\"color: rgb(0, 0, 0); font-size: 8px; font-family: HelveticaNeue, 'Helvetica Neue', Helvetica, Arial, 'Lucida Grande', sans-serif; background-color: transparent; font-style: normal;\" class=\"\"><span class=\"\" style=\"\"><br class=\"\" style=\"\"\/><\/span><\/div>\n<div class=\"\" style=\"\"><\/div>\n<div class=\"\" style=\"\">&nbsp;<\/div>\n<div id=\"RTEContent\" class=\"\"   style=\"\">\n<div class=\"\" style=\"\">\n<div class=\"\" style=\"\">\n<div class=\"\" style=\"\">\n<div align=\"center\" class=\"\" style=\"\"><br class=\"\" style=\"\"\/><\/div>\n<\/div>\n<\/div>\n<\/div>\n<\/div>\n<\/div>\n<\/div>\n<p><\/p>\n","protected":false},"excerpt":{"rendered":"<p>&nbsp; &nbsp;&nbsp;Vergonha! O Vasco precisou jogar com um homem a mais toda a etapa complementar,&#8230;<\/p>\n","protected":false},"author":7,"featured_media":58,"comment_status":"open","ping_status":"closed","sticky":false,"template":"","format":"standard","meta":{"footnotes":""},"categories":[4],"tags":[],"class_list":["post-972","post","type-post","status-publish","format-standard","has-post-thumbnail","hentry","category-luizcarlosrocha"],"_links":{"self":[{"href":"https:\/\/webvasco.com\/artigos\/wp-json\/wp\/v2\/posts\/972","targetHints":{"allow":["GET"]}}],"collection":[{"href":"https:\/\/webvasco.com\/artigos\/wp-json\/wp\/v2\/posts"}],"about":[{"href":"https:\/\/webvasco.com\/artigos\/wp-json\/wp\/v2\/types\/post"}],"author":[{"embeddable":true,"href":"https:\/\/webvasco.com\/artigos\/wp-json\/wp\/v2\/users\/7"}],"replies":[{"embeddable":true,"href":"https:\/\/webvasco.com\/artigos\/wp-json\/wp\/v2\/comments?post=972"}],"version-history":[{"count":0,"href":"https:\/\/webvasco.com\/artigos\/wp-json\/wp\/v2\/posts\/972\/revisions"}],"wp:featuredmedia":[{"embeddable":true,"href":"https:\/\/webvasco.com\/artigos\/wp-json\/wp\/v2\/media\/58"}],"wp:attachment":[{"href":"https:\/\/webvasco.com\/artigos\/wp-json\/wp\/v2\/media?parent=972"}],"wp:term":[{"taxonomy":"category","embeddable":true,"href":"https:\/\/webvasco.com\/artigos\/wp-json\/wp\/v2\/categories?post=972"},{"taxonomy":"post_tag","embeddable":true,"href":"https:\/\/webvasco.com\/artigos\/wp-json\/wp\/v2\/tags?post=972"}],"curies":[{"name":"wp","href":"https:\/\/api.w.org\/{rel}","templated":true}]}}