{"id":973,"date":"2014-11-10T11:14:56","date_gmt":"2014-11-10T14:14:56","guid":{"rendered":"http:\/\/webvasco.com\/artigos\/?p=973"},"modified":"2014-11-10T11:20:10","modified_gmt":"2014-11-10T14:20:10","slug":"mensagem-da-petrovasco-se-voc-scio-vascano-leia","status":"publish","type":"post","link":"https:\/\/webvasco.com\/artigos\/colunistas\/marcus-simonini\/mensagem-da-petrovasco-se-voc-scio-vascano-leia\/","title":{"rendered":"MENSAGEM DA PETROVASCO: Se voc&ecirc; &eacute; s&oacute;cio vasca&iacute;no, LEIA"},"content":{"rendered":"<div>\n<div dir='ltr'>Segue abaixo&nbsp;mensagem de Aziz Warrak, S\u00f3cio do Vasco da Gama,&nbsp;Membro da PetroVasco, a Torcida formada por funcion\u00e1rios da PETROBRAS.&nbsp;Leia o que ele tem a dizer para voc\u00ea, que amanh\u00e3 vai&nbsp;decidir o futuro do Vasco:<br \/>&nbsp;<\/p>\n<div>\n<div dir=\"ltr\"><span style=\"font-size: 10pt;\"><font face=\"Times New Roman\"><span style=\"font-size: 10pt;\"><font face=\"Times New Roman\"><span style=\"font-size: 10pt;\"><font face=\"Times New Roman\"><\/p>\n<div style=\"text-align: justify;\"><span style=\"font-size: 10pt;\"><font face=\"Times New Roman\">Amigo vasca\u00edno, <\/font><\/span><\/div>\n<div style=\"text-align: justify;\"><span style=\"font-size: 10pt;\"><font face=\"Times New Roman\"><\/font><\/span><\/div>\n<p><\/font><font face=\"Times New Roman\" size=\"3\"><\/font><\/p>\n<div style=\"text-align: justify;\"><span style=\"font-size: 10pt;\"><font face=\"Times New Roman\">Primeiramente gostaria de deixar claro que envio esse email por vontade pr\u00f3pria e n\u00e3o a servi\u00e7o de nenhum candidato. Assim como voc\u00ea, tamb\u00e9m sou s\u00f3cio. Fa\u00e7o parte de um grupo independente e tive a oportunidade de ouvir os 3 principais candidatos a presid\u00eancia. Depois de conhecer suas inten\u00e7\u00f5es para o clube, tive a certeza que o mais bem preparado pra assumir \u00e9 o candidato <strong>J\u00falio Brant. <\/strong>Segue an\u00e1lise de cada candidato e os motivos que me fizeram apoiar a chapa Sempre Vasco.<\/p>\n<div style=\"text-align: justify;\"><\/div>\n<p><\/font><font face=\"Times New Roman\" size=\"3\"><\/font><\/p>\n<div style=\"text-align: justify;\"><span style=\"font-size: 10pt;\"><font face=\"Times New Roman\">Eurico Miranda =&gt; presidiu o clube no in\u00edcio desse per\u00edodo decadente (vale lembrar que ganhamos apenas o Estadual de 2003 em sua gest\u00e3o). Durante o per\u00edodo em que comandou o clube, quebr\u00e1vamos contratos e por conta disso, t\u00ednhamos imensas dificuldades para arrumar patroc\u00ednio e fornecedores de material esportivo (lembram da fabrica\u00e7\u00e3o pr\u00f3pria VG?). Pensando no futuro: qual investidor ir\u00e1 associar sua marca a um clube cujo presidente foi conhecido no passado por esta postura? Quando tivemos contato com ele, perguntamos quais seriam seus projetos para o Vasco. Sua resposta foi simples e categ\u00f3rica: \u201cO projeto para o Vasco SOU EU!\u201d Essa postura personalista n\u00e3o combina com o modelo de gest\u00e3o do s\u00e9culo XXI (podia at\u00e9 ter sido&nbsp;exitosa no passado, mas certamente n\u00e3o combina com o atual ambiente profissional para o qual est\u00e1 migrando o Futebol Brasileiro e Mundial). Foi condenado a pagar R$ 1,3 milh\u00e3o ao Vasco. Como uma pessoa que deve ao clube, pode ser seu presidente? Por fim, durante a campanha, financiou a entrada de diversos s\u00f3cios atrav\u00e9s do conhecido Mensal\u00e3o do Vasco. Como um cidad\u00e3o que pretende chegar ao poder utilizando qualquer mecanismo, num verdadeiro \u201cos fins justificam os meios\u201d pode ser presidente do clube? Algu\u00e9m tem d\u00favidas de que a primeira coisa que ser\u00e1 feita caso ele ven\u00e7a ser\u00e1 recuperar esse \u201cinvestimento\u201d feito? Por esses e por diversos outros motivos, n\u00e3o voto em Eurico Miranda.<\/font><\/span><\/div>\n<div style=\"text-align: justify;\"><\/div>\n<p><font face=\"Times New Roman\" size=\"3\"><\/font><\/p>\n<div style=\"text-align: justify;\"><span style=\"font-size: 10pt;\"><font face=\"Times New Roman\">Roberto Monteiro =&gt; Conhecido por ter sido vereador do RJ, n\u00e3o conseguiu se reeleger, mas continua atuando na pol\u00edtica. No meu entendimento, n\u00e3o podemos novamente ter um presidente com ra\u00edzes pol\u00edticas. Lembre que nosso atual presidente foi deputado estadual durante todo seu mandato e n\u00e3o conseguiu exercer com \u00eaxito nenhuma das fun\u00e7\u00f5es. Por ter sua candidatura lan\u00e7ada h\u00e1 algum tempo, poderia ser o grande opositor da candidatura do Eurico Miranda. Mas ao longo da campanha n\u00e3o apresentou propostas concretas. Isso ficou muito claro durante a conversa que o grupo que fa\u00e7o parte teve com ele. Para completar esse cen\u00e1rio desfavor\u00e1vel, tamb\u00e9m se utilizada pr\u00e1tica do mensal\u00e3o e isso por si s\u00f3 j\u00e1 me faria n\u00e3o votar nele. N\u00e3o compactuo com candidatos anti\u00e9ticos que desejam o poder a qualquer custo (certamente, caso eleito, o clube vai pagar por isso). Por fim, durante a campanha, ao perceber que tem poucas chances de vit\u00f3ria, tem divulgado diversas informa\u00e7\u00f5es caluniosas sobre os outros candidatos.<\/font><\/span><\/div>\n<div style=\"text-align: justify;\"><\/div>\n<p><font face=\"Times New Roman\" size=\"3\"><\/font><\/p>\n<div style=\"text-align: justify;\"><span style=\"font-size: 10pt;\"><font face=\"Times New Roman\">Julio Brant =&gt; s\u00f3 pelo que coloquei acima sobre os outros candidatos, por elimina\u00e7\u00e3o o voto deveria ser dele. Fiquei um pouco receoso no in\u00edcio, pois \u00e9 uma cara nova dentro do Vasco. Afinal, nesse mundo esportivo, \u00e9 importante uma certa viv\u00eancia no meio. Fiquei mais tranquilo, quando soube que ele possui o apoio de figuras como Jorge Salgado, Jos\u00e9 Carlos Os\u00f3rio, Carlos Rosa e Leo Gon\u00e7alves, que conhecem a fundo o clube. Seus compromissos de n\u00e3o empregar parentes e n\u00e3o se candidatar a nada fora do Vasco da Gama refor\u00e7am seu comportamento \u00e9tico. Isso, por si s\u00f3, j\u00e1 o deixaria em vantagem em rela\u00e7\u00e3o aos demais candidatos. Mas isso s\u00f3 n\u00e3o basta. Quando conheci seus projetos para comandar o clube, tive a certeza de que ele \u00e9 o mais preparado para assumir o Vasco. Suas propostas para S\u00e3o Janu\u00e1rio, para resgatar o prest\u00edgio do clube, para reestruturar a governan\u00e7a e para alavancar nossas receitas e equacionar as finan\u00e7as se mostram muito superiores aos dos seus candidatos (para conhecer um pouco mais seus projetos, acesse: <a href=\"http:\/\/www.chapasemprevasco.com.br\/\" target=\"_blank\"><\/a><a href=\"http:\/\/www.chapasemprevasco.com.br\" >http:\/\/www.chapasemprevasco.com.br<\/a>) . Al\u00e9m disso, as pesquisas recentes mostram que \u00e9 o \u00fanico realmente capaz de derrotar Eurico Miranda. Por tudo isso, n\u00e3o tenho d\u00favidas em votar e apoiar J\u00falio Brant.<\/font><\/span><\/div>\n<div style=\"text-align: justify;\"><\/div>\n<p><font face=\"Times New Roman\" size=\"3\"><\/font><\/p>\n<div style=\"text-align: justify;\"><span style=\"font-size: 10pt;\"><font face=\"Times New Roman\">Portanto, vasca\u00edno, fa\u00e7a como eu. Na pr\u00f3xima 3\u00aa feira, dia 11\/11, renove seu compromisso de amor ao clube, pensando nas gl\u00f3rias futuras e vote no <strong>J\u00falio Brant<\/strong>. Somente com ele o Vasco pode cortar o v\u00ednculo com esse passado recente, nefasto e danoso para o clube e entrar definitivamente num modelo de gest\u00e3o profissional, mais condizente com os clubes de ponta do cen\u00e1rio mundial.<\/font><\/span><\/div>\n<p><font face=\"Times New Roman\" size=\"3\"><\/font><\/p>\n<div style=\"text-align: justify;\"><span style=\"font-size: 10pt;\"><font face=\"Times New Roman\"><\/font><\/span><\/div>\n<div style=\"text-align: justify;\"><span style=\"font-size: 10pt;\"><font face=\"Times New Roman\">Meu nome \u00e9 Aziz Warrak, s\u00f3cio desde 2009, e recomendo o voto pois tive&nbsp;a oportunidade de conhecer os projetos dos 3 candidatos. <\/font><\/span><span style=\"font-size: 10pt;\"><font face=\"Times New Roman\"><span style=\"font-size: 10pt;\"><font face=\"Times New Roman\">Sauda\u00e7\u00f5es vasca\u00ednas e at\u00e9 3\u00aa feira<\/font><\/span><\/font><\/span><\/div>\n<p><\/span><\/div>\n<p><\/span><\/font><\/span><\/font><\/span><\/div>\n<\/div>\n<\/div><\/div>\n<p><\/p>\n","protected":false},"excerpt":{"rendered":"<p>Segue abaixo&nbsp;mensagem de Aziz Warrak, S\u00f3cio do Vasco da Gama,&nbsp;Membro da PetroVasco, a Torcida formada&#8230;<\/p>\n","protected":false},"author":8,"featured_media":261,"comment_status":"open","ping_status":"closed","sticky":false,"template":"","format":"standard","meta":{"footnotes":""},"categories":[6],"tags":[],"class_list":["post-973","post","type-post","status-publish","format-standard","has-post-thumbnail","hentry","category-marcus-simonini"],"_links":{"self":[{"href":"https:\/\/webvasco.com\/artigos\/wp-json\/wp\/v2\/posts\/973","targetHints":{"allow":["GET"]}}],"collection":[{"href":"https:\/\/webvasco.com\/artigos\/wp-json\/wp\/v2\/posts"}],"about":[{"href":"https:\/\/webvasco.com\/artigos\/wp-json\/wp\/v2\/types\/post"}],"author":[{"embeddable":true,"href":"https:\/\/webvasco.com\/artigos\/wp-json\/wp\/v2\/users\/8"}],"replies":[{"embeddable":true,"href":"https:\/\/webvasco.com\/artigos\/wp-json\/wp\/v2\/comments?post=973"}],"version-history":[{"count":0,"href":"https:\/\/webvasco.com\/artigos\/wp-json\/wp\/v2\/posts\/973\/revisions"}],"wp:featuredmedia":[{"embeddable":true,"href":"https:\/\/webvasco.com\/artigos\/wp-json\/wp\/v2\/media\/261"}],"wp:attachment":[{"href":"https:\/\/webvasco.com\/artigos\/wp-json\/wp\/v2\/media?parent=973"}],"wp:term":[{"taxonomy":"category","embeddable":true,"href":"https:\/\/webvasco.com\/artigos\/wp-json\/wp\/v2\/categories?post=973"},{"taxonomy":"post_tag","embeddable":true,"href":"https:\/\/webvasco.com\/artigos\/wp-json\/wp\/v2\/tags?post=973"}],"curies":[{"name":"wp","href":"https:\/\/api.w.org\/{rel}","templated":true}]}}