{"id":974,"date":"2014-11-10T11:57:51","date_gmt":"2014-11-10T14:57:51","guid":{"rendered":"http:\/\/webvasco.com\/artigos\/?p=974"},"modified":"2014-11-10T12:05:13","modified_gmt":"2014-11-10T15:05:13","slug":"chega-de-polticos-no-vasco-por-um-vasco-forte-coerente-e-profissional-vote-julio-brant","status":"publish","type":"post","link":"https:\/\/webvasco.com\/artigos\/colunistas\/marcus-simonini\/chega-de-polticos-no-vasco-por-um-vasco-forte-coerente-e-profissional-vote-julio-brant\/","title":{"rendered":"Chega de Pol&iacute;ticos no Vasco! Por um Vasco forte, coerente e profissional! VOTE JULIO BRANT!!!"},"content":{"rendered":"<div>\n<div dir='ltr'>\n<div>\n<div dir=\"ltr\">VOTE EM QUEM TEM PROPOSTAS, PROJETOS, TEM O APOIO DE VASCA\u00cdNOS DE PESO, COMO JORGE SALGADO, H\u00c9RCULES FIGUEIREDO E PEDRO VALENTE!<\/div>\n<div dir=\"ltr\">&nbsp;<\/div>\n<div dir=\"ltr\">CHEGA DE&nbsp;POL\u00cdTICOS E EX-POL\u00cdTICOS NO VASCO!&nbsp;<\/div>\n<div dir=\"ltr\">&nbsp;<\/div>\n<div dir=\"ltr\">VOTE EM JULIO BRANT, RENOVA\u00c7A\u00d5,&nbsp;ABNEGA\u00c7\u00c3O, TRABALHO E PROFISSIONALISMO!<\/p>\n<\/div>\n<div dir=\"ltr\">\n<div dir=\"ltr\">&nbsp;<br \/><img decoding=\"async\" src=\"http&#58;\/\/incondicionalmentevasco.files.wordpress.com\/2013\/07\/eleicoes_do_vasco_dinamite-governador.jpg\"\/><br \/>&nbsp;<\/div>\n<p class=\"ecxwp-caption-text\" dir=\"ltr\"><em>Sergio Cabral discursa na elei\u00e7\u00e3o de 2011 ao lado de Dinamite e Roberto Monteiro. Os Pol\u00edticos, hoje alvo das manifesta\u00e7\u00f5es por todo o Brasil, dominam, sucessivamente, a Presid\u00eancia do CRVG, num espet\u00e1culo degradante de inefici\u00eancia e atraso de gest\u00e3o. Isso precisa acabar e voc\u00ea, s\u00f3cio vasca\u00edno pode mudar essa triste realidade votando em Julio Brant!<\/em><\/p>\n<div dir=\"ltr\"><em><\/em>&nbsp;<br \/>&nbsp;<br \/><strong>Nem Roberto Monteiro, nem Eurico! Chega de Pol\u00edticos no Vasco! Por um Vasco forte, coerente&nbsp;e profissional!<\/strong><\/div>\n<p><strong><\/strong><\/div>\n<div dir=\"ltr\">&nbsp;<\/div>\n<div dir=\"ltr\">\n<div dir=\"ltr\">&nbsp;&nbsp;&nbsp;&nbsp;&nbsp;&nbsp;&nbsp;&nbsp;&nbsp;&nbsp;&nbsp; <\/div>\n<\/div>\n<div dir=\"ltr\"> \t\t \t   \t\t  <\/div>\n<\/div><\/div>\n<\/div>\n<p><\/p>\n","protected":false},"excerpt":{"rendered":"<p>VOTE EM QUEM TEM PROPOSTAS, PROJETOS, TEM O APOIO DE VASCA\u00cdNOS DE PESO, COMO JORGE&#8230;<\/p>\n","protected":false},"author":8,"featured_media":261,"comment_status":"open","ping_status":"closed","sticky":false,"template":"","format":"standard","meta":{"footnotes":""},"categories":[6],"tags":[],"class_list":["post-974","post","type-post","status-publish","format-standard","has-post-thumbnail","hentry","category-marcus-simonini"],"_links":{"self":[{"href":"https:\/\/webvasco.com\/artigos\/wp-json\/wp\/v2\/posts\/974","targetHints":{"allow":["GET"]}}],"collection":[{"href":"https:\/\/webvasco.com\/artigos\/wp-json\/wp\/v2\/posts"}],"about":[{"href":"https:\/\/webvasco.com\/artigos\/wp-json\/wp\/v2\/types\/post"}],"author":[{"embeddable":true,"href":"https:\/\/webvasco.com\/artigos\/wp-json\/wp\/v2\/users\/8"}],"replies":[{"embeddable":true,"href":"https:\/\/webvasco.com\/artigos\/wp-json\/wp\/v2\/comments?post=974"}],"version-history":[{"count":0,"href":"https:\/\/webvasco.com\/artigos\/wp-json\/wp\/v2\/posts\/974\/revisions"}],"wp:featuredmedia":[{"embeddable":true,"href":"https:\/\/webvasco.com\/artigos\/wp-json\/wp\/v2\/media\/261"}],"wp:attachment":[{"href":"https:\/\/webvasco.com\/artigos\/wp-json\/wp\/v2\/media?parent=974"}],"wp:term":[{"taxonomy":"category","embeddable":true,"href":"https:\/\/webvasco.com\/artigos\/wp-json\/wp\/v2\/categories?post=974"},{"taxonomy":"post_tag","embeddable":true,"href":"https:\/\/webvasco.com\/artigos\/wp-json\/wp\/v2\/tags?post=974"}],"curies":[{"name":"wp","href":"https:\/\/api.w.org\/{rel}","templated":true}]}}