{"id":976,"date":"2014-11-17T20:20:35","date_gmt":"2014-11-17T23:20:35","guid":{"rendered":"http:\/\/webvasco.com\/artigos\/?p=976"},"modified":"2014-11-18T12:38:21","modified_gmt":"2014-11-18T15:38:21","slug":"e-a-verdade-estava-com-webvasco-claro","status":"publish","type":"post","link":"https:\/\/webvasco.com\/artigos\/colunistas\/andrepedro\/e-a-verdade-estava-com-webvasco-claro\/","title":{"rendered":"E a verdade estava com&#8230; Webvasco, claro!"},"content":{"rendered":"<p>Amigos leitores,<\/p>\n<p>J\u00e1 tendo passado quase uma semana da elei\u00e7\u00e3o do Vasco, e com os \u00e2nimos mais serenos, creio que j\u00e1 est\u00e1 na hora de colocarmos &#8220;alguns pontos nos i&#8217;s&#8221;&#8230;<\/p>\n<p>Quem conhece o portal Webvasco sabe que foi publicada neste portal uma pesquisa no dia 22 de outubro deste ano (2014) com pessoas que estavam entrando nas sedes sociais do Vasco e com o objetivo de saber como estava a tend\u00eancia eleitoral daquela data (fonte: <a href=\"https:\/\/webvasco.com\/artigos\/colunistas\/luizcarlosrocha\/pesquisa-eleitoral-no-vasco-besteiras-ate-papagaio-fala\" target=\"_blank\">https:\/\/webvasco.com\/artigos\/colunistas\/luizcarlosrocha\/pesquisa-eleitoral-no-vasco-besteiras-ate-papagaio-fala<\/a> ). No dia seguinte, 23 de outubro, eis que a chapa do candidato Roberto Monteiro (talvez ele pr\u00f3prio) emite uma nota em tom de deboche desqualificando o Webvasco, com frases do tipo &#8221; <em>&#8216;site&#8217; que \u00e9 completamente desconhecido n\u00e3o s\u00f3 no mundo vasca\u00edno mas tamb\u00e9m no planeta terra<\/em>&#8221; ou ainda afirma\u00e7\u00f5es mais grosseiras como &#8220;<em>ato t\u00e3o c\u00ednico<\/em>&#8220;, entre outras atrocidades que fogem a uma m\u00ednima razoabilidade ou seriedade (fonte: <a href=\"https:\/\/www.facebook.com\/notes\/identidade-vasco\/sobre-a-pesquisa-dos-desesperados\/306795342845526\" target=\"_blank\">https:\/\/www.facebook.com\/notes\/identidade-vasco\/sobre-a-pesquisa-dos-desesperados\/306795342845526<\/a> e ainda: <a href=\"http:\/\/www.netvasco.com.br\/n\/153798\/em-nota-identidade-vasco-faz-contestacao-a-resultado-de-pesquisa-de-intencao-de-voto\" target=\"_blank\">http:\/\/www.netvasco.com.br\/n\/153798\/em-nota-identidade-vasco-faz-contestacao-a-resultado-de-pesquisa-de-intencao-de-voto<\/a> ).<\/p>\n<p>Ocorre que Roberto Monteiro vinha publicando pesquisas de opini\u00e3o com n\u00fameros muito divergentes do Webvasco naquela \u00e9poca. No meio pol\u00edtico brasileiro, quando uma verdade \u00e9 inconveniente para algu\u00e9m, \u00a0a solu\u00e7\u00e3o mais utilizada \u00e9 \u00a0tentar desqualificar quem publicou aquela verdade, pois assim descredibiliza-se toda e qualquer informa\u00e7\u00e3o emitida por ele, incluindo &#8211; se a\u00ed a &#8220;verdade inconveniente&#8221; . N\u00e3o fugindo do lugar comum, a chapa &#8220;Identidade Vasco&#8221;, <strong>que tem um pol\u00edtico (Roberto Monteiro) como seu comandante<\/strong>, n\u00e3o fez diferente da velha cartilha da pior qualidade da pol\u00edtica brasileira: tentou desqualificar o portal Webvasco.com. Pena para o Vasco como institui\u00e7\u00e3o que perde com isso, pena para ele, como candidato, que saiu desta elei\u00e7\u00e3o desqualificado em suas afirma\u00e7\u00f5es. Mais ainda, seu grupo, liderado por ele, praticou Cal\u00fania!<\/p>\n<p>Sim! O grupo Identidade Vasco,<strong> liderado por Roberto Monteiro<\/strong>, praticou uma Cal\u00fania (<em>(latim calumnia, -ae) substantivo feminino 1. [Jur\u00eddico, Jurisprud\u00eancia] <strong>Acusa\u00e7\u00e3o falsa que fere a honra ou a reputa\u00e7\u00e3o. 2. Mentira, inven\u00e7\u00e3o, embuste\u00a0<\/strong>in Dicion\u00e1rio Priberam da L\u00edngua Portuguesa<\/em>). Esse grupo, <strong>liderado por Roberto Monteiro<\/strong>, afirmou que o site Webvasco, que tem como criador eu, Andr\u00e9 Pedro (apoiador do grupo liderado por Julio Brant), e colocando ainda no &#8220;bolo&#8221; o grupo &#8220;Sempre Vasco&#8221;, a seguinte p\u00e9rola: &#8220;<em>recorre \u00e0 mentira e \u00e0 fraude<\/em>&#8221; (SIC).<\/p>\n<p>Bom, se h\u00e1 uma acusa\u00e7\u00e3o de que est\u00e1vamos mentindo e fraudando uma pesquisa (porque o criador do portal apoiava um determinado candidato), a \u00fanica maneira de saber a verdade \u00e9 comparando nossa pesquisa com os resultados com as urnas. Pois bem: O portal Netvasco.com.br fez uma mat\u00e9ria comparando diversas pesquisas relativas \u00e0 elei\u00e7\u00e3o no Vasco e n\u00f3s aproveitamos essa mat\u00e9ria e usamos seus n\u00fameros como refer\u00eancia (fonte: <a href=\"http:\/\/www.netvasco.com.br\/n\/154784\/confira-a-comparacao-entre-as-pesquisas-de-intencao-de-voto-e-os-resultados-das-eleicoes-do-vasco\" target=\"_blank\">http:\/\/www.netvasco.com.br\/n\/154784\/confira-a-comparacao-entre-as-pesquisas-de-intencao-de-voto-e-os-resultados-das-eleicoes-do-vasco<\/a>).\u00a0Vejamos:<a href=\"https:\/\/webvasco.com\/artigos\/wp-content\/uploads\/2014\/11\/comparacao-de-pesquisas.jpg\"><br \/>\n<\/a><\/p>\n<figure id=\"attachment_981\" aria-describedby=\"caption-attachment-981\" style=\"width: 799px\" class=\"wp-caption alignnone\"><a href=\"https:\/\/webvasco.com\/artigos\/wp-content\/uploads\/2014\/11\/comparacao-de-pesquisas-p.jpg\"><img loading=\"lazy\" decoding=\"async\" class=\"size-full wp-image-981 \" style=\"border: 1px solid black;\" alt=\"comparacao-de-pesquisas-p\" src=\"https:\/\/webvasco.com\/artigos\/wp-content\/uploads\/2014\/11\/comparacao-de-pesquisas-p.jpg\" width=\"799\" height=\"314\" srcset=\"https:\/\/webvasco.com\/artigos\/wp-content\/uploads\/2014\/11\/comparacao-de-pesquisas-p.jpg 799w, https:\/\/webvasco.com\/artigos\/wp-content\/uploads\/2014\/11\/comparacao-de-pesquisas-p-150x58.jpg 150w, https:\/\/webvasco.com\/artigos\/wp-content\/uploads\/2014\/11\/comparacao-de-pesquisas-p-300x117.jpg 300w\" sizes=\"auto, (max-width: 799px) 100vw, 799px\" \/><\/a><figcaption id=\"caption-attachment-981\" class=\"wp-caption-text\">Compara\u00e7\u00e3o entre as pesquisas. Em cada gr\u00e1fico, a data da esquerda \u00e9 a da divulga\u00e7\u00e3o da pesquisa e a data da direita \u00e9 o resultado oficial das urnas.<\/figcaption><\/figure>\n<p>Uma simples an\u00e1lise dos dois gr\u00e1ficos j\u00e1 nos permite fazer diversas an\u00e1lises. A respeito da pesquisa publicada pelo portal Webvasco.com, vemos que <strong>houve varia\u00e7\u00f5es da pesquisa do dia 22\/10 para o resultado oficial do dia 11\/11<\/strong>. Quem acompanhou o processo eleitoral sabe muito bem que houve uma intensa desconstru\u00e7\u00e3o da imagem do candidato Julio Brant por parte de apoiadores de Roberto Monteiro e Eurico Miranda nas redes sociais. As redes sociais possuem diversos relatos que o grupo &#8220;Identidade Vasco&#8221; utilizou-se de um Call Center para tentar convencer indecisos de que Roberto Monteiro era o \u00fanico com chances de derrotar Eurico Miranda (eu mesmo recebi um telefonema no dia 10\/11 e uma menina me informou que Roberto Monteiro estava empatado tecnicamente com Eurico Miranda na \u00faltima pesquisa (?????) e tentou me convencer a votar o Roberto Monteiro como \u00fanica op\u00e7\u00e3o contra Eurico). Essa estrat\u00e9gia deve ter sido eficiente, pois Roberto Monteiro Subiu e Julio Brant desceu no resultado final das urnas. Quem se beneficiou foi Eurico Miranda, que provavelmente tamb\u00e9m absorveu votos de s\u00f3cios descontentes com a guerra travada nas redes sociais e votou em um nome conhecido, j\u00e1 que Julio Brant era um desconhecido de quase todos os s\u00f3cios e Roberto Monteiro era apenas conhecido por uma pequena parcela da torcida, j\u00e1 que nem sequer conseguiu ser eleito como vereador na \u00faltima elei\u00e7\u00e3o municipal, mesmo tendo uma imensid\u00e3o de vasca\u00ednos no Rio de Janeiro. No entanto, a posi\u00e7\u00e3o final apontado pelo portal Webvasco.com (Eurico em 1\u00ba, Brant em 2\u00ba e Monteiro em 3\u00ba) foi MANTIDA na apura\u00e7\u00e3o final! <span style=\"color: #ff0000;\"><strong>O Webvasco foi o \u00daNICO que acertou a posi\u00e7\u00e3o dos candidatos entre TODAS AS PESQUISAS com quase um m\u00eas de anteced\u00eancia!<\/strong><\/span><\/p>\n<p>E a pesquisa publicada pelo grupo &#8220;Identidade Vasco&#8221;\u00a0,<strong>\u00a0liderado por Roberto Monteiro<\/strong>, o que podemos dizer? Observe o gr\u00e1fico acima, amigo leitor, e julgue por si mesmo. N\u00f3s n\u00e3o seremos grosseiros e caluniadores, como fizeram conosco, mas n\u00f3s podemos fazer uma an\u00e1lise e entender a diferen\u00e7a entre os n\u00fameros de nossa pesquisa e o resultado final, como fizemos sucintamente acima. Entretanto, observando a outra pesquisa, qual an\u00e1lise pode ser feita? Nem tentaremos explicar. Na verdade, quem tem que explicar para a comunidade vasca\u00edna essa diferen\u00e7a \u00e9 o\u00a0Grupo &#8220;Identidade Vasco&#8221;.<\/p>\n<p>Voc\u00ea, leitor, entretanto, pode estar achando que a diferen\u00e7a de datas poderia ter contribu\u00eddo para a diferen\u00e7a das duas pesquisas. Ent\u00e3o vamos ver os n\u00fameros da pesquisa publicada pelo grupo &#8220;identidade Vasco&#8221; <strong>e que foi feita na mesma \u00e9poca que a pesquisa do Webvasco<\/strong>: <strong>Eurico 31,9%, Monteiro 27% e Brant 15,8%<\/strong>(fonte:\u00a0<a href=\"http:\/\/www.netvasco.com.br\/n\/154161\/com-319-eurico-lidera-pesquisa-de-intencoes-de-voto-monteiro-tem-27-e-brant-158\" target=\"_blank\">http:\/\/www.netvasco.com.br\/n\/154161\/com-319-eurico-lidera-pesquisa-de-intencoes-de-voto-monteiro-tem-27-e-brant-158<\/a>). Pela pesquisa deles, para chegar nos n\u00fameros do resultado final das urnas, Eurico teria que subir quase 20 pontos, Monteiro descer 6 pontos e Julio Brant crescer quase o dobro (14 pontos) em menos de um m\u00eas!!!! Simples, n\u00e3o? Agora podemos voltar a pergunta que n\u00e3o quer calar: <strong>O webvasco.com publicou n\u00fameros fict\u00edcios? Ser\u00e1 que o Webvasco.com &#8220;recorreu \u00e0 mentira e \u00e0 fraude&#8221;???\u00a0<\/strong><\/p>\n<p>Para finalizar, o grupo &#8220;Identidade Vasco&#8221; afirma que a pesquisa foi feita pelo &#8220;Instituto N\u00famero Um&#8221;. Sem querer fazer trocadilho com o texto deles, eu nunca ouvi falar desse Instituto. Me perdoem os donos desse instituto por n\u00e3o conhecer o mesmo. N\u00e3o serei grosseiro e pejorativo dizendo que s\u00e3o &#8220;desconhecidos&#8221; do grande p\u00fablico, mas eu realmente nunca tinha ouvido falar at\u00e9 ent\u00e3o. Lamento&#8230;<\/p>\n<p>Para completar, encontramos dois sites que publicaram opini\u00f5es mais contundentes sobre o assunto. A leitura \u00e9 muito interessante:<\/p>\n<p><a href=\"http:\/\/espn.uol.com.br\/noticia\/454903_chapa-do-edmundo-faz-acusacao-de-manipulacao-em-pesquisa-eleitoral-no-vasco\" target=\"_blank\">http:\/\/espn.uol.com.br\/noticia\/454903_chapa-do-edmundo-faz-acusacao-de-manipulacao-em-pesquisa-eleitoral-no-vasco<\/a><\/p>\n<p><a href=\"http:\/\/espn.uol.com.br\/noticia\/454903_chapa-do-edmundo-faz-acusacao-de-manipulacao-em-pesquisa-eleitoral-no-vasco\" target=\"_blank\">http:\/\/www.cruzadavascaina.com.br\/comunicados\/ota-oficial-sempre-vasco-o-que-esta-por-tras-das-pesquisas-grupo-de-roberto-monteiro<\/a><\/p>\n<p>Enfim, amigo leitor, lamentamos muito a postura do grupo &#8220;Identidade Vasco&#8221;,<strong>\u00a0liderado por Roberto Monteiro,<\/strong>\u00a0ao escrever as palavras pejorativas que escreveu no dia 23 de outubro. <strong>A verdade grita alto quando aparece!<\/strong> Nas grandes disputas democr\u00e1ticas em todo o mundo, quem \u00e9 derrotado nas urnas, ou mesmo no meio jornal\u00edstico quando algum ve\u00edculo de m\u00eddia erra ao dar uma opini\u00e3o ou informa\u00e7\u00e3o equivocada, o ato mais digno que se pode fazer \u00e9 reconhecer a derrota ou o erro. N\u00e3o sabemos se o grupo &#8220;Identidade Vasco&#8221; ir\u00e1 reconhecer que cometeu um equ\u00edvoco (extremamente infeliz em minha opini\u00e3o) ao escrever aquela nota, mas sinceramente n\u00e3o espero por isso e <strong>fico satisfeito apenas em provar que somos buscadores da verdade<\/strong>.<\/p>\n<p>Em nossa pesquisa, n\u00f3s deixamos claro qual foi a metodologia, o per\u00edodo e o p\u00fablico alvo. Fizemos o poss\u00edvel para capturar os n\u00fameros mais pr\u00f3ximos poss\u00edveis da realidade, mesmo sabendo que distor\u00e7\u00f5es poderiam ocorrer. <strong>Somos humanos! N\u00e3o somos perfeitos e sabemos que podemos at\u00e9 errar,<\/strong> <strong>mas uma coisa eu posso afirmar com 100% de certeza: n\u00e3o somos mentirosos e n\u00e3o &#8220;maquiamos&#8221; n\u00fameros!<\/strong>\u00a0<strong>N\u00e3o aceitamos e repudiamos qualquer tipo de cal\u00fania contra n\u00f3s!\u00a0<\/strong>O Webvasco.com \u00e9 um portal de opini\u00e3o sim e cada um de seus colunistas possui opini\u00e3o pr\u00f3pria e tem liberdade para escrever o que quer. Aqui n\u00e3o \u00e9 site partid\u00e1rio! <strong>O portal \u00e9 &#8220;apol\u00edtico&#8221;, mas seus colunistas n\u00e3o s\u00e3o!<\/strong>\u00a0 Cada colunista escreve o que quiser e ap\u00f3ia quem quiser. Por isso mesmo \u00e9 que possu\u00edmos credibilidade e temos total certeza que o Webvasco.com, como institui\u00e7\u00e3o, continuar\u00e1 a dar liberdade de opini\u00e3o aos seus atuais e futuros colunistas, independente de posi\u00e7\u00f5es partid\u00e1rias. <strong>Aqui todos tem voz.<\/strong> Talvez apenas uma exce\u00e7\u00e3o de n\u00e3o dar voz para o candidato de Roberto Monteiro, pois o Webvasco \u00e9 &#8220;ris\u00edvel&#8221; para ele e ele n\u00e3o deve querer escrever aqui. Por\u00e9m, \u00e9 interessante tentar entender a preocupa\u00e7\u00e3o dele em emitir uma nota como aquela, apenas um dia depois de nossa mat\u00e9ria, desqualificando um &#8220;site desconhecido&#8221; (na opini\u00e3o dele)&#8230;. se era &#8220;desconhecido&#8221;, para que se preocupar conosco? Quem iria nos dar cr\u00e9dito? Enfim, v\u00e1 tentar entender essa dicotomia&#8230;<\/p>\n<p><strong>A verdade pode demorar, mas sempre aparece!<\/strong><\/p>\n<p>Por fim, desejo boa sorte a nova administra\u00e7\u00e3o do Vasco. Pe\u00e7o a Deus que ilumine sua equipe e que a mesma reerga nosso Vasco, embora confesse que tenha pouca f\u00e9 que Eurico e seu grupo trar\u00e3o boas pr\u00e1ticas de gest\u00e3o, que o s\u00e9culo XXI exigir\u00e1 a todos os clubes de futebol que queiram sobreviver e se manter competitivos. Tomara que eu esteja errado, pois nossa Nau n\u00e3o aguenta mais anos de tormentas.<\/p>\n<p>Sauda\u00e7\u00f5es Vasca\u00ednas!<\/p>\n","protected":false},"excerpt":{"rendered":"<p>Amigos leitores, J\u00e1 tendo passado quase uma semana da elei\u00e7\u00e3o do Vasco, e com os&#8230;<\/p>\n","protected":false},"author":5,"featured_media":59,"comment_status":"open","ping_status":"closed","sticky":false,"template":"","format":"standard","meta":{"footnotes":""},"categories":[2],"tags":[],"class_list":["post-976","post","type-post","status-publish","format-standard","has-post-thumbnail","hentry","category-andrepedro"],"_links":{"self":[{"href":"https:\/\/webvasco.com\/artigos\/wp-json\/wp\/v2\/posts\/976","targetHints":{"allow":["GET"]}}],"collection":[{"href":"https:\/\/webvasco.com\/artigos\/wp-json\/wp\/v2\/posts"}],"about":[{"href":"https:\/\/webvasco.com\/artigos\/wp-json\/wp\/v2\/types\/post"}],"author":[{"embeddable":true,"href":"https:\/\/webvasco.com\/artigos\/wp-json\/wp\/v2\/users\/5"}],"replies":[{"embeddable":true,"href":"https:\/\/webvasco.com\/artigos\/wp-json\/wp\/v2\/comments?post=976"}],"version-history":[{"count":19,"href":"https:\/\/webvasco.com\/artigos\/wp-json\/wp\/v2\/posts\/976\/revisions"}],"predecessor-version":[{"id":978,"href":"https:\/\/webvasco.com\/artigos\/wp-json\/wp\/v2\/posts\/976\/revisions\/978"}],"wp:featuredmedia":[{"embeddable":true,"href":"https:\/\/webvasco.com\/artigos\/wp-json\/wp\/v2\/media\/59"}],"wp:attachment":[{"href":"https:\/\/webvasco.com\/artigos\/wp-json\/wp\/v2\/media?parent=976"}],"wp:term":[{"taxonomy":"category","embeddable":true,"href":"https:\/\/webvasco.com\/artigos\/wp-json\/wp\/v2\/categories?post=976"},{"taxonomy":"post_tag","embeddable":true,"href":"https:\/\/webvasco.com\/artigos\/wp-json\/wp\/v2\/tags?post=976"}],"curies":[{"name":"wp","href":"https:\/\/api.w.org\/{rel}","templated":true}]}}