{"id":988,"date":"2014-11-16T14:57:44","date_gmt":"2014-11-16T17:57:44","guid":{"rendered":"http:\/\/webvasco.com\/artigos\/?p=988"},"modified":"2014-11-16T15:15:34","modified_gmt":"2014-11-16T18:15:34","slug":"o-time-da-piada-um-time-sem-valor","status":"publish","type":"post","link":"https:\/\/webvasco.com\/artigos\/colunistas\/luizcarlosrocha\/o-time-da-piada-um-time-sem-valor\/","title":{"rendered":"O TIME DA PIADA, UM TIME SEM VALOR!"},"content":{"rendered":"<div>\n<div style=\"color:#000; background-color:#fff; font-family:HelveticaNeue, Helvetica Neue, Helvetica, Arial, Lucida Grande, sans-serif;font-size:8px\">\n<div class=\"\" style=\"text-align:justify;text-indent:35.4pt;tab-stops:111.0pt\"><span style=\"font-size:16.0pt;line-height:115%;font-family:&quot;Arial&quot;,&quot;sans-serif&quot;\" class=\"\">Outrora  ecoava das arquibancadas: \u201cO Vasco \u00e9 o time da virada, o Vasco \u00e9 o time do  amor. L\u00ea, l\u00ea, \u00f4, \u00f4, \u00f4 \u00f4\u201d. Certamente, a Imensa Torcida Bem Feliz (chateada),  gritaria: \u201cO Vasco \u00e9 o time da piada, o Vasco \u00e9 um time sem valor. S\u00f3 tem coc\u00f4,  \u00f4, \u00f4, \u00f4, \u00f4\u201d! Mais uma derrota. Desta vez para o Vov\u00f4.<o:p class=\"\" style=\"\"><\/o:p><\/span><\/div>\n<div class=\"\" style=\"text-align:justify;text-indent:35.4pt;tab-stops:111.0pt\" id=\"yui_3_16_0_1_1416160576894_2807\"><span style=\"font-size:16.0pt;line-height:115%;font-family:&quot;Arial&quot;,&quot;sans-serif&quot;\" class=\"\" id=\"yui_3_16_0_1_1416160576894_2806\">Ao  perder por 2 a 0, ontem, para o Cear\u00e1, no Est\u00e1dio do Castel\u00e3o, com gols de  Diego Ivo e Ricardinho, deixou de somar tr\u00eas important\u00edssimos pontos na tabela  de classifica\u00e7\u00e3o do Campeonato Brasileiro, da S\u00e9rie B. O Cruzmaltino estagnou  nos 59 pontos ganhos e ocupa a terceira coloca\u00e7\u00e3o. O resultado deu adeus de uma  vez por todas as remotas chances de conquista do t\u00edtulo.<o:p class=\"\" style=\"\"><\/o:p><\/span><\/div>\n<div class=\"\" style=\"text-align:justify;text-indent:35.4pt;tab-stops:111.0pt\" id=\"yui_3_16_0_1_1416160576894_2805\"><span style=\"font-size:16.0pt;line-height:115%;font-family:&quot;Arial&quot;,&quot;sans-serif&quot;\" class=\"\" id=\"yui_3_16_0_1_1416160576894_2804\">Ou  seja, que vergonha! Um clube da grandeza do Vasco da Gama subir para a elite do  futebol brazuca em terceiro ou quarto lugar! A que ponto de dor e sofrimento o  torcedor vasca\u00edno chegou! No primeiro gol, a zaga vasca\u00edna inteira bateu cabe\u00e7a  e o zagueiro cearense aproveitou a incompet\u00eancia vasca\u00edna para abrir o  marcador. S\u00f3 precisaram da etapa inicial para vencer a partida que marcou a 35\u00aa  Rodada.<o:p class=\"\" style=\"\"><\/o:p><\/span><\/div>\n<div class=\"\" style=\"text-align:justify;text-indent:35.4pt;tab-stops:111.0pt\" id=\"yui_3_16_0_1_1416160576894_2803\"><span style=\"font-size:16.0pt;line-height:115%;font-family:&quot;Arial&quot;,&quot;sans-serif&quot;\" class=\"\" id=\"yui_3_16_0_1_1416160576894_2802\">Kl\u00e9ber  perdeu um chance incr\u00edvel diante do arqueiro nordestino Lu\u00eds Carlos. E ainda  tem bob\u00e3o na imprensa que o chama de gladiador. \u00c9 sacanagem! N\u00e3o consegue  brigar nem pela posi\u00e7\u00e3o. \u00c9 titular porque Joel \u00e9 um bosta! N\u00e3o sabe nada! Esse  time \u00e9 todo insuficiente. Dom Charuto vem a\u00ed, e ele precisa mandar todo o  plantel sumir de S\u00e3o Janu\u00e1rio. Apenas Gui\u00f1az\u00fa, Maxi Rodriguez, Thalles e Everton  Costa tem futebol para ficar na Colina.<o:p class=\"\" style=\"\"><\/o:p><\/span><\/div>\n<div class=\"\" style=\"text-align:justify;text-indent:35.4pt;tab-stops:111.0pt\"><span style=\"font-size:16.0pt;line-height:115%;font-family:&quot;Arial&quot;,&quot;sans-serif&quot;\" class=\"\">O  pior de ontem foi ouvir a galera do Cear\u00e1 gritar ol\u00e9 para o time do Vasco. Com  todo o respeito a um dos Estados mais bonitos do Brasil, o futebol l\u00e1 de riba  n\u00e3o \u00e9 compat\u00edvel com o futebol arte e cheio de tradi\u00e7\u00e3o como o carioca. O Vasco  n\u00e3o soube se impor. <o:p class=\"\" style=\"\"><\/o:p><\/span><\/div>\n<div class=\"\" style=\"text-align:justify;text-indent:35.4pt;tab-stops:111.0pt\" id=\"yui_3_16_0_1_1416160576894_2801\"><span style=\"font-size:16.0pt;line-height:115%;font-family:&quot;Arial&quot;,&quot;sans-serif&quot;\" class=\"\" id=\"yui_3_16_0_1_1416160576894_2800\">Joel  n\u00e3o soube trabalhar a t\u00e1tica, tampouco a t\u00e9cnica. O pr\u00f3ximo desafio do Gigante  da Colina ser\u00e1 ter\u00e7a-feira, dia 18 de novembro, \u00e0s 21h50m, em S\u00e3o Janu\u00e1rio,  contra o vice-lanterna e j\u00e1 rebaixado Vila Nova. No s\u00e1bado, dia 22, \u00e9 a vez de  pegar o Icasa, no Maracan\u00e3 e na \u00faltima rodada, o Ava\u00ed, em Floripa. Das tr\u00eas  partidas, precisa vencer duas para garantir a presen\u00e7a no Campeonato  Brasileiro, da S\u00e9rie A, vers\u00e3o 2015.<o:p class=\"\" style=\"\"><\/o:p><\/span><\/div>\n<div class=\"\" style=\"text-align:justify;text-indent:35.4pt;tab-stops:111.0pt\"><span style=\"font-size:16.0pt;line-height:115%;font-family:&quot;Arial&quot;,&quot;sans-serif&quot;\" class=\"\">O  grande problema \u00e9 que a inexpressiva diretoria vasca\u00edna costuma transferir a  culpa do seu fracasso ao passado. Mas tiveram seis anos para fazer alguma coisa  e nada. Outro erro cabal de Roberto Bombinha \u00e9 querer atribuir a responsabilidade  de um time que n\u00e3o consegue vencer pelas pr\u00f3prias pernas (literalmente), ao  fato de fazer apelos rid\u00edculos para a torcida lotar os est\u00e1dios afim de &nbsp;empurrar a equipe nesta reta final. Um  absurdo! <o:p class=\"\" style=\"\"><\/o:p><\/span><\/div>\n<div class=\"\" style=\"text-align:justify;text-indent:35.4pt;tab-stops:111.0pt\" id=\"yui_3_16_0_1_1416160576894_2799\"><span style=\"font-size:16.0pt;line-height:115%;font-family:&quot;Arial&quot;,&quot;sans-serif&quot;\" class=\"\" id=\"yui_3_16_0_1_1416160576894_2798\">Al\u00e9m  do \u201capelo\u201d deslavado tem o fato dos ingressos caros. Com isso, o torcedor que  lotar\u00e1 S\u00e3o Janu\u00e1rio e Maracan\u00e3 dar\u00e1 um pr\u00eamio a Roberto Bombinha e Cia. Da  forma mais ing\u00eanua o torcedor cair\u00e1 no conto do vig\u00e1rio. Ou seja, vai aos  est\u00e1dios com pre\u00e7os alt\u00edssimos para garantir o Natal gordo dos cartolas que  sequer continuar\u00e3o no poder no pr\u00f3ximo ano. Se despedir\u00e1 com traje de gala \u2013  leia-se dinheiro no bolso \u2013 e futebol de mendigo \u2013 dois rebaixamentos, com  m\u00e9dia de um para cada pleito do Bombinha. O que Dinamite deu em troca da  fidelidade e da paix\u00e3o do torcedor? Uma banana!<o:p class=\"\" style=\"\"><\/o:p><\/span><\/div>\n<div class=\"\" style=\"text-align:justify;tab-stops:111.0pt\"><span style=\"font-size:16.0pt;line-height:115%;font-family:&quot;Arial&quot;,&quot;sans-serif&quot;\" class=\"\"><o:p class=\"\" style=\"\">&nbsp;<\/o:p><\/span><\/div>\n<div class=\"\" style=\"text-align:justify;tab-stops:111.0pt\"><span style=\"font-size:16.0pt;line-height:115%;font-family:&quot;Arial&quot;,&quot;sans-serif&quot;\" class=\"\">&nbsp;&nbsp;&nbsp;&nbsp;&nbsp;&nbsp;&nbsp;&nbsp;&nbsp;&nbsp;&nbsp;&nbsp;&nbsp;&nbsp;&nbsp;&nbsp;&nbsp;&nbsp;&nbsp;&nbsp;&nbsp;&nbsp;&nbsp;&nbsp; <o:p class=\"\" style=\"\"><\/o:p><\/span><\/div>\n<div class=\"\" style=\"text-align:justify;tab-stops:79.5pt\" id=\"yui_3_16_0_1_1416160576894_2739\"><b class=\"\" style=\"\"><u class=\"\" style=\"\"><span style=\"font-size:16.0pt;line-height:115%;font-family:&quot;Arial&quot;,&quot;sans-serif&quot;\" class=\"\">DIVULGUEM ESSA COVARDIA:<\/span><\/u><\/b><span style=\"font-size:16.0pt;line-height:115%;font-family:&quot;Arial&quot;,&quot;sans-serif&quot;\" id=\"yui_3_16_0_1_1416160576894_2738\" class=\"\"> GOSTARIA  DE PEDIR A TODOS OS MEUS AMIGOS E LEITORES QUE TIRASSE UM TEMPINHO PARA LER A  PETI\u00c7\u00c3O P\u00daBLICA, AO QUAL SEGUE ABAIXO O LINK. TAL DOCUMENTO REFERE-SE A UM ATO  DE COVARDIA POR PARTE DA VOLKSWAGEN DO BRASIL EM COAUTORIA DA ABOLI\u00c7\u00c3O VE\u00cdCULOS  (GRUPO AB) CONTRA ESTE VELHO JORNALISTA. A REFERIDA CONCESSION\u00c1RIA EST\u00c1 ME  LESANDO DESDE FEVEREIRO DE 2013. MEU CARRO FOI BATIDO DENTRO DA OFICINA,  FURTARAM ACESS\u00d3RIOS, TEM PROBLEMAS CAUSADOS POR ELES, AL\u00c9M DE DEFEITOS DE  FABRICA\u00c7\u00c3O. O CARRO 0 KM COMPRADO POR MIM HOJE SE ENCONTRA NA OFICINA DA  ABOLI\u00c7\u00c3O VE\u00cdCULOS (CENTRO DE NITER\u00d3I) <b class=\"\" style=\"\"><u class=\"\" style=\"\">DESDE  10 DE JUNHO DE 2013<\/u><\/b>, OU SEJA, H\u00c1 16 MESES. <b class=\"\" style=\"\"><u class=\"\" style=\"\">TEM APENAS 703 KM RODADOS<\/u><\/b> PARA COMPROVAR O CALV\u00c1RIO TENHO  DOCUMENTOS, GRAVA\u00c7\u00d5ES DE AUDIO E V\u00cdDEO, MAIS DE 400 FOTOGRAFIAS E E-MAILS  TROCADOS COM FUNCION\u00c1RIOS DO BAIXO, M\u00c9DIO E ALTO ESCAL\u00c3O DA EMPRESA. POR FAVOR,  ASSINEM O DOCUMENTO PARA QUE OUTROS CONSUMIDORES N\u00c3O SEJAM LESADOS POR EMPRESAS  DESTE N\u00cdVEL.&nbsp; <\/span><a href=\"https:\/\/secure.avaaz.org\/po\/petition\/Aos_Orgaos_de_Defesa_do_Consumidor_e_ao_Poder_Judiciario_JUSTICA_CONTRA_UMA_MARCA_E_SUA_REVENDERORA_QUE_DESCUMPREM_A_LEI\/?lJEcNfb&amp;pv=0\" class=\"\" style=\"\" id=\"yui_3_16_0_1_1416160576894_2795\"><span style=\"font-size:16.0pt;line-height:115%;font-family:&quot;Arial&quot;,&quot;sans-serif&quot;\" class=\"\" id=\"yui_3_16_0_1_1416160576894_2794\"><a href=\"https:\/\/secure.avaaz.org\/po\/petition\/Aos_Orgaos_de_Defesa_do_Consumidor_e_ao_Poder_Judiciario_JUSTICA_CONTRA_UMA_MARCA_E_SUA_REVENDERORA_QUE_DESCUMPREM_A_LEI\/?lJEcNfb&amp;pv=0\" >https:\/\/secure.avaaz.org\/po\/petition\/Aos_Orgaos_de_Defesa_do_Consumidor_e_ao_Poder_Judiciario_JUSTICA_CONTRA_UMA_MARCA_E_SUA_REVENDERORA_QUE_DESCUMPREM_A_LEI\/?lJEcNfb&amp;pv=0<\/a><\/span><\/a><span style=\"font-size:16.0pt;line-height:115%;font-family:&quot;Arial&quot;,&quot;sans-serif&quot;\" class=\"\"><o:p class=\"\" style=\"\"><\/o:p><\/span><\/div>\n<div class=\"\" style=\"text-align:justify;tab-stops:111.0pt\" id=\"yui_3_16_0_1_1416160576894_2796\"><span style=\"font-size:16.0pt;line-height:115%;font-family:&quot;Arial&quot;,&quot;sans-serif&quot;\" class=\"\"><o:p class=\"\" style=\"\">&nbsp;<\/o:p><\/span><\/div>\n<div class=\"\" style=\"text-align:justify;tab-stops:111.0pt\" id=\"yui_3_16_0_1_1416160576894_2797\"><b class=\"\" style=\"\"><span style=\"font-size:16.0pt;line-height:115%;font-family:&quot;Arial&quot;,&quot;sans-serif&quot;\" class=\"\">&nbsp;&nbsp;&nbsp;&nbsp;&nbsp;&nbsp;&nbsp;&nbsp;&nbsp;&nbsp;&nbsp;&nbsp;&nbsp;&nbsp;&nbsp;&nbsp;&nbsp;&nbsp;&nbsp;&nbsp;&nbsp;&nbsp;&nbsp;&nbsp; &nbsp;&nbsp;&nbsp;&nbsp;&nbsp;&nbsp; <o:p class=\"\" style=\"\"><\/o:p><\/span><\/b><\/div>\n<div id=\"yui_3_16_0_1_1416160576894_2349\">                                                    <\/div>\n<div class=\"\" style=\"text-align:justify\"><b class=\"\" style=\"\"><span style=\"font-size:14.0pt;line-height:115%;font-family:&quot;Arial&quot;,&quot;sans-serif&quot;\" class=\"\">AP\u00d3S  AS TODAS AS PARTIDAS DO VASC\u00c3O EM MEU PERFIL DO FACEBOOK (QUEM QUISER RECEBER  AS CR\u00d4NICAS DE PRIMEIRA M\u00c3O \u00c9 S\u00d3 ME ADICIONAR), E NOS SITES WEBVASCO  (www.webvasco.com), E VASCA\u00cdNOS UNIDOS (www.vascainosunidos.com.br) TEM A  OPINI\u00c3O DO JORNALISTA LUIZ CARLOS ROCHA. LEIAM! COMPARTILHEM E CURTAM!  VASCA\u00cdNOS UNIDOS JAMAIS SER\u00c3O VENCIDOS.<o:p class=\"\" style=\"\"><\/o:p><\/span><\/b><\/div>\n<div id=\"yui_3_16_0_1_1416160576894_2349\"><span><br \/><\/span><\/div>\n<div id=\"yui_3_16_0_1_1416160576894_2349\"><span><br \/><\/span><\/div>\n<div id=\"yui_3_16_0_1_1416160576894_2349\"><span><br \/><\/span><\/div>\n<div><\/div>\n<div id=\"yui_3_16_0_1_1416160576894_2350\">&nbsp;<\/div>\n<div class=\"signature\" id=\"yui_3_16_0_1_1416160576894_2358\">\n<div id=\"RTEContent\">\n<div id=\"yui_3_16_0_1_1416160576894_2357\">\n<div id=\"yui_3_16_0_1_1416160576894_2356\">\n<div id=\"yui_3_16_0_1_1416160576894_2355\">\n<div align=\"center\" id=\"yui_3_16_0_1_1416160576894_2354\"><\/div>\n<\/div>\n<\/div>\n<\/div>\n<\/div>\n<\/div>\n<\/div>\n<\/div>\n<p><\/p>\n","protected":false},"excerpt":{"rendered":"<p>Outrora ecoava das arquibancadas: \u201cO Vasco \u00e9 o time da virada, o Vasco \u00e9 o&#8230;<\/p>\n","protected":false},"author":7,"featured_media":58,"comment_status":"open","ping_status":"closed","sticky":false,"template":"","format":"standard","meta":{"footnotes":""},"categories":[4],"tags":[],"class_list":["post-988","post","type-post","status-publish","format-standard","has-post-thumbnail","hentry","category-luizcarlosrocha"],"_links":{"self":[{"href":"https:\/\/webvasco.com\/artigos\/wp-json\/wp\/v2\/posts\/988","targetHints":{"allow":["GET"]}}],"collection":[{"href":"https:\/\/webvasco.com\/artigos\/wp-json\/wp\/v2\/posts"}],"about":[{"href":"https:\/\/webvasco.com\/artigos\/wp-json\/wp\/v2\/types\/post"}],"author":[{"embeddable":true,"href":"https:\/\/webvasco.com\/artigos\/wp-json\/wp\/v2\/users\/7"}],"replies":[{"embeddable":true,"href":"https:\/\/webvasco.com\/artigos\/wp-json\/wp\/v2\/comments?post=988"}],"version-history":[{"count":0,"href":"https:\/\/webvasco.com\/artigos\/wp-json\/wp\/v2\/posts\/988\/revisions"}],"wp:featuredmedia":[{"embeddable":true,"href":"https:\/\/webvasco.com\/artigos\/wp-json\/wp\/v2\/media\/58"}],"wp:attachment":[{"href":"https:\/\/webvasco.com\/artigos\/wp-json\/wp\/v2\/media?parent=988"}],"wp:term":[{"taxonomy":"category","embeddable":true,"href":"https:\/\/webvasco.com\/artigos\/wp-json\/wp\/v2\/categories?post=988"},{"taxonomy":"post_tag","embeddable":true,"href":"https:\/\/webvasco.com\/artigos\/wp-json\/wp\/v2\/tags?post=988"}],"curies":[{"name":"wp","href":"https:\/\/api.w.org\/{rel}","templated":true}]}}