{"id":989,"date":"2014-11-16T20:04:35","date_gmt":"2014-11-16T23:04:35","guid":{"rendered":"http:\/\/webvasco.com\/artigos\/?p=989"},"modified":"2014-11-17T00:06:26","modified_gmt":"2014-11-17T03:06:26","slug":"ouro-prata-e-bronze","status":"publish","type":"post","link":"https:\/\/webvasco.com\/artigos\/colunistas\/luizcarlosrocha\/ouro-prata-e-bronze\/","title":{"rendered":"OURO, PRATA E &ldquo;BRONZE&rdquo;!"},"content":{"rendered":"<div>\n<div style=\"color: #000; background-color: #fff; font-family: HelveticaNeue, Helvetica Neue, Helvetica, Arial, Lucida Grande, sans-serif; font-size: 8px;\">\n<div id=\"yui_3_16_0_1_1416170362882_13830\" style=\"text-align: justify; tab-stops: 111.0pt;\"><span id=\"yui_3_16_0_1_1416170362882_13829\" style=\"font-size: 16.0pt; line-height: 115%; font-family: 'Arial','sans-serif';\">\u00a0 \u00a0 No \u00faltimo dia 11 de novembro, ter\u00e7a-feira passada, o Vasco da Gama conheceu a chapa vencedora nas elei\u00e7\u00f5es de 2014.\u00a0 No decorrer do dia a Pol\u00edcia Militar com o Esquadr\u00e3o da Cavalaria e o Batalh\u00e3o de Choque refor\u00e7aram a seguran\u00e7a para evitar tumultos maiores. O Minist\u00e9rio P\u00fablico do Estado do Rio de Janeiro tamb\u00e9m fez-se presente. Fac\u00e7\u00f5es rivais hostilizavam-se o tempo todo do lado de fora do Est\u00e1dio de S\u00e3o Janu\u00e1rio.\u00a0 Cassetete e spray de pimenta foram usados. Mas no final tudo bem, tudo Azul! O resultado nas urnas deu o triunfo para Eurico Miranda e seus pupilos.<\/span><\/div>\n<div id=\"yui_3_16_0_1_1416170362882_13826\" style=\"text-align: justify; tab-stops: 111.0pt;\"><span id=\"yui_3_16_0_1_1416170362882_13825\" style=\"font-size: 16.0pt; line-height: 115%; font-family: 'Arial','sans-serif';\">\u00a0\u00a0\u00a0 No dia 22 de outubro, <b id=\"yui_3_16_0_1_1416170362882_13828\"><span id=\"yui_3_16_0_1_1416170362882_13827\" style=\"text-decoration: underline;\">ANTECIPADAMENTE E COM EXCLUSIVIDADE<\/span><\/b>, o Web Vasco, atrav\u00e9s deste jornalista respons\u00e1vel pelo site e s\u00f3cio de Andr\u00e9 Pedro, publicou a mat\u00e9ria com o t\u00edtulo: At\u00e9 papagaio fala, na qual mostrou uma pesquisa sincera, e acima de tudo ver\u00eddica que foi A \u00daNICA PESQUISA A ACERTAR OS RESULTADOS! Naquela reportagem, as seguintes frases: \u201cComo toda pesquisa, h\u00e1 uma margem de erro. Podemos considerar 2% para mais e o mesmo n\u00famero para menos. O ex-presidente Eurico Miranda lidera as pesquisas desde aquela \u00e9poca. Em agosto o cen\u00e1rio na Colina era assim: Eurico Miranda (41%), Roberto Monteiro (23%), J\u00falio Brant (18%), Indecisos (14%) e Outros (4%). Hoje o numer\u00e1rio ficou diferente para alguns que desejam o cargo de 01 no Vasc\u00e3o: Eurico Miranda (34%), J\u00falio Brant (30%), Indecisos (19%), Roberto Monteiro (11%) e Outros (6%)\u201d.<\/span><\/div>\n<div id=\"yui_3_16_0_1_1416170362882_13824\" style=\"text-align: justify; tab-stops: 111.0pt;\"><span id=\"yui_3_16_0_1_1416170362882_13823\" style=\"font-size: 16.0pt; line-height: 115%; font-family: 'Arial','sans-serif';\">\u00a0\u00a0\u00a0 Os candidatos Nelson Rocha e M\u00e1rcio Santos retiraram suas pretens\u00f5es. Desta forma, o candidato Roberto Monteiro conseguiu ficar em terceiro lugar (tamb\u00e9m s\u00f3 havia mais dois candidatos). O \u201cpodium\u201d ficou assim: Ouro para Eurico Miranda, Prata para J\u00falio Brant e \u201cBronze\u201d para Roberto Monteiro. Pelo menos o Sr. Monteiro pode dizer aos amigos que ficou em terceiro lugar na disputa pela presid\u00eancia do clube mais importante do Brasil.<\/span><\/div>\n<div style=\"text-align: justify; tab-stops: 111.0pt;\"><span style=\"font-size: 16.0pt; line-height: 115%; font-family: 'Arial','sans-serif';\">\u00a0\u00a0\u00a0 No dia 23 de outubro de 2014, o Sr. Roberto Monteiro insatisfeito com a mat\u00e9ria publicada pelo Web Vasco, insultou meu s\u00f3cio Andr\u00e9 Pedro, desprestigiou o site afirmando ser um site desconhecido e que nossa pesquisa por consequ\u00eancia disso n\u00e3o teria valor, e acima de tudo desrespeitou o torcedor vasca\u00edno tentando fazer este de bobo publicando e proferindo inverdades com uma boca que fechada tem mais relev\u00e2ncia do que defecando literariamente!<\/span><\/div>\n<div id=\"yui_3_16_0_1_1416170362882_13822\" style=\"text-align: justify; tab-stops: 111.0pt;\"><span id=\"yui_3_16_0_1_1416170362882_13821\" style=\"font-size: 16.0pt; line-height: 115%; font-family: 'Arial','sans-serif';\">\u00a0\u00a0\u00a0 Analisando a vida deste pobre senhor, podemos escrever que ele tenta um cargo de destaque h\u00e1 tempos. Mas que a constru\u00e7\u00e3o de uma imagem ilibada e \u00edmpar n\u00e3o se faz em cima de mentiras e imposi\u00e7\u00f5es. Afinal, vivemos em um Estado Democr\u00e1tico de Direito. \u00c9 trabalhando com a verdade, com boa vontade e, sobretudo, seriedade que efetuamos os pilares vitais. Eurico \u00c2ngelo de Miranda sagrou-se deputado federal com o apoio da massa vasca\u00edna. At\u00e9 o incompetente presidente \u2013 em fim de pleito \u2013 Roberto Bombinha elegeu-se vereador e posteriormente deputado estadual. E Monteiro? Quando foi vereador era suplente de Fernando Gusm\u00e3o. S\u00f3 assumiu porque vagou a cadeira. S\u00e3o sinais que o torcedor vasca\u00edno n\u00e3o confia tanto assim ou n\u00e3o conhece este ilustre sonhador.<\/span><\/div>\n<div id=\"yui_3_16_0_1_1416170362882_13820\" style=\"text-align: justify; tab-stops: 111.0pt;\"><span id=\"yui_3_16_0_1_1416170362882_13819\" style=\"font-size: 16.0pt; line-height: 115%; font-family: 'Arial','sans-serif';\">\u00a0\u00a0 Sou formado em jornalismo e direito. Tendo 103 cursos extracurriculares em universidades p\u00fablicas e privadas renomadas. Conclui o curso da primeira p\u00f3s-gradua\u00e7\u00e3o em jornalismo esportivo do Rio de Janeiro. Trabalhei em ve\u00edculos de comunica\u00e7\u00e3o tais como Jornal dos Sports e Revista Amiga. Trabalhei na maior empresa do Brasil, no setor de Comunica\u00e7\u00e3o Corporativa, da Vale do Rio Doce. Sou professor universit\u00e1rio. Tenho 16 anos de trabalho dentro do futebol. <\/span><\/div>\n<div id=\"yui_3_16_0_1_1416170362882_13818\" style=\"text-align: justify; tab-stops: 111.0pt;\"><span id=\"yui_3_16_0_1_1416170362882_13817\" style=\"font-size: 16.0pt; line-height: 115%; font-family: 'Arial','sans-serif';\">\u00a0\u00a0\u00a0 Pela minha experi\u00eancia eu logo notei que o Sr. Roberto Monteiro era um daqueles c\u00e3es que ladram, mas n\u00e3o mordem. Do tipo Pitbunda! N\u00e3o um Pitbull! Por isso, no dia 11 de novembro, resolvi pegar um pequeno depoimento dos candidatos que naquele dia eu acreditava que teriam chances reais de ganhar a corrida pela elei\u00e7\u00e3o e n\u00e3o um tresloucado que \u201catirava\u201d sem mira para todos os lados.<\/span><\/div>\n<div style=\"text-align: justify; tab-stops: 111.0pt;\"><span style=\"font-size: 16.0pt; line-height: 115%; font-family: 'Arial','sans-serif';\">\u00a0\u00a0\u00a0 O cavalheiro candidato J\u00falio Brant agradeceu o apoio recebido: \u201cAgrade\u00e7o a for\u00e7a do s\u00f3cio vasca\u00edno. Montamos nossa campanha em cima da verdade e da honestidade. Os s\u00f3cios e torcedores j\u00e1 n\u00e3o aguentam mais certas coisas aqui no Vasco\u201d. E ainda completou: \u201cEdmundo foi fundamental. Ele \u00e9 o maior \u00eddolo do clube\u201d, disparou Brant, referindo-se ao Animal.<\/span><\/div>\n<div style=\"text-align: justify; tab-stops: 111.0pt;\"><span style=\"font-size: 16.0pt; line-height: 115%; font-family: 'Arial','sans-serif';\">\u00a0\u00a0\u00a0 Muito gentil, prontamente Eurico Miranda tamb\u00e9m deixou seu recado: \u201cO respeito ao Vasco vai voltar. O respeito externo e interno. Depois disso vem todo o resto. Agora o Vasco voltar\u00e1 a ser Vasco\u201d, comentou Dom Charuto.<\/span><\/div>\n<div id=\"yui_3_16_0_1_1416170362882_13816\" style=\"text-align: justify; tab-stops: 111.0pt;\"><span id=\"yui_3_16_0_1_1416170362882_13815\" style=\"font-size: 16.0pt; line-height: 115%; font-family: 'Arial','sans-serif';\">\u00a0\u00a0\u00a0 No pr\u00f3ximo dia 19 de novembro, quarta-feira, a chapa Azul, de Eurico, que foi a vencedora, indicar\u00e1 120 conselheiros, bem como a chapa Amarela, de J\u00falio, que foi a vice indicar\u00e1 30, que formar\u00e3o 150, dos 300 do Conselho de Benem\u00e9ritos. Sendo que a metade desses membros n\u00e3o sofrem influ\u00eancias com elei\u00e7\u00f5es, por terem cadeiras cativas. Todos esses homens escolher\u00e3o o cargo mais importante do clube para os pr\u00f3ximos tr\u00eas anos. Tudo indica que Eurico Miranda seja o presidente do Vasco da Gama, tendo como seu vice-presidente geral Fernando Horta. As chances s\u00e3o de 99,9%.<\/span><\/div>\n<div id=\"yui_3_16_0_1_1416170362882_13814\" style=\"text-align: justify; tab-stops: 111.0pt;\"><span id=\"yui_3_16_0_1_1416170362882_13813\" style=\"font-size: 16.0pt; line-height: 115%; font-family: 'Arial','sans-serif';\">\u00a0\u00a0\u00a0 A chapa Branca, de Roberto Monteiro n\u00e3o tem direito a qualquer indica\u00e7\u00e3o, pois terceiro lugar sequer tem direito de reclamar, que dir\u00e1 de opinar. Mas nem tudo est\u00e1 perdido para o desconhecido, inexpressivo e inoperante Roberto Monteiro. J\u00e1 que n\u00e3o conseguiu eleger-se vereador, tampouco presidente do Gigante da Colina poder\u00e1 acordar cedo e tentar junto a TV Globo um papel do menino de madeira \u2013 na qual mentir \u00e9 sua especialidade \u2013 Pin\u00f3quio (em italiano Pinocchio). Ou se preferir entrar no esp\u00edrito natalino, e puxar o tren\u00f3 do Papai Noel, aproveitando para pedir uma chupeta para o mesmo que servir\u00e1 de consolo e controlar o choro da perda!<\/span><\/div>\n<div style=\"text-align: justify; tab-stops: 111.0pt;\"><span style=\"font-size: 16.0pt; line-height: 115%; font-family: 'Arial','sans-serif';\">\u00a0\u00a0\u00a0 Para concluir, o site Web Vasco tem hoje 40 mil acessos no Facebook.\u00a0 Eu jamais seria s\u00f3cio de Andr\u00e9 Pedro n\u00e3o sabendo do seu car\u00e1ter. N\u00e3o colocaria meu nome em um site se n\u00e3o fosse s\u00e9rio. Divulguei apenas esta pesquisa supracitada, das mais de 10 que me mostraram por ter certeza do trabalho feito. E Roberto Monteiro? Quem \u00e9? Conheci pelas besteiras proferidas sem nexo. Antes disso era um reles desconhecido!<\/span><\/div>\n<div id=\"yui_3_16_0_1_1416170362882_13812\" style=\"text-align: justify; tab-stops: 111.0pt;\"><span style=\"font-size: 16.0pt; line-height: 115%; font-family: 'Arial','sans-serif';\">\u00a0<\/span><\/div>\n<div style=\"text-align: justify; tab-stops: 111.0pt;\"><span style=\"font-size: 16.0pt; line-height: 115%; font-family: 'Arial','sans-serif';\">\u00a0<\/span><\/div>\n<div style=\"text-align: justify; tab-stops: 111.0pt;\"><span style=\"font-size: 16.0pt; line-height: 115%; font-family: 'Arial','sans-serif';\">\u00a0\u00a0\u00a0\u00a0\u00a0\u00a0\u00a0\u00a0\u00a0\u00a0\u00a0\u00a0\u00a0\u00a0\u00a0\u00a0\u00a0\u00a0\u00a0\u00a0\u00a0\u00a0\u00a0\u00a0 <\/span><\/div>\n<div id=\"yui_3_16_0_1_1416170362882_13731\" style=\"text-align: justify; tab-stops: 79.5pt;\"><b><span style=\"text-decoration: underline;\"><span style=\"font-size: 16.0pt; line-height: 115%; font-family: 'Arial','sans-serif';\">DIVULGUEM ESSA COVARDIA:<\/span><\/span><\/b><span id=\"yui_3_16_0_1_1416170362882_13730\" style=\"font-size: 16.0pt; line-height: 115%; font-family: 'Arial','sans-serif';\"> GOSTARIA DE PEDIR A TODOS OS MEUS AMIGOS E LEITORES QUE TIRASSE UM TEMPINHO PARA LER A PETI\u00c7\u00c3O P\u00daBLICA, AO QUAL SEGUE ABAIXO O LINK. TAL DOCUMENTO REFERE-SE A UM ATO DE COVARDIA POR PARTE DA VOLKSWAGEN DO BRASIL EM COAUTORIA DA ABOLI\u00c7\u00c3O VE\u00cdCULOS (GRUPO AB) CONTRA ESTE VELHO JORNALISTA. A REFERIDA CONCESSION\u00c1RIA EST\u00c1 ME LESANDO DESDE FEVEREIRO DE 2013. MEU CARRO FOI BATIDO DENTRO DA OFICINA, FURTARAM ACESS\u00d3RIOS, TEM PROBLEMAS CAUSADOS POR ELES, AL\u00c9M DE DEFEITOS DE FABRICA\u00c7\u00c3O. O CARRO 0 KM COMPRADO POR MIM HOJE SE ENCONTRA NA OFICINA DA ABOLI\u00c7\u00c3O VE\u00cdCULOS (CENTRO DE NITER\u00d3I) <b id=\"yui_3_16_0_1_1416170362882_13811\"><span id=\"yui_3_16_0_1_1416170362882_13810\" style=\"text-decoration: underline;\">DESDE 10 DE JUNHO DE 2013<\/span><\/b>, OU SEJA, H\u00c1 16 MESES. <b><span style=\"text-decoration: underline;\">TEM APENAS 703 KM RODADOS<\/span><\/b> PARA COMPROVAR O CALV\u00c1RIO TENHO DOCUMENTOS, GRAVA\u00c7\u00d5ES DE AUDIO E V\u00cdDEO, MAIS DE 400 FOTOGRAFIAS E E-MAILS TROCADOS COM FUNCION\u00c1RIOS DO BAIXO, M\u00c9DIO E ALTO ESCAL\u00c3O DA EMPRESA. POR FAVOR, ASSINEM O DOCUMENTO PARA QUE OUTROS CONSUMIDORES N\u00c3O SEJAM LESADOS POR EMPRESAS DESTE N\u00cdVEL.\u00a0 <\/span><a id=\"yui_3_16_0_1_1416170362882_13804\" href=\"https:\/\/secure.avaaz.org\/po\/petition\/Aos_Orgaos_de_Defesa_do_Consumidor_e_ao_Poder_Judiciario_JUSTICA_CONTRA_UMA_MARCA_E_SUA_REVENDERORA_QUE_DESCUMPREM_A_LEI\/?lJEcNfb&amp;pv=0\"><span id=\"yui_3_16_0_1_1416170362882_13803\" style=\"font-size: 16.0pt; line-height: 115%; font-family: 'Arial','sans-serif';\"><\/span><\/a><a href=\"https:\/\/secure.avaaz.org\/po\/petition\/Aos_Orgaos_de_Defesa_do_Consumidor_e_ao_Poder_Judiciario_JUSTICA_CONTRA_UMA_MARCA_E_SUA_REVENDERORA_QUE_DESCUMPREM_A_LEI\/?lJEcNfb&amp;pv=0\">https:\/\/secure.avaaz.org\/po\/petition\/Aos_Orgaos_de_Defesa_do_Consumidor_e_ao_Poder_Judiciario_JUSTICA_CONTRA_UMA_MARCA_E_SUA_REVENDERORA_QUE_DESCUMPREM_A_LEI\/?lJEcNfb&amp;pv=0<\/a><\/div>\n<div id=\"yui_3_16_0_1_1416170362882_13805\" style=\"text-align: justify; tab-stops: 111.0pt;\"><span style=\"font-size: 16.0pt; line-height: 115%; font-family: 'Arial','sans-serif';\">\u00a0<\/span><\/div>\n<div id=\"yui_3_16_0_1_1416170362882_13806\" style=\"text-align: justify; tab-stops: 111.0pt;\"><b><span style=\"font-size: 16.0pt; line-height: 115%; font-family: 'Arial','sans-serif';\">\u00a0\u00a0\u00a0\u00a0\u00a0\u00a0\u00a0\u00a0\u00a0\u00a0\u00a0\u00a0\u00a0\u00a0\u00a0\u00a0\u00a0\u00a0\u00a0\u00a0\u00a0\u00a0\u00a0\u00a0 \u00a0\u00a0\u00a0\u00a0\u00a0\u00a0 <\/span><\/b><\/div>\n<div id=\"yui_3_16_0_1_1416170362882_13574\"><\/div>\n<div id=\"yui_3_16_0_1_1416170362882_13809\" style=\"text-align: justify;\"><b id=\"yui_3_16_0_1_1416170362882_13808\"><span id=\"yui_3_16_0_1_1416170362882_13807\" style=\"font-size: 14.0pt; line-height: 115%; font-family: 'Arial','sans-serif';\">AP\u00d3S AS TODAS AS PARTIDAS DO VASC\u00c3O EM MEU PERFIL DO FACEBOOK (QUEM QUISER RECEBER AS CR\u00d4NICAS DE PRIMEIRA M\u00c3O \u00c9 S\u00d3 ME ADICIONAR), E NOS SITES WEBVASCO (www.webvasco.com), E VASCA\u00cdNOS UNIDOS (www.vascainosunidos.com.br) TEM A OPINI\u00c3O DO JORNALISTA LUIZ CARLOS ROCHA. LEIAM! COMPARTILHEM E CURTAM! VASCA\u00cdNOS UNIDOS JAMAIS SER\u00c3O VENCIDOS.<\/span><\/b><\/div>\n<div><\/div>\n<div id=\"yui_3_16_0_1_1416170362882_13575\"><\/div>\n<div class=\"signature\" id=\"yui_3_16_0_1_1416170362882_13580\"><\/div>\n<\/div>\n<\/div>\n<p><a href=\"https:\/\/webvasco.com\/artigos\/wp-content\/uploads\/2014\/11\/IMG_6201.jpg\"><img loading=\"lazy\" decoding=\"async\" class=\"alignleft size-medium wp-image-995\" alt=\"IMG_6201\" src=\"https:\/\/webvasco.com\/artigos\/wp-content\/uploads\/2014\/11\/IMG_6201-300x225.jpg\" width=\"300\" height=\"225\" srcset=\"https:\/\/webvasco.com\/artigos\/wp-content\/uploads\/2014\/11\/IMG_6201-300x225.jpg 300w, https:\/\/webvasco.com\/artigos\/wp-content\/uploads\/2014\/11\/IMG_6201-150x112.jpg 150w, https:\/\/webvasco.com\/artigos\/wp-content\/uploads\/2014\/11\/IMG_6201-1024x768.jpg 1024w\" sizes=\"auto, (max-width: 300px) 100vw, 300px\" \/><\/a><\/p>\n<div class=\"wp-caption alignleft\" id=\"attachment_990\" style=\"width: 225px;\"><a href=\"https:\/\/webvasco.com\/artigos\/colunistas\/luizcarlosrocha\/ouro-prata-e-bronze\/attachment\/img_6194\/\" rel=\"attachment wp-att-990\"><img loading=\"lazy\" decoding=\"async\" width=\"225\" height=\"300\" class=\"size-medium wp-image-990\" title=\"IMG_6194\" alt=\"\" src=\"https:\/\/webvasco.com\/artigos\/wp-content\/uploads\/2014\/11\/IMG_6194-225x300.jpg\" srcset=\"https:\/\/webvasco.com\/artigos\/wp-content\/uploads\/2014\/11\/IMG_6194-225x300.jpg 225w, https:\/\/webvasco.com\/artigos\/wp-content\/uploads\/2014\/11\/IMG_6194-112x150.jpg 112w, https:\/\/webvasco.com\/artigos\/wp-content\/uploads\/2014\/11\/IMG_6194-768x1024.jpg 768w\" sizes=\"auto, (max-width: 225px) 100vw, 225px\" \/> <\/a><\/p>\n<p class=\"wp-caption-text\">\n<\/div>\n<div class=\"wp-caption alignleft\" id=\"attachment_991\" style=\"width: 300px;\"><a href=\"https:\/\/webvasco.com\/artigos\/colunistas\/luizcarlosrocha\/ouro-prata-e-bronze\/attachment\/img_6197\/\" rel=\"attachment wp-att-991\"><img loading=\"lazy\" decoding=\"async\" width=\"300\" height=\"270\" class=\"size-medium wp-image-991\" title=\"IMG_6197\" alt=\"\" src=\"https:\/\/webvasco.com\/artigos\/wp-content\/uploads\/2014\/11\/IMG_6197-300x270.jpg\" srcset=\"https:\/\/webvasco.com\/artigos\/wp-content\/uploads\/2014\/11\/IMG_6197-300x270.jpg 300w, https:\/\/webvasco.com\/artigos\/wp-content\/uploads\/2014\/11\/IMG_6197-150x135.jpg 150w, https:\/\/webvasco.com\/artigos\/wp-content\/uploads\/2014\/11\/IMG_6197-1024x923.jpg 1024w\" sizes=\"auto, (max-width: 300px) 100vw, 300px\" \/> <\/a><\/p>\n<p class=\"wp-caption-text\">\n<\/div>\n<div class=\"wp-caption alignleft\" id=\"attachment_992\" style=\"width: 300px;\"><a href=\"https:\/\/webvasco.com\/artigos\/colunistas\/luizcarlosrocha\/ouro-prata-e-bronze\/attachment\/img_6195\/\" rel=\"attachment wp-att-992\"><img loading=\"lazy\" decoding=\"async\" width=\"300\" height=\"285\" class=\"size-medium wp-image-992\" title=\"IMG_6195\" alt=\"\" src=\"https:\/\/webvasco.com\/artigos\/wp-content\/uploads\/2014\/11\/IMG_6195-300x285.jpg\" srcset=\"https:\/\/webvasco.com\/artigos\/wp-content\/uploads\/2014\/11\/IMG_6195-300x285.jpg 300w, https:\/\/webvasco.com\/artigos\/wp-content\/uploads\/2014\/11\/IMG_6195-150x142.jpg 150w, https:\/\/webvasco.com\/artigos\/wp-content\/uploads\/2014\/11\/IMG_6195-1024x974.jpg 1024w\" sizes=\"auto, (max-width: 300px) 100vw, 300px\" \/> <\/a><\/p>\n<p class=\"wp-caption-text\">\n<\/div>\n<div class=\"wp-caption alignleft\" id=\"attachment_990\" style=\"width: 225px;\"><a href=\"https:\/\/webvasco.com\/artigos\/wp-content\/uploads\/2014\/11\/IMG_6198.jpg\"><img loading=\"lazy\" decoding=\"async\" class=\"alignleft size-medium wp-image-994\" alt=\"IMG_6198\" src=\"https:\/\/webvasco.com\/artigos\/wp-content\/uploads\/2014\/11\/IMG_6198-300x225.jpg\" width=\"300\" height=\"225\" srcset=\"https:\/\/webvasco.com\/artigos\/wp-content\/uploads\/2014\/11\/IMG_6198-300x225.jpg 300w, https:\/\/webvasco.com\/artigos\/wp-content\/uploads\/2014\/11\/IMG_6198-150x112.jpg 150w, https:\/\/webvasco.com\/artigos\/wp-content\/uploads\/2014\/11\/IMG_6198-1024x768.jpg 1024w\" sizes=\"auto, (max-width: 300px) 100vw, 300px\" \/><\/a><\/p>\n<p class=\"wp-caption-text\">\n<\/div>\n<div class=\"wp-caption alignleft\" id=\"attachment_991\" style=\"width: 300px;\">\n<p class=\"wp-caption-text\"><a href=\"https:\/\/webvasco.com\/artigos\/wp-content\/uploads\/2014\/11\/IMG_6209.jpg\"><img loading=\"lazy\" decoding=\"async\" class=\"alignleft size-medium wp-image-996\" alt=\"IMG_6209\" src=\"https:\/\/webvasco.com\/artigos\/wp-content\/uploads\/2014\/11\/IMG_6209-300x225.jpg\" width=\"300\" height=\"225\" srcset=\"https:\/\/webvasco.com\/artigos\/wp-content\/uploads\/2014\/11\/IMG_6209-300x225.jpg 300w, https:\/\/webvasco.com\/artigos\/wp-content\/uploads\/2014\/11\/IMG_6209-150x112.jpg 150w, https:\/\/webvasco.com\/artigos\/wp-content\/uploads\/2014\/11\/IMG_6209-1024x768.jpg 1024w\" sizes=\"auto, (max-width: 300px) 100vw, 300px\" \/><\/a><a href=\"https:\/\/webvasco.com\/artigos\/wp-content\/uploads\/2014\/11\/IMG_6210.jpg\"><img loading=\"lazy\" decoding=\"async\" class=\"alignleft size-medium wp-image-997\" alt=\"IMG_6210\" src=\"https:\/\/webvasco.com\/artigos\/wp-content\/uploads\/2014\/11\/IMG_6210-300x225.jpg\" width=\"300\" height=\"225\" srcset=\"https:\/\/webvasco.com\/artigos\/wp-content\/uploads\/2014\/11\/IMG_6210-300x225.jpg 300w, https:\/\/webvasco.com\/artigos\/wp-content\/uploads\/2014\/11\/IMG_6210-150x112.jpg 150w, https:\/\/webvasco.com\/artigos\/wp-content\/uploads\/2014\/11\/IMG_6210-1024x768.jpg 1024w\" sizes=\"auto, (max-width: 300px) 100vw, 300px\" \/><\/a><\/p>\n<\/div>\n","protected":false},"excerpt":{"rendered":"<p>\u00a0 \u00a0 No \u00faltimo dia 11 de novembro, ter\u00e7a-feira passada, o Vasco da Gama conheceu&#8230;<\/p>\n","protected":false},"author":7,"featured_media":990,"comment_status":"open","ping_status":"closed","sticky":false,"template":"","format":"standard","meta":{"footnotes":""},"categories":[4],"tags":[],"class_list":["post-989","post","type-post","status-publish","format-standard","has-post-thumbnail","hentry","category-luizcarlosrocha"],"_links":{"self":[{"href":"https:\/\/webvasco.com\/artigos\/wp-json\/wp\/v2\/posts\/989","targetHints":{"allow":["GET"]}}],"collection":[{"href":"https:\/\/webvasco.com\/artigos\/wp-json\/wp\/v2\/posts"}],"about":[{"href":"https:\/\/webvasco.com\/artigos\/wp-json\/wp\/v2\/types\/post"}],"author":[{"embeddable":true,"href":"https:\/\/webvasco.com\/artigos\/wp-json\/wp\/v2\/users\/7"}],"replies":[{"embeddable":true,"href":"https:\/\/webvasco.com\/artigos\/wp-json\/wp\/v2\/comments?post=989"}],"version-history":[{"count":3,"href":"https:\/\/webvasco.com\/artigos\/wp-json\/wp\/v2\/posts\/989\/revisions"}],"predecessor-version":[{"id":999,"href":"https:\/\/webvasco.com\/artigos\/wp-json\/wp\/v2\/posts\/989\/revisions\/999"}],"wp:featuredmedia":[{"embeddable":true,"href":"https:\/\/webvasco.com\/artigos\/wp-json\/wp\/v2\/media\/990"}],"wp:attachment":[{"href":"https:\/\/webvasco.com\/artigos\/wp-json\/wp\/v2\/media?parent=989"}],"wp:term":[{"taxonomy":"category","embeddable":true,"href":"https:\/\/webvasco.com\/artigos\/wp-json\/wp\/v2\/categories?post=989"},{"taxonomy":"post_tag","embeddable":true,"href":"https:\/\/webvasco.com\/artigos\/wp-json\/wp\/v2\/tags?post=989"}],"curies":[{"name":"wp","href":"https:\/\/api.w.org\/{rel}","templated":true}]}}