{"id":5,"name":"Andr\u00e9 Pedro","url":"","description":"<b>Andr\u00e9 Pedro<\/b> \u00e9 s\u00f3cio remido do Vasco da Gama com mais de 30 anos de clube, e tamb\u00e9m fundador e editor respons\u00e1vel do portal webvasco.com. Sua forma\u00e7\u00e3o \u00e9 na \u00e1rea de inform\u00e1tica e comanda a empresa Digital Solutions, especializada em solu\u00e7\u00f5es de internet.","link":"https:\/\/webvasco.com\/artigos\/author\/andre-pedro\/","slug":"andre-pedro","avatar_urls":{"24":"https:\/\/secure.gravatar.com\/avatar\/db58435b14a125c4a975155c09671cc0fa8dd716d32a15e7db609779bb682ca0?s=24&d=mm&r=pg","48":"https:\/\/secure.gravatar.com\/avatar\/db58435b14a125c4a975155c09671cc0fa8dd716d32a15e7db609779bb682ca0?s=48&d=mm&r=pg","96":"https:\/\/secure.gravatar.com\/avatar\/db58435b14a125c4a975155c09671cc0fa8dd716d32a15e7db609779bb682ca0?s=96&d=mm&r=pg"},"meta":[],"_links":{"self":[{"href":"https:\/\/webvasco.com\/artigos\/wp-json\/wp\/v2\/users\/5","targetHints":{"allow":["GET"]}}],"collection":[{"href":"https:\/\/webvasco.com\/artigos\/wp-json\/wp\/v2\/users"}]}}