{"id":9,"name":"Marcelo Resende","url":"","description":"Aluno de jornalismo da UERJ. Vasca\u00edno singular, que faz de S\u00e3o Janu\u00e1rio sua segunda casa. A vida me fez Vasco, e eu fiz do Vasco a minha vida: \"Vasco \u00e9 minha vida, minha hist\u00f3ria, meu primeiro amigo\".\r\nMarcelo Resende \u00e9 colunista dos sites http:\/\/canelada.com.br\/vasco e http:\/\/vozesdacolina.com.br. Visite!","link":"https:\/\/webvasco.com\/artigos\/author\/marceloresende\/","slug":"marceloresende","avatar_urls":{"24":"https:\/\/secure.gravatar.com\/avatar\/83ac179e2e522bd216cbc071abf4b63d1659b94f2e86459a6b7f24a884374d76?s=24&d=mm&r=pg","48":"https:\/\/secure.gravatar.com\/avatar\/83ac179e2e522bd216cbc071abf4b63d1659b94f2e86459a6b7f24a884374d76?s=48&d=mm&r=pg","96":"https:\/\/secure.gravatar.com\/avatar\/83ac179e2e522bd216cbc071abf4b63d1659b94f2e86459a6b7f24a884374d76?s=96&d=mm&r=pg"},"meta":[],"_links":{"self":[{"href":"https:\/\/webvasco.com\/artigos\/wp-json\/wp\/v2\/users\/9","targetHints":{"allow":["GET"]}}],"collection":[{"href":"https:\/\/webvasco.com\/artigos\/wp-json\/wp\/v2\/users"}]}}